{"id":81423,"date":"2015-05-13T09:31:23","date_gmt":"2015-05-13T13:31:23","guid":{"rendered":"http:\/\/www.bibula.com\/?p=81423"},"modified":"2015-05-13T09:31:23","modified_gmt":"2015-05-13T13:31:23","slug":"wychodzimy-z-okopow-grzegorz-braun","status":"publish","type":"post","link":"https:\/\/www.bibula.com\/?p=81423","title":{"rendered":"Wychodzimy z okop\u00f3w! &#8211; <em>Grzegorz Braun<\/em>"},"content":{"rendered":"<p>+<br \/> Szcz\u0119\u015b\u0107 Bo\u017ce!<br \/> Szanowni Pa\u0144stwo, Drodzy Przyjaciele,<\/p>\r\n<p>Dzi\u0119kuj\u0119 Wam za wsparcie. Dzi\u0119kuj\u0119 za wszystkie zebrane podpisy i oddane g\u0142osy. Dzi\u0119kuj\u0119 za trud organizacji wielu dziesi\u0105tek spotka\u0144 i kolporta\u017cu setek tysi\u0119cy ulotek. Nota bene: na konto mojego komitetu wyborczego wp\u0142yn\u0119\u0142y 243 tysi\u0105ce z\u0142otych &#8211; wszystkim donatorom: B\u00f3g zap\u0142a\u0107! Dzi\u0119kuj\u0119 realizatorom internetowych transmisji telewizyjnych i radiowych i autorom film\u00f3w rekomenduj\u0105cych moj\u0105 kandydatur\u0119. Przede wszystkim jednak, serdecznie dzi\u0119kuj\u0119 za modlitw\u0119, kt\u00f3rej w naszej kampanii, chwali\u0107 Boga, nie brakowa\u0142o.<\/p>\r\n<p><span class=\"pullquote\"><!-- Odpowiadaj\u0105c na wielokro\u0107 ponawiane w ostatnich dniach pytanie o m\u00f3j udzia\u0142 w drugiej turze wybor\u00f3w [...], wyja\u015bniam, co nast\u0119puje. 1\/ Pozostaj\u0119 niezmiennie krytycznym recenzentem dotychczasowego dorobku mojego Sz. Kontrkandydata, pana Andrzeja Dudy, jak zreszt\u0105 ca\u0142ej jego formacji politycznej. 2\/ 24 maja oddam na\u0144 g\u0142os [...] --><\/span><\/p>\r\n<p>Komunikat Pa\u0144stwowej Komisji Wyborczej przyznaje mi ostatecznie 0,83% g\u0142os\u00f3w &#8211; na takim wi\u0119c poziomie urealnia si\u0119 na razie perspektywa odzyskiwania katolickiego pa\u0144stwa narodu polskiego na \u015bcie\u017cce demokratycznej <img decoding=\"async\" class=\"wp-smiley\" src=\"http:\/\/grzegorzbraun2015.h2.pl\/wp-includes\/images\/smilies\/icon_smile.gif\" alt=\":-)\" \/> Mo\u017cemy oczywi\u015bcie poprawia\u0107 sobie samopoczucie przez por\u00f3wnanie z wynikami innych moich Szanownych Kontrkandydat\u00f3w, kt\u00f3rzy maj\u0105c do dyspozycji zaprawione w bojach aparaty partyjne osi\u0105gn\u0119li znacznie mniej, lub niewiele wi\u0119cej. Ale lepiej b\u0119dzie rachowa\u0107 w\u0142asne si\u0142y na w\u0142asne zamiary.<\/p>\r\n<p>My bowiem istotnie nie walczymy o procenty &#8211; walczymy o dusz\u0119 narodu. Jaki\u017c jej stan ujawni\u0142 si\u0119 w\u0142a\u015bnie? Z jednej strony okaza\u0142o si\u0119, \u017ce zjednoczony front przemilczenia i manipulacji jest szerszy, ni\u017c mo\u017cna bylo przypuszcza\u0107. Od lewa do prawa, od medi\u00f3w jawnie antypolskich i antycywilizacyjnych, po p.o. prawicowych i katolickich &#8211; dominowa\u0142a po prostu cisza w eterze, z rzadka przerywana jawnym k\u0142amstwem i szyderstwem z programu integralnie niepodleg\u0142o\u015bciowego, wolno\u015bciowego i katolickiego.<\/p>\r\n<p>Osobi\u015bcie zaliczam to zreszt\u0105 do pozytyw\u00f3w bilansu tego \u201erozpoznania bojem\u201d, kt\u00f3re wsp\u00f3lnie przeprowadzili\u015bmy: lepiej orientujemy si\u0119 teraz, kto jest kim na polskiej scenie i komu na czym zale\u017cy. To powinno nas ostatecznie uwolni\u0107 od z\u0142udnej nadziei, \u017ce Polsk\u0119 \u201eza\u0142atwi nam\u201d kto\u015b z g\u00f3ry, z Warszawy, albo mo\u017ce jakiej\u015b innej stolicy. Z drugiej strony jednak &#8211; nasze w\u0142asne niedostatki pokaza\u0142y, jak daleka droga dzieli nas od defensywnego \u201epatriotyzmu przetrwania\u201d, do ofensywnego \u201epatriotyzmu dzia\u0142ania\u201d.<\/p>\r\n<p>Nie ma wi\u0119c na co czeka\u0107 &#8211; trzeba wychodzi\u0107 z okop\u00f3w i rusza\u0107 w pole. Bo je\u015bli sami nie obronimy cywilizacji na naszym terytorium &#8211; to ju\u017c teraz wiemy na pewno &#8211; z nik\u0105d nie b\u0119dzie odsieczy. Na d\u0142u\u017csz\u0105 met\u0119 nie mo\u017ce temu zadaniu podo\u0142a\u0107 \u017cadne, cho\u0107by najbardziej entuzjastyczne \u201epospolite ruszenie\u201d. Potrzebni s\u0105 zawodowcy &#8211; sprofesjonalizowane \u201ehufce\u201d, kt\u00f3re prowadzi\u0107 b\u0119d\u0105 systematyczn\u0105 akcj\u0119 \u201eBUDZENIA \u015aPI\u0104CYCH RYCERZY\u201d. Licz\u0105c na Wasz udzia\u0142 w tym w\u0142a\u015bnie dziele zapraszam na stron\u0119: www.pobudka.org<\/p>\r\n<p>Z powa\u017caniem,<br \/> Grzegorz Braun<\/p>\r\n<p>P.S.<br \/> Odpowiadaj\u0105c na wielokro\u0107 ponawiane w ostatnich dniach pytanie o m\u00f3j udzia\u0142 w drugiej turze wybor\u00f3w najwy\u017cszego urz\u0119dnika w pa\u0144stwie, wyja\u015bniam, co nast\u0119puje. 1\/ Pozostaj\u0119 niezmiennie krytycznym recenzentem dotychczasowego dorobku mojego Sz. Kontrkandydata, pana Andrzeja Dudy, jak zreszt\u0105 ca\u0142ej jego formacji politycznej. 2\/ 24 maja oddam na\u0144 g\u0142os, poniewa\u017c nie wyznaj\u0119 zasady \u201eim gorzej, tym lepiej\u201d &#8211; a informuj\u0119 o tym publicznie, poniewa\u017c staram si\u0119 nie by\u0107 hipokryt\u0105. 3\/ Mam nadziej\u0119, \u017ce m\u00f3j Sz. Kontrkandydat pozostanie przynajmniej w jakiej\u015b mierze zak\u0142adnikiem w\u0142asnych s\u0142\u00f3w o potrzebie obrony wolno\u015bci, w\u0142asno\u015bci i godno\u015bci Polak\u00f3w &#8211; tych deklaracji, kt\u00f3re cho\u0107 dalekie od jednoznaczno\u015bci, daj\u0105 nam jednak mo\u017cliwo\u015b\u0107 \u201e\u0142apania go za s\u0142owo\u201d w sprawach fundamentalnie istotnych: obrony \u017cycia, obrony ziemi, obrony suwerenno\u015bci (tak\u017ce np. walutowej) narodu polskiego. I z tego prosz\u0119 go w przysz\u0142o\u015bci skrz\u0119tnie rozlicza\u0107.<br \/> G.B.<\/p>\r\n<p>Wilan\u00f3w, 12 maja A.D. 2015<\/p>","protected":false},"excerpt":{"rendered":"+ Szcz\u0119\u015b\u0107 Bo\u017ce! Szanowni Pa\u0144stwo, Drodzy Przyjaciele, Dzi\u0119kuj\u0119 Wam za wsparcie. Dzi\u0119kuj\u0119 za wszystkie zebrane podpisy i oddane g\u0142osy. Dzi\u0119kuj\u0119 za trud organizacji wielu dziesi\u0105tek spotka\u0144 i kolporta\u017cu setek tysi\u0119cy ulotek. Nota bene: na konto mojego komitetu wyborczego wp\u0142yn\u0119\u0142y 243 tysi\u0105ce z\u0142otych &#8211; wszystkim donatorom: B\u00f3g zap\u0142a\u0107! Dzi\u0119kuj\u0119 realizatorom internetowych transmisji telewizyjnych i radiowych i [&hellip;]","protected":false},"author":1,"featured_media":0,"comment_status":"closed","ping_status":"closed","sticky":false,"template":"","format":"standard","meta":{"_acf_changed":false,"_monsterinsights_skip_tracking":false,"_monsterinsights_sitenote_active":false,"_monsterinsights_sitenote_note":"","_monsterinsights_sitenote_category":0,"ngg_post_thumbnail":0,"footnotes":"","_wp_rev_ctl_limit":""},"categories":[8],"tags":[344,92],"acf":[],"_links":{"self":[{"href":"https:\/\/www.bibula.com\/index.php?rest_route=\/wp\/v2\/posts\/81423"}],"collection":[{"href":"https:\/\/www.bibula.com\/index.php?rest_route=\/wp\/v2\/posts"}],"about":[{"href":"https:\/\/www.bibula.com\/index.php?rest_route=\/wp\/v2\/types\/post"}],"author":[{"embeddable":true,"href":"https:\/\/www.bibula.com\/index.php?rest_route=\/wp\/v2\/users\/1"}],"replies":[{"embeddable":true,"href":"https:\/\/www.bibula.com\/index.php?rest_route=%2Fwp%2Fv2%2Fcomments&post=81423"}],"version-history":[{"count":0,"href":"https:\/\/www.bibula.com\/index.php?rest_route=\/wp\/v2\/posts\/81423\/revisions"}],"wp:attachment":[{"href":"https:\/\/www.bibula.com\/index.php?rest_route=%2Fwp%2Fv2%2Fmedia&parent=81423"}],"wp:term":[{"taxonomy":"category","embeddable":true,"href":"https:\/\/www.bibula.com\/index.php?rest_route=%2Fwp%2Fv2%2Fcategories&post=81423"},{"taxonomy":"post_tag","embeddable":true,"href":"https:\/\/www.bibula.com\/index.php?rest_route=%2Fwp%2Fv2%2Ftags&post=81423"}],"curies":[{"name":"wp","href":"https:\/\/api.w.org\/{rel}","templated":true}]}}