{"id":81405,"date":"2015-05-09T11:02:36","date_gmt":"2015-05-09T15:02:36","guid":{"rendered":"http:\/\/www.bibula.com\/?p=81405"},"modified":"2015-05-11T13:21:29","modified_gmt":"2015-05-11T17:21:29","slug":"slowo-zydzi-w-mediach-publicznych-zakazane-po-polskim-radiu-teraz-tvp-cenzuruje-brauna","status":"publish","type":"post","link":"https:\/\/www.bibula.com\/?p=81405","title":{"rendered":"S\u0142owo \u201e\u017bydzi&#8221; w mediach publicznych zakazane. Po Polskim Radiu teraz TVP cenzuruje Brauna"},"content":{"rendered":"<p><strong>Grzegorz Braun nie przestaje wywo\u0142ywa\u0107 pop\u0142ochu w mediach publicznych. Dziennikarze tych stacji zapraszaj\u0105 go w trakcie kampanii wyborczej niejako z przymusu &#8211; wszak jest kandydatem na prezydenta, a media publiczne musz\u0105 takich prezentowa\u0107. Jednak to, co si\u0119 w s\u0142owach Brauna nie podoba, jest przez redakcj\u0119 skrz\u0119tnie ukrywane. Na przyk\u0142ad s\u0142owo \u201e\u017bydzi\u201d.<\/strong><\/p>\r\n<p>Kandyduj\u0105cy na urz\u0105d prezydenta re\u017cyser go\u015bci\u0142 w czwartek w programie \u201eDzi\u015b wieczorem\u201d w TVP INFO. Po raz kolejny powt\u00f3rzy\u0142 sw\u0105 g\u0142oszon\u0105 od wielu miesi\u0119cy tez\u0119, \u017ce \u201ena terenie Polski realizowany jest scenariusz kondominium rosyjsko-niemieckiego pod \u017cydowskim zarz\u0105dem powierniczym\u201d. Prowadz\u0105cy program Krzysztof Ziemiec najwyra\u017aniej wiedzia\u0142, co Braun ma do powiedzenia, i gdy tylko z ust kandydata pad\u0142y s\u0142owa \u201ekondominium rosyjsko-niemieckie\u201d, dziennikarz pr\u00f3bowa\u0142 mu przerwa\u0107. To nie pomog\u0142o, Braun doko\u0144czy\u0142 kwesti\u0119.<\/p>\r\n<p>Ale realizator programu te\u017c najpewniej\u00a0by\u0142uprzedzony, \u017ce takie s\u0142owa mog\u0105 pa\u015b\u0107 tego wieczoru na antenie. Na pasku, pod wypowiedzi\u0105 kandydata, jego s\u0142owa ocenzurowano! Realizatorzy programu stwierdzili, \u017ce Braun, owszem, m\u00f3wi\u0142 o kondominium rosyjsko-niemieckim, ale nic wi\u0119cej.<\/p>\r\n<p>Po sieci kr\u0105\u017cy ju\u017c nawet &#8222;demotywator&#8221; zwi\u0105zany z tym wydarzeniem:<\/p>\r\n<p><img fetchpriority=\"high\" decoding=\"async\" title=\"grzegorz braun\" src=\"http:\/\/www.pch24.pl\/public\/upload\/image\/grzegorz_braun_demotywatory.jpg\" alt=\"\" width=\"600\" height=\"464\" \/><\/p>\r\n<p>Dwa tygodnie temu Grzegorz Braun go\u015bci\u0142 w Polskim Radiu. Na stronie \u201eTr\u00f3jki\u201d, gdzie mo\u017cna odnale\u017a\u0107 nagranie ca\u0142o\u015bci rozmowy z Grzegorzem Braunem, odnajdziemy niepe\u0142ny cytaz ze s\u0142\u00f3w go\u015bcia \u201eWyborczego salonu politycznego Tr\u00f3jki\u201d. Jaki s\u0142\u00f3w brakuje? Oczywi\u015bcie s\u0142\u00f3w: \u201epod \u017cydowskim nadzorem powierniczym\u201d.<\/p>\r\n<p>Braun cz\u0119sto m\u00f3wi r\u00f3wnie\u017c w mediach o \u201e\u017cydowskich roszczeniach\u201d wobec Polski, opowiada\u0142 o nich tak\u017ce Ziemcowi. Przypomina\u0142, \u017ce TVP nie informowa\u0142a nigdy o tym, \u017ce rz\u0105d Izraela jak i organizacje \u017cydowskie z innych pa\u0144stw \u017c\u0105daj\u0105 od Polski zwrotu mienia zagrabionego przez Niemc\u00f3w i komunist\u00f3w kilkadziesi\u0105t lat temu.\u00a0Jak wyja\u015bnia\u0142, jest za prawem w\u0142asno\u015bci i prawem do dziedziczenia, \u00a0ale przez rodziny lub spadkobierc\u00f3w, a nie poprzez powo\u0142ywanie si\u0119 na zasady \u201eprawa plemiennego\u201d.<\/p>\r\n<p>W opisie wyst\u0119pu Brauna w TVP INFO na stronach internetowych tej stacji, kwestii roszcze\u0144 finansowych wobec Polski nie poruszono.<\/p>\r\n<p>kra<\/p>\r\n<p class=\"zrodlo\">Za: <a href=\"http:\/\/www.pch24.pl\/slowo-zydzi-w-mediach-publicznych-zakazane--po-polskim-radiu-teraz-tvp-cenzuruje-brauna,35609,i.html\">PoloniaChristiana &#8211; pch24.pl (2015-05-08)<\/a><\/p>\r\n<hr style=\"background-color: #000000; border-width: 0; color: #000000; height: 2px; line-height: 0; text-align: center; width: 100%;\" \/>\r\n<h2>Wyst\u0105pienie Grzegorza Brauna w czwartek, 7 maja w TVP Info (16 minut)<\/h2>\r\n<p><span style=\"text-decoration: underline;\"><a href=\"http:\/\/vod.tvp.pl\/audycje\/publicystyka\/dzis-wieczorem\/wideo\/07052015-1957\/19695723\">http:\/\/vod.tvp.pl\/audycje\/publicystyka\/dzis-wieczorem\/wideo\/07052015-1957\/19695723<\/a><\/span><\/p>\r\n<hr style=\"background-color: #000000; border-width: 0; color: #000000; height: 2px; line-height: 0; text-align: center; width: 100%;\" \/>\r\n<h2>Portal Lisa zn\u00f3w oburzony: \u201edzi\u0119ki debacie TVP Grzegorza Brauna s\u0142ucha\u0142y miliony&#8221;<\/h2>\r\n<p><strong>Lewacki portal naTemat.pl po raz kolejny zapia\u0142 z oburzenia z powodu wyst\u0119pu Grzegorza Brauna w mediach. Nie chodzi\u0142o nawet o dyskusj\u0119 z kandydatem na prezydenta, ale o sam fakt dopuszczenia re\u017cysera do mikrofon\u00f3w TVP, kt\u00f3ra &#8211; jako nadawca publiczny &#8211; ma obowi\u0105zek udziela\u0142 g\u0142osu wszystkim kandydatom na urz\u0105d prezydenta.<\/strong><\/p>\r\n<p>&#8211; <em>Debata kandydat\u00f3w na prezydenta by\u0142a pierwsz\u0105 (i jedyn\u0105) okazj\u0105 do zaprezentowania si\u0119 szerokiej publice tak ksi\u0119\u017cycowym kandydatom jak Grzegorz Braun, Marian Kowalski czy Pawe\u0142 Tanajno. Dzi\u0119ki temu nawet 4,5 mln ludzi us\u0142ysza\u0142o m.in. \u017ce b\u0119dziemy &#8222;rosyjsko-niemieckim kondominium pod \u017cydowskim nadzorem&#8221; i \u017ce niszczy nas lichwiarska mi\u0119dzynarod\u00f3wka<\/em> &#8211; ubolewa portal Tomasza Lisa.<\/p>\r\n<p>Dziennikarz tego portalu, Kamil Sikora, nie sili si\u0119 nawet na g\u0142oszon\u0105 na jego portalu zasad\u0119 tolerancji dla innych przekona\u0144. Pisze natomiast, \u017ce \u201ew sonda\u017cach przedwyborczych Grzegorz Braun jest tam, gdzie g\u0142oszone przez niego pogl\u0105dy: w g\u0142\u0119bokim niebycie. Jako \u017ce ekspozycja kandydat\u00f3w w mediach jest pochodn\u0105 ich poparcia kandydat na prezydenta nie mo\u017ce liczy\u0107 na zbyt szeroki dost\u0119p do publiczno\u015bci. Wyj\u0105tkiem by\u0142a debata prezydencka zorganizowana przez TVP\u201d.<\/p>\r\n<p>Co wi\u0119cej, Sikor\u0119 oburzy\u0142o, i\u017c Braun \u201em\u00f3g\u0142 w spos\u00f3b nieskr\u0119powany prezentowa\u0107 swoje credo\u201d. Jak podsumowa\u0142 ten przera\u017caj\u0105cy fakt portal naTemat? \u201eTo &#8211; cho\u0107 mamy wolno\u015b\u0107 s\u0142owa &#8211; nie mie\u015bci si\u0119 w granicach cywilizowanego dyskursu politycznego\u201d. Czy\u017cby Kamil Sikora sugerowa\u0142, \u017ce o tym, co mie\u015bcie si\u0119 w owych granicach, decyduje on i jego szefowie?<\/p>\r\n<p>Dlaczego dopuszczanie Brauna do g\u0142osu przestraszy\u0142o salon? Dziennikarz portalu Tomasza Lisa wyja\u015bnia to wprost: \u201eO ile opinia publiczna uodporni\u0142a si\u0119 na kolejne skandaliczne wypowiedzi Janusza Korwin-Mikkego, o tyle to, co m\u00f3wi Grzegorz Braun jest nowe i szokuj\u0105ce\u201d.<\/p>\r\n<p>\u0179r\u00f3d\u0142o: natemat.pl<\/p>\r\n<p>kra<\/p>\r\n<p class=\"zrodlo\">Za: <a href=\"http:\/\/www.pch24.pl\/portal-lisa-znow-oburzony--dzieki-debacie-tvp-grzegorza-brauna-sluchaly-miliony,35582,i.html\">PoloniaChristiana &#8211; pch24.pl (2015-05-07)<\/a><\/p>","protected":false},"excerpt":{"rendered":"Grzegorz Braun nie przestaje wywo\u0142ywa\u0107 pop\u0142ochu w mediach publicznych. Dziennikarze tych stacji zapraszaj\u0105 go w trakcie kampanii wyborczej niejako z przymusu &#8211; wszak jest kandydatem na prezydenta, a media publiczne musz\u0105 takich prezentowa\u0107. Jednak to, co si\u0119 w s\u0142owach Brauna nie podoba, jest przez redakcj\u0119 skrz\u0119tnie ukrywane. Na przyk\u0142ad s\u0142owo \u201e\u017bydzi\u201d. Kandyduj\u0105cy na urz\u0105d prezydenta [&hellip;]","protected":false},"author":1,"featured_media":0,"comment_status":"closed","ping_status":"closed","sticky":false,"template":"","format":"standard","meta":{"_acf_changed":false,"_monsterinsights_skip_tracking":false,"_monsterinsights_sitenote_active":false,"_monsterinsights_sitenote_note":"","_monsterinsights_sitenote_category":0,"ngg_post_thumbnail":0,"footnotes":"","_wp_rev_ctl_limit":""},"categories":[8],"tags":[16,147,344,92,53,159],"acf":[],"_links":{"self":[{"href":"https:\/\/www.bibula.com\/index.php?rest_route=\/wp\/v2\/posts\/81405"}],"collection":[{"href":"https:\/\/www.bibula.com\/index.php?rest_route=\/wp\/v2\/posts"}],"about":[{"href":"https:\/\/www.bibula.com\/index.php?rest_route=\/wp\/v2\/types\/post"}],"author":[{"embeddable":true,"href":"https:\/\/www.bibula.com\/index.php?rest_route=\/wp\/v2\/users\/1"}],"replies":[{"embeddable":true,"href":"https:\/\/www.bibula.com\/index.php?rest_route=%2Fwp%2Fv2%2Fcomments&post=81405"}],"version-history":[{"count":0,"href":"https:\/\/www.bibula.com\/index.php?rest_route=\/wp\/v2\/posts\/81405\/revisions"}],"wp:attachment":[{"href":"https:\/\/www.bibula.com\/index.php?rest_route=%2Fwp%2Fv2%2Fmedia&parent=81405"}],"wp:term":[{"taxonomy":"category","embeddable":true,"href":"https:\/\/www.bibula.com\/index.php?rest_route=%2Fwp%2Fv2%2Fcategories&post=81405"},{"taxonomy":"post_tag","embeddable":true,"href":"https:\/\/www.bibula.com\/index.php?rest_route=%2Fwp%2Fv2%2Ftags&post=81405"}],"curies":[{"name":"wp","href":"https:\/\/api.w.org\/{rel}","templated":true}]}}