{"id":81388,"date":"2015-05-11T08:59:22","date_gmt":"2015-05-11T12:59:22","guid":{"rendered":"http:\/\/www.bibula.com\/?p=81388"},"modified":"2015-05-11T14:14:21","modified_gmt":"2015-05-11T18:14:21","slug":"gdyby-wybory-odbyly-sie-tylko-w-opolskiem-kukiz-bylby-w-drugiej-turze-gdyby-w-toronto-braun","status":"publish","type":"post","link":"https:\/\/www.bibula.com\/?p=81388","title":{"rendered":"Gdyby wybory odby\u0142y si\u0119 tylko w Opolskiem \u2013 Kukiz by\u0142by w drugiej turze. Gdyby w Toronto \u2013 Braun"},"content":{"rendered":"<p><strong>Niezwykle ciekawe s\u0105 wyniki wybor\u00f3w prezydenckich w poszczeg\u00f3lnych regionach. Potwierdza si\u0119, \u017ce mieszkaj\u0105cy za oceanem Polacy s\u0105 znacznie bardziej konserwatywni od emigrant\u00f3w \u017cyj\u0105cych w pa\u0144stwach europejskich. Polska za\u015b &#8211; jak zd\u0105\u017cyli\u015bmy ju\u017c do tego przywykn\u0105\u0107 &#8211; podzieli\u0142a si\u0119 w swych wyborach na p\u00f3\u0142.<\/strong><\/p>\r\n<p>Prezydent Bronis\u0142aw Komorowski zwyci\u0119\u017cy\u0142 w dziewi\u0119ciu wojew\u00f3dztwach, Andrzej Duda w o\u015bmiu, ale za to bardziej zdecydowanie. Zachodnie wojew\u00f3dztwa pozostaj\u0105 wierne PO &#8211; wsch\u00f3d i centrum g\u0142osowa\u0142o na kandydata PiS.<\/p>\r\n<p>Co ciekawe, gdyby wybory odby\u0142y si\u0119 tylko w wojew\u00f3dztwie Opolskim, w drugiej turze z obecnym prezydentem (Komorowski dosta\u0142 tam niemal 42 proc. g\u0142os\u00f3w), zmierzy\u0142by si\u0119 nie Andrzej Duda (zaledwie 19,8 proc.) ale Pawe\u0142 Kukiz. Popularny muzyk otrzyma\u0142 w swym mateczniku a\u017c 26,3 proc. g\u0142os\u00f3w.<\/p>\r\n<p>Powoli sp\u0142ywaj\u0105 wyniki wybor\u00f3w z zagranicy. W USA i Kanadzie triumfowa\u0142 Andrzej Duda, tylko w niekt\u00f3rych okr\u0119gach nie osi\u0105gn\u0105\u0142 ponad 50 proc. g\u0142os\u00f3w. Tak by\u0142o m.in. w okr\u0119gu Toronto, gdzie 10 proc. g\u0142os\u00f3w otrzyma\u0142 Grzegorz Braun &#8211; kt\u00f3ry rozpocz\u0105\u0142 kampani\u0119 wyborcz\u0105 w\u0142a\u015bnie przez tourn\u00c3\u00a9e po Ameryce P\u00f3\u0142nocnej.<\/p>\r\n<p>Wiadomo ju\u017c te\u017c, \u017ce Bronis\u0142aw Komorowski zaj\u0105\u0142 pierwsze miejsce w\u015br\u00f3d Polak\u00f3w g\u0142osuj\u0105cych na Bia\u0142orusi. Oddano na niego 96 spo\u015br\u00f3d 211 g\u0142os\u00f3w &#8211; wynika z danych uzyskanych z komisji wyborczych.<\/p>\r\n<p>\u0179r\u00f3d\u0142o: TVP INFO, niezalezna.pl<\/p>\r\n<p>kra<\/p>\r\n<p class=\"zrodlo\">Za: <a href=\"http:\/\/www.pch24.pl\/gdyby-wybory-odbyly-sie-tylko-w-opolskiem---kukiz-bylby-w-drugiej-turze--gdyby-w-toronto---braun,35646,i.html\">PoloniaChristiana &#8211; pch24.pl (2015-05-11)<\/a><\/p>\r\n<hr style=\"background-color: #000000; border-width: 0; color: #000000; height: 2px; line-height: 0; text-align: center; width: 100%;\" \/>\r\n<h2>Grzegorz Braun na pi\u0105tym miejscu w\u015br\u00f3d m\u0142odych wyborc\u00f3w. \u201ePolacy budz\u0105 si\u0119 ze snu\u201d<\/h2>\r\n<p><strong>Grzegorz Braun podsumowa\u0142 sw\u00f3j udzia\u0142 w wyborach. Podzi\u0119kowa\u0142 za g\u0142osy i zauwa\u017cy\u0142, \u017ce \u201eRodacy budz\u0105 si\u0119 z d\u0142ugiego snu\u201d.<\/strong><\/p>\r\n<p>\u201eDzi\u0119kuj\u0119 Kochani za g\u0142osy. Jak widzimy, w naszej kochanej Ojczy\u017anie, nasi Rodacy budz\u0105 si\u0119 z d\u0142ugiego snu. To pocz\u0105tek zmian. Pocz\u0105tek dobrych zmian. Trend jest pro Polski. Szcz\u0119\u015b\u0107 Bo\u017ce dla nas i dla naszej Ojczyzny\u201d &#8211; tymi s\u0142owami Grzegorz Braun zako\u0144czy\u0142 na Facebooku przygod\u0119 z wyborami prezydenckimi 2015 r.<\/p>\r\n<p>W rozmowie z Agnieszk\u0105 Piwar po og\u0142oszeniu wybor\u00f3w, Grzegorz Braun przyzna\u0142, \u017ce najwi\u0119kszym sukcesem w jego kampanii wyborczej jest odczarowanie kilku hase\u0142, kt\u00f3re do tej pory nie mia\u0142y prawa pojawia\u0107 si\u0119 w obiegu publicznym, mimo i\u017c \u201eembargo informacyjne pozosta\u0142o bardzo szczelne\u201d.\u00a0<\/p>\r\n<p>Grzegorz Braun otrzyma\u0142 1,1 proc. g\u0142os\u00f3w. Przy frekwencji oscyluj\u0105cej wok\u00f3\u0142 50 proc. oznacza to, \u017ce kandydata tego popar\u0142o ponad 150 tys. ludzi.<\/p>\r\n<p>Co ciekawe, w\u015br\u00f3d najm\u0142odszych wyborc\u00f3w &#8211; jak wynika z bada\u0144 sonda\u017cowych &#8211; Grzegorz Braun otrzyma\u0142 pi\u0105ty wynik &#8211; po Pawle Kukizie, Korwinie-Mikke, Andrzeju Dudzie i Bronis\u0142awie Komorowskim. Wed\u0142ug danych publikowanych przez TVP INFO w\u015br\u00f3d uczni\u00f3w, student\u00f3w i ludzi m\u0142odych mia\u0142o poprze\u0107 go 2,8 proc. g\u0142osuj\u0105cych.<\/p>\r\n<p>kra<\/p>\r\n<p class=\"zrodlo\">Za: <a href=\"http:\/\/www.pch24.pl\/grzegorz-braun-na-piatym-miejscu-wsrod-mlodych-wyborcow--polacy-budza-sie-ze-snu,35638,i.html\">PoloniaChristiana &#8211; pch24.pl (2015-05-11)<\/a><\/p>\r\n<hr style=\"background-color: #000000; border-width: 0; color: #000000; height: 2px; line-height: 0; text-align: center; width: 100%;\" \/>\r\n<h2>Zestawienie telewizyjnego czasu antenowego kandydat\u00f3w na Prezydenta RP<\/h2>\r\n<p>Tabela powsta\u0142a na podstawie zestawienia czasu wyst\u0105pie\u0144 przedstawicieli w\u0142adz pa\u0144stwowych (rz\u0105d, prezydent), partii politycznych, zwi\u0105zk\u00f3w zawodowych i zwi\u0105zk\u00f3w pracodawc\u00f3w w programach og\u00f3lnopolskich TVP S.A w audycjach publicystycznych i informacyjnych w roku 2015. (\u0179r\u00f3d\u0142o: <a href=\"http:\/\/centruminformacji.tvp.pl\/18918901\/politycy-w-tvp-2015-r\">CentrumInformacjiTVP.pl<\/a>)<\/p>\r\n<table class=\"outsetborder\" style=\"height: 870px;\" width=\"600\">\r\n<tbody>\r\n<tr>\r\n<td width=\"154\">\r\n<p><strong>Kandydaci w TVP Info<\/strong><\/p>\r\n<\/td>\r\n<td width=\"154\">\r\n<p><strong>Marzec<\/strong><\/p>\r\n<\/td>\r\n<td width=\"154\">\r\n<p><strong>Kwiecie\u0144 (do 3 maja)<\/strong><\/p>\r\n<\/td>\r\n<td width=\"154\">\r\n<p><strong>Razem<\/strong><\/p>\r\n<\/td>\r\n<\/tr>\r\n<tr>\r\n<td width=\"154\">\r\n<p>Bronis\u0142aw Komorowski (jako kandydat)<\/p>\r\n<\/td>\r\n<td width=\"154\">\r\n<p>03:15:57<\/p>\r\n<\/td>\r\n<td width=\"154\">\r\n<p>05:08:01<\/p>\r\n<\/td>\r\n<td width=\"154\">\r\n<p>8 godz. 23 min. 58 sek.<\/p>\r\n<\/td>\r\n<\/tr>\r\n<tr>\r\n<td width=\"154\">\r\n<p>Bronis\u0142aw Komorowski (jako Prezydent)<\/p>\r\n<\/td>\r\n<td width=\"154\">\r\n<p>03:12:56<\/p>\r\n<\/td>\r\n<td width=\"154\">\r\n<p>00:33:13<\/p>\r\n<\/td>\r\n<td width=\"154\">\r\n<p>3 godz. 46 min. 9 sek.<\/p>\r\n<\/td>\r\n<\/tr>\r\n<tr>\r\n<td width=\"154\">\r\n<p>Janusz Palikot<\/p>\r\n<\/td>\r\n<td width=\"154\">\r\n<p>01:17:49<\/p>\r\n<\/td>\r\n<td width=\"154\">\r\n<p>01:07:50<\/p>\r\n<\/td>\r\n<td width=\"154\">\r\n<p>2 godz. 25 min. 39 sek.<\/p>\r\n<\/td>\r\n<\/tr>\r\n<tr>\r\n<td width=\"154\">\r\n<p>Adam Jarubas<\/p>\r\n<\/td>\r\n<td width=\"154\">\r\n<p>01:30:33<\/p>\r\n<\/td>\r\n<td width=\"154\">\r\n<p>01:33:04<\/p>\r\n<\/td>\r\n<td width=\"154\">\r\n<p>2 godz. 23 min. 37 sek.<\/p>\r\n<\/td>\r\n<\/tr>\r\n<tr>\r\n<td width=\"154\">\r\n<p>Magdalena Og\u00f3rek<\/p>\r\n<\/td>\r\n<td width=\"154\">\r\n<p>00:59:44<\/p>\r\n<\/td>\r\n<td width=\"154\">\r\n<p>0:47:47<\/p>\r\n<\/td>\r\n<td width=\"154\">\r\n<p>1 godz. 47 min. 31 sek.<\/p>\r\n<\/td>\r\n<\/tr>\r\n<tr>\r\n<td width=\"154\">\r\n<p>Andrzej Duda<\/p>\r\n<\/td>\r\n<td width=\"154\">\r\n<p>00:22:20<\/p>\r\n<\/td>\r\n<td width=\"154\">\r\n<p>00:59:29<\/p>\r\n<\/td>\r\n<td width=\"154\">\r\n<p>1 godz. 21 min. 48 sek.<\/p>\r\n<\/td>\r\n<\/tr>\r\n<tr>\r\n<td width=\"154\">\r\n<p>Pawe\u0142 Kukiz<\/p>\r\n<\/td>\r\n<td width=\"154\">\r\n<p>00:19:25<\/p>\r\n<\/td>\r\n<td width=\"154\">\r\n<p>00:35:58<\/p>\r\n<\/td>\r\n<td width=\"154\">\r\n<p>55 min. 23 sek.<\/p>\r\n<\/td>\r\n<\/tr>\r\n<tr>\r\n<td width=\"154\">\r\n<p>Jacek Wilk<\/p>\r\n<\/td>\r\n<td width=\"154\">\r\n<p>00:01:27<\/p>\r\n<\/td>\r\n<td width=\"154\">\r\n<p>00:53:00<\/p>\r\n<\/td>\r\n<td width=\"154\">\r\n<p>54 min. 27 sek.<\/p>\r\n<\/td>\r\n<\/tr>\r\n<tr>\r\n<td width=\"154\">\r\n<p>Marian Kowalski<\/p>\r\n<\/td>\r\n<td width=\"154\">\r\n<p>00:00:14<\/p>\r\n<\/td>\r\n<td width=\"154\">\r\n<p>00:40:35<\/p>\r\n<\/td>\r\n<td width=\"154\">\r\n<p>40 min. 49 sek.<\/p>\r\n<\/td>\r\n<\/tr>\r\n<tr>\r\n<td width=\"154\">\r\n<p>Janusz Korwin-Mikke<\/p>\r\n<\/td>\r\n<td width=\"154\">\r\n<p>00:07:17<\/p>\r\n<\/td>\r\n<td width=\"154\">\r\n<p>00:29:50<\/p>\r\n<\/td>\r\n<td width=\"154\">\r\n<p>37 min. 7 sek.<\/p>\r\n<\/td>\r\n<\/tr>\r\n<tr>\r\n<td width=\"154\">\r\n<p>Pawe\u0142 Tanajno<\/p>\r\n<\/td>\r\n<td width=\"154\">\r\n<p>00:00:00<\/p>\r\n<\/td>\r\n<td width=\"154\">\r\n<p>00:05:26<\/p>\r\n<\/td>\r\n<td width=\"154\">\r\n<p>5 min. 26 sek.<\/p>\r\n<\/td>\r\n<\/tr>\r\n<tr>\r\n<td width=\"154\">\r\n<p><strong>Grzegorz Braun<\/strong><\/p>\r\n<\/td>\r\n<td width=\"154\">\r\n<p><strong>00:00:00<\/strong><\/p>\r\n<\/td>\r\n<td width=\"154\">\r\n<p><strong>00:00:00<\/strong><\/p>\r\n<\/td>\r\n<td width=\"154\">\r\n<p><strong>00:00:00<\/strong><\/p>\r\n<\/td>\r\n<\/tr>\r\n<\/tbody>\r\n<\/table>\r\n<p class=\"zrodlo\">\u0179r\u00f3d\u0142o tabeli: <a href=\"http:\/\/dakowski.pl\/\/index.php?option=com_content&amp;task=view&amp;id=15444&amp;Itemid=100\">Strona prof. Miros\u0142awa Dakowskiego (11.05.2015)<\/a><\/p>\r\n<hr style=\"background-color: #000000; border-width: 0; color: #000000; height: 2px; line-height: 0; text-align: center; width: 100%;\" \/>\r\n<h2>GRZEGORZ BRAUN w TVP INFO tu\u017c przed cisz\u0105 wyborcz\u0105<\/h2>\r\n<p><iframe src=\"http:\/\/gloria.tv\/embed\/frame\/media\/7B86aMN5e1a\/width\/600\/height\/329\" width=\"600\" height=\"329\" frameborder=\"0\" scrolling=\"no\" allowfullscreen=\"allowfullscreen\"><\/iframe><\/p>\r\n<p>\u0179r\u00f3d\u0142o: <a href=\"http:\/\/gloria.tv\/media\/7B86aMN5e1a\">Gloria.tv<\/a><\/p>","protected":false},"excerpt":{"rendered":"Niezwykle ciekawe s\u0105 wyniki wybor\u00f3w prezydenckich w poszczeg\u00f3lnych regionach. Potwierdza si\u0119, \u017ce mieszkaj\u0105cy za oceanem Polacy s\u0105 znacznie bardziej konserwatywni od emigrant\u00f3w \u017cyj\u0105cych w pa\u0144stwach europejskich. Polska za\u015b &#8211; jak zd\u0105\u017cyli\u015bmy ju\u017c do tego przywykn\u0105\u0107 &#8211; podzieli\u0142a si\u0119 w swych wyborach na p\u00f3\u0142. Prezydent Bronis\u0142aw Komorowski zwyci\u0119\u017cy\u0142 w dziewi\u0119ciu wojew\u00f3dztwach, Andrzej Duda w o\u015bmiu, ale [&hellip;]","protected":false},"author":1,"featured_media":0,"comment_status":"closed","ping_status":"closed","sticky":false,"template":"","format":"standard","meta":{"_acf_changed":false,"_monsterinsights_skip_tracking":false,"_monsterinsights_sitenote_active":false,"_monsterinsights_sitenote_note":"","_monsterinsights_sitenote_category":0,"ngg_post_thumbnail":0,"footnotes":"","_wp_rev_ctl_limit":""},"categories":[8],"tags":[147,344,92],"acf":[],"_links":{"self":[{"href":"https:\/\/www.bibula.com\/index.php?rest_route=\/wp\/v2\/posts\/81388"}],"collection":[{"href":"https:\/\/www.bibula.com\/index.php?rest_route=\/wp\/v2\/posts"}],"about":[{"href":"https:\/\/www.bibula.com\/index.php?rest_route=\/wp\/v2\/types\/post"}],"author":[{"embeddable":true,"href":"https:\/\/www.bibula.com\/index.php?rest_route=\/wp\/v2\/users\/1"}],"replies":[{"embeddable":true,"href":"https:\/\/www.bibula.com\/index.php?rest_route=%2Fwp%2Fv2%2Fcomments&post=81388"}],"version-history":[{"count":0,"href":"https:\/\/www.bibula.com\/index.php?rest_route=\/wp\/v2\/posts\/81388\/revisions"}],"wp:attachment":[{"href":"https:\/\/www.bibula.com\/index.php?rest_route=%2Fwp%2Fv2%2Fmedia&parent=81388"}],"wp:term":[{"taxonomy":"category","embeddable":true,"href":"https:\/\/www.bibula.com\/index.php?rest_route=%2Fwp%2Fv2%2Fcategories&post=81388"},{"taxonomy":"post_tag","embeddable":true,"href":"https:\/\/www.bibula.com\/index.php?rest_route=%2Fwp%2Fv2%2Ftags&post=81388"}],"curies":[{"name":"wp","href":"https:\/\/api.w.org\/{rel}","templated":true}]}}