{"id":81371,"date":"2015-05-05T01:56:42","date_gmt":"2015-05-05T05:56:42","guid":{"rendered":"http:\/\/www.bibula.com\/?p=81371"},"modified":"2015-05-05T01:56:42","modified_gmt":"2015-05-05T05:56:42","slug":"grzegorz-braun-ofiara-nagonki-mediow-koncesjonowanej-opozycji","status":"publish","type":"post","link":"https:\/\/www.bibula.com\/?p=81371","title":{"rendered":"Grzegorz Braun ofiar\u0105 nagonki medi\u00f3w koncesjonowanej opozycji"},"content":{"rendered":"<p>Grzegorz Braun, jeden z prawicowych kandydat\u00f3w na prezydenta Polski, na zwo\u0142anej w siedzibie Stowarzyszenia Dziennikarzy Polskich w Warszawie konferencji prasowej ustosunkowa\u0142 si\u0119 do nagonki na swoj\u0105 osob\u0119, oraz na osoby wsp\u00f3\u0142tworz\u0105ce jego sztab i maj\u0105ce zwi\u0105zki z Rajdem Katy\u0144skim, ze strony medi\u00f3w koncesjonowanej opozycji. Na \u0142amach portali i pism, medi\u00f3w lojalnych wobec PiS, ten znany z antykomunistycznych film\u00f3w dokumentalnych re\u017cyser kreowany jest na wielbiciela komunizmu i Putina, oraz agenta rosyjskiego.<\/p>\r\n<p>Zdaniem Grzegorza Brauna nagonka taka spowodowana jest tym, w trakcie swojej kampanii wyborczej ukazuje ponure realia braku bezpiecze\u0144stwa wewn\u0119trznego i zewn\u0119trznego. Taki proces u\u015bwiadamiania ludzi ma zagra\u017ca\u0107, zdaniem kandydata, interesom wrog\u00f3w Polski. Zdaniem Grzegorza Bruna tylko suwerenno\u015b\u0107 i w\u0142asna si\u0142a zapewni Polakom bezpiecze\u0144stwo. Zdaniem kandydata bycie wasalem Rosji, Niemiec, Ameryki czy Izraela nie zapewnia Polsce bezpiecze\u0144stwa. Dla kandydata Polska musi przetrwa\u0107 jako pa\u0144stwo, nie mo\u017ce powt\u00f3rzy\u0107 losu Ukrainy, i dla tego musi zachowa\u0107 neutralno\u015b\u0107 wobec wojny Rosji z Ukrain\u0105.<\/p>\r\n<p>Na konferencji prasowej Grzegorz Braun zadeklarowa\u0142, \u017ce jest antykomunist\u0105 i jednoznacznie pot\u0119pia sowiet\u00f3w. Kandydat na prezydenta Polski, W\u0142adymira Putina uwa\u017ca za kontynuatora zbrodniczego sowieckiego komunizmu. Dla Grzegorza Brauna Rosja putinowska to Rosja post sowiecka, kontynuuj\u0105ca re\u017cim sowiecki.<\/p>\r\n<p>Grzegorz Braun zadeklarowa\u0142 podczas konferencji, \u017ce brzydzi go celebracja pami\u0119ci Armii Czerwonej. Dla kandydata na prezydenta Polski Armia Czerwona by\u0142 zbrodniczym okupantem Polski, kt\u00f3ry mordowa\u0142 polskich patriot\u00f3w.<\/p>\r\n<p>Odpowiadaj\u0105c na pytania publicysty tygodnika \u201eNajwy\u017csza Czas\u201d Grzegorz Braun zadeklarowa\u0142, \u017ce jest za dekomunizacj\u0105 przestrzeni publicznej, usuni\u0119ciem pomnik\u00f3w ku czci sowiet\u00f3w, zmian\u0105 nazw ulic dzi\u015b splugawionych komunistycznymi nazwami &#8211; kandydat zwr\u00f3ci\u0142 uwag\u0119 \u017ce plugawe komunistyczne monumenty by\u0142y konsekwentnie chronione od \u0107wier\u0107 wieku przez establishment III RP. Grzegorz Braun opowiada si\u0119 za odebraniem przywilej\u00f3w emerytalnych komunistom, i za ujawnieniem ca\u0142ych zasob\u00f3w archiwalnych IPN, w tym i zbioru zastrze\u017conego zwieraj\u0105cego materia\u0142y kompromituj\u0105ce obyczajowo konfident\u00f3w bezpieki. Grzegorz Braun uwa\u017ca te\u017c, \u017ce nale\u017cy zdelegalizowa\u0107 wszelkie komunistyczne organizacje dzia\u0142aj\u0105ce w Polsce, w tym te\u017c te, kt\u00f3rych cz\u0142onkowie tworz\u0105 now\u0105 pro rosyjsk\u0105 partie Zmiana.<\/p>\r\n<p>Grzegorz Braun ukaza\u0142 te\u017c hipokryzje medi\u00f3w lojalnych wobec PiS kt\u00f3re z dnia na dzie\u0144 nagle uzna\u0142y uczestnik\u00f3w Rajdu Katy\u0144skiego za rusk\u0105 agentur\u0119. Powodem takiej oceny ma by\u0107 fakt spotka\u0144 w Rosji uczestnik\u00f3w Rajdu Katy\u0144skiego z motocyklistami rosyjskimi nie kryj\u0105cymi swej sympatii dla Putina. Zdaniem Grzegorza Brauna taka konstatacja jest nie uprawniona, wed\u0142ug logiki medi\u00f3w lojalnych wobec PiS mo\u017cna by\u0142o by uzna\u0107 media koncesjonowanej opozycji za nazistowskie bo maj\u0105 dobre i serdeczne relacje z Ukrai\u0144cami nie kryj\u0105cymi swoich nazistowskich pogl\u0105d\u00f3w.<\/p>\r\n<p>Nie da si\u0119 ukry\u0107, \u017ce wizerunkowi Grzegorza Brauna ewidentnie szkodzi\u0142 wyst\u0119puj\u0105cy z nim szef jego sztabu i organizator Rajdu Katy\u0144skiego Wiktor W\u0119grzyn. Powodem jego wsp\u00f3lnej konferencji z Braunem by\u0142y kontrowersje zwi\u0105zane z wsparciem motocyklist\u00f3w z Rajdu Katy\u0144skiego dla gloryfikuj\u0105cego zbrodnicz\u0105 Armie Sowieck\u0105 rajdu rosyjskich motocyklist\u00f3w \u201eNocnych Wilk\u00f3w\u201d przez Polsk\u0119.<\/p>\r\n<p>Rajd Katy\u0144ski przez ostatnie kilkana\u015bcie lat by\u0142 pieszczochem medi\u00f3w opozycji koncesjonowanej. Kreowany by\u0142 przez media lojalne wobec PIS na wz\u00f3r patriotyzmu, pomimo, \u017ce Rajd robi\u0142 przez ostatnie kilkana\u015bcie lat to samo co dzi\u015b zbulwersowa\u0142o lojalne wobec PiS media. Ta zmiana nastawienia medi\u00f3w pe\u0142ni\u0105cych obowi\u0105zki medi\u00f3w patriotycznych ca\u0142kowicie zaszokowa\u0142a motocyklist\u00f3w.<\/p>\r\n<p>Podczas swojej d\u0142ugiej i niezbyt rozs\u0105dnej oracji Wiktor W\u0119grzyn da\u0142 temu wyraz. Ze s\u0142\u00f3w organizatora Rajdu mo\u017cna by\u0142o odnie\u015b\u0107 wra\u017cenie, \u017ce jego patriotyzm jest patriotyzmem opartym na emocjach i niezbyt przemy\u015blanym &#8211; mo\u017ce to wi\u0105za\u0107 si\u0119 z tym, Wiktor W\u0119grzyn jest mieszka\u0144cem Stan\u00f3w Zjednoczonych, wyemigrowa\u0142 z Polski na pocz\u0105tku lat siedemdziesi\u0105tych i rzeczywisto\u015b\u0107 PRL, kt\u00f3ra wytworzy\u0142a w polskich patriotach nienawi\u015b\u0107 do sowiet\u00f3w i komunist\u00f3w jest mu obca, jest osob\u0105 spoza polskiego kontekstu kulturowego wytworzonego do\u015bwiadczeniami terroru komunist\u00f3w w latach 70 i 80, do\u015bwiadczeniami opozycji anty komunistycznejon . Wiktor W\u0119grzyn wielokrotnie podkre\u015bla\u0142, \u017ce nie rozumie, nie mo\u017ce poj\u0105c, przyczyn protest\u00f3w przeciw rajdowi rosyjskich motocyklist\u00f3w.<\/p>\r\n<p>Przyk\u0142adem wykorzenienia Wiktora W\u0119grzyna z polskiego kontekstu kulturowego by\u0142y jego wypowiedzi w kt\u00f3rych por\u00f3wnywa\u0142 on polski patriotyzm wyra\u017caj\u0105cy si\u0119 w czczeniu pami\u0119ci o Katyniu, z rosyjskim patriotyzmem wyra\u017caj\u0105cym si\u0119 w czczeniu Armii Czerwonej. Tw\u00f3rca Rajdu Katy\u0144skiego nie zauwa\u017ca tym samym subtelnej r\u00f3\u017cnicy mi\u0119dzy tym, \u017ce Polacy czcz\u0105 ofiary, a Rosjanie czcz\u0105 oprawc\u00f3w.<\/p>\r\n<p>Rajd Katy\u0144ski wed\u0142ug swoich cel\u00f3w statutowych s\u0142u\u017cy\u0142 oddaniu ho\u0142du polskim ofiarom, nawi\u0105zaniu dobrych relacji z Rosjanami, pomocy w renowacji zabytk\u00f3w. Przez kilkana\u015bcie lat nawi\u0105zywanie dobrych relacji z Rosjanami, nie by\u0142o problemem dla medi\u00f3w koncesjonowanej opozycji. Przez te kilkana\u015bcie lat gdy Rajd cieszy\u0142 si\u0119 poparciem medi\u00f3w lojalnych wobec PiS, motocykli\u015bci z Rosji pomagali motocyklistom z Polski, i wzajemnie si\u0119 fraternizowali. Wed\u0142ug Wiktora W\u0119grzyna Rosjanie zawsze ciep\u0142o przyjmowali Polak\u00f3w.<\/p>\r\n<p>Niew\u0105tpliwie niezbyt rozs\u0105dne w czasie kampanii wyborczej by\u0142y wypowiedzi Wiktora W\u0119grzyna, kt\u00f3ry zamiast stara\u0107 si\u0119 przekonywa\u0107 dziennikarzy do swoich racji oskar\u017ca\u0142 ich, wprost lub po\u015brednio, \u017ce s\u0105 k\u0142amcami i pijakami, a tak\u017ce krzycza\u0142 na dziennikark\u0119. Dodatkowo organizator Rajdu Katy\u0144skiego oskar\u017cy\u0142 TV Trwam o ukrywanie prawdy o Rajdzie, a TV Republik\u0119 o k\u0142amstwa. Wyj\u0105tkowo nieprofesjonalne by\u0142y straszliwie d\u0142ugie, sentymentalne i ckliwe, wspominki Wiktora W\u0119grzyna o Rajdzie Katy\u0144skim, jego wspania\u0142ych uczestnikach, dzielny, uroczych i sympatycznych Rosjanach oraz przedstawicielach rosyjskiej administracji. A tak\u017ce anegdotki o zwiedzaniu zabytk\u00f3w Rosji i wizytach w rosyjskich lokalach gastronomicznych.<\/p>\r\n<p>W jednej z ostatnich swoich wypowiedzi Wiktor W\u0119grzyn o\u015bwiadczy\u0142, \u017ce Rajd Katy\u0144ski poprosi\u0142 ministra spraw zagranicznych o bezp\u0142atne wizy dla rosyjskich motocyklist\u00f3w, zapowiedzia\u0142 \u017ce uczestnicy Rajdu Katy\u0144skiego b\u0119d\u0105 wita\u0107 i chroni\u0107 na terenie Polski Nocne Wilki. W swych wypowiedziach Wiktor W\u0119grzyn wielokrotnie powtarza\u0142, \u017ce nie wiedzia\u0142 kim s\u0105 Rosjanie z kt\u00f3rymi si\u0119 spotyka\u0142, i, \u017ce w og\u00f3le go to nie interesuje, bo motocykli\u015bci nie rozmawiaj\u0105 o polityce- takie wypowiedzi kompromituj\u0105 go jako osob\u0119 nieodpowiedzialn\u0105, kt\u00f3ra nie powinna zajmowa\u0107 si\u0119 polityk\u0105 czy edukacja historyczn\u0105.<\/p>\r\n<p>Kolejny reprezentant Rajdu Katy\u0144skiego Robert Karlak zapewnia\u0142, ze Rajd Katy\u0144ski nie mia\u0142 oficjalnych kontakt\u00f3w z Nocnymi Wilkami, wspiera\u0142 pami\u0119\u0107 o zamachu smole\u0144skim i Radio Maryja. Zdaniem przedstawiciela Rajdu Katy\u0144skiego spotkanie polskich i rosyjskich motocyklist\u00f3w ma s\u0142u\u017cy\u0107 u\u015bwiadomieniu Rosjanom prawdy historycznej.<\/p>\r\n<p><strong><em>Jan Bodakowski<\/em><\/strong><\/p>\r\n<p>Tekst na ten temat ukaza\u0142 si\u0119 w tygodniku Najwy\u017cszy Czas nr.17 25.04.2015 s.12\/13<\/p>","protected":false},"excerpt":{"rendered":"Grzegorz Braun, jeden z prawicowych kandydat\u00f3w na prezydenta Polski, na zwo\u0142anej w siedzibie Stowarzyszenia Dziennikarzy Polskich w Warszawie konferencji prasowej ustosunkowa\u0142 si\u0119 do nagonki na swoj\u0105 osob\u0119, oraz na osoby wsp\u00f3\u0142tworz\u0105ce jego sztab i maj\u0105ce zwi\u0105zki z Rajdem Katy\u0144skim, ze strony medi\u00f3w koncesjonowanej opozycji. Na \u0142amach portali i pism, medi\u00f3w lojalnych wobec PiS, ten znany [&hellip;]","protected":false},"author":1,"featured_media":0,"comment_status":"closed","ping_status":"closed","sticky":false,"template":"","format":"standard","meta":{"_acf_changed":false,"_monsterinsights_skip_tracking":false,"_monsterinsights_sitenote_active":false,"_monsterinsights_sitenote_note":"","_monsterinsights_sitenote_category":0,"ngg_post_thumbnail":0,"footnotes":"","_wp_rev_ctl_limit":""},"categories":[9],"tags":[344,92,159,20],"acf":[],"_links":{"self":[{"href":"https:\/\/www.bibula.com\/index.php?rest_route=\/wp\/v2\/posts\/81371"}],"collection":[{"href":"https:\/\/www.bibula.com\/index.php?rest_route=\/wp\/v2\/posts"}],"about":[{"href":"https:\/\/www.bibula.com\/index.php?rest_route=\/wp\/v2\/types\/post"}],"author":[{"embeddable":true,"href":"https:\/\/www.bibula.com\/index.php?rest_route=\/wp\/v2\/users\/1"}],"replies":[{"embeddable":true,"href":"https:\/\/www.bibula.com\/index.php?rest_route=%2Fwp%2Fv2%2Fcomments&post=81371"}],"version-history":[{"count":0,"href":"https:\/\/www.bibula.com\/index.php?rest_route=\/wp\/v2\/posts\/81371\/revisions"}],"wp:attachment":[{"href":"https:\/\/www.bibula.com\/index.php?rest_route=%2Fwp%2Fv2%2Fmedia&parent=81371"}],"wp:term":[{"taxonomy":"category","embeddable":true,"href":"https:\/\/www.bibula.com\/index.php?rest_route=%2Fwp%2Fv2%2Fcategories&post=81371"},{"taxonomy":"post_tag","embeddable":true,"href":"https:\/\/www.bibula.com\/index.php?rest_route=%2Fwp%2Fv2%2Ftags&post=81371"}],"curies":[{"name":"wp","href":"https:\/\/api.w.org\/{rel}","templated":true}]}}