{"id":81258,"date":"2015-04-21T09:32:13","date_gmt":"2015-04-21T13:32:13","guid":{"rendered":"http:\/\/www.bibula.com\/?p=81258"},"modified":"2015-04-21T09:49:18","modified_gmt":"2015-04-21T13:49:18","slug":"a-jednak-bylo-zlecenie-na-brauna-nie-powinno-sie-mu-dawac-dostepu-do-sluchaczy","status":"publish","type":"post","link":"https:\/\/www.bibula.com\/?p=81258","title":{"rendered":"A jednak by\u0142o zlecenie na Brauna. \u201eNie powinno si\u0119 mu dawa\u0107 dost\u0119pu do s\u0142uchaczy&#8221;"},"content":{"rendered":"<p><strong>Portal Natemat.pl, pozostaj\u0105cy w awangardzie rewolucji kulturalnej, oburzy\u0142 si\u0119 na\u2026 wpuszczenie do zaprzyja\u017anionego radia kandydata na prezydenta. Arcydemokratyczni i wielce tolerancyjni dziennikarze wzywaj\u0105, by \u201enie dawa\u0107 trybuny oszo\u0142omom\u201d.<\/strong><\/p>\r\n<p>Kampania wyborcza prowadzona przez Grzegorza Brauna trwa<strong>, <span style=\"text-decoration: underline;\"><a href=\"http:\/\/www.pch24.pl\/grzegorz-braun---kandydatura-z-embargo-,34704,i.html\">mimo embargo na\u0142o\u017conego na jego kandydatur\u0119 przez salon<\/a><\/span><\/strong>. Jeszcze przed zebraniem stu tysi\u0119cy podpis\u00f3w poparcia przez sztab re\u017cysera, g\u0142\u00f3wne media usilnie milcza\u0142y o decyzji dokumentalisty o starcie w wyborach, ch\u0119tnie za to opisuj\u0105c zg\u0142oszenie si\u0119 do wy\u015bcigu niejakiego Waldemara Deski, kt\u00f3ry jednak przegra\u0142 w przedbiegach.<\/p>\r\n<p>W sonda\u017cach wyborczych pomijano Grzegorza Brauna a\u017c do momentu oficjalnego zarejestrowania go jako kandydata. Teraz media od czasu do czasu musz\u0105 o nim wspomnie\u0107. Radiostacja TOK FM wpad\u0142a na pomys\u0142 by przes\u0142ucha\u0107 wszystkich kandydat\u00f3w &#8211; w\u0142odarze stacji byli na tyle uczciwi, \u017ce Brauna nie pomin\u0119li i ten mia\u0142 okazj\u0119 podzieli\u0107 si\u0119 ze s\u0142uchaczami radia Agory swoimi pogl\u0105dami, rzeczywi\u015bcie niezbyt cz\u0119sto obecnymi w mainstreamie.<\/p>\r\n<p>To wy\u0142amanie si\u0119 TOK FM z zamilczania Brauna nie spodoba\u0142o si\u0119 wielu osobom. Portal naTemat.pl pi\u00f3rem Kamila Sikory pisze: <em>Braun o &#8222;rz\u0105dach masonerii\u201d, &#8222;kondominium pod \u017cydowskim zarz\u0105dem\u201d. Media nie musz\u0105 dawa\u0107 trybuny oszo\u0142omom. <\/em>Ju\u017c sama sugestia, \u017ce istnieje co\u015b takiego jak masoneria, a obce rz\u0105dy mog\u0105 rozgrywa\u0107 w Polsce swoje interesy, wyklucza wi\u0119c z elitarnego towarzystwa os\u00f3b, kt\u00f3re wolno zaprasza\u0107 do medi\u00f3w. <em>Oczywi\u015bcie w komentarzach poni\u017cej zaraz pojawi\u0105 si\u0119 zarzuty, \u017ce to cenzura<\/em> &#8211; pisze profetycznie Sikora. <em>Nie, bo dziennikarz to nie stojak na mikrofon, kt\u00f3ry musi przyjmowa\u0107 wszystko, co jego rozm\u00f3wca m\u00f3wi. A je\u015bli nie ma szansy na poradzenie sobie z pom\u00f3wieniami interlokutora (a w tym przypadku nie ma), nie powinno si\u0119 mu dawa\u0107 dost\u0119pu do s\u0142uchaczy. Nawi\u0105zuj\u0105c do s\u0142ynnej kampanii: stop wariatom politycznym! &#8211; <\/em>ko\u0144czy tekst na portalu Tomasza Lisa.<\/p>\r\n<p>W internetowym serwisie gazety, wyborcza.pl Maciej Stasi\u0144ski napisa\u0142 natomiast o wizycie kandydata Brauna w TOK FM:\u00a0<em>Grzegorz Braun skorzysta\u0142 z zaproszenia i przez 25 minut cz\u0119stowa\u0142 publiczno\u015b\u0107 oraz swoich bezradnych rozm\u00f3wc\u00f3w, Karolin\u0119 Lewick\u0105 i Jana Wr\u00f3bla, wymiocinami psychopaty i \u017cydo\u017cercy. <\/em>Wszystko to w tek\u015bcie zatytu\u0142owanym: &#8222;Faszyzm w eterze&#8221;!<\/p>\r\n<p>R\u00f3wnie\u017c Dominika Wielowieyska z \u201eGazety Wyborczej\u201d oburza si\u0119 na pomys\u0142 zorganizowania debaty kandydat\u00f3w na prezydenta. W tek\u015bcie pod wszystko znacz\u0105cym tytu\u0142em \u201eZ wrogami demokracji nie rozmawia\u0107\u201d napisa\u0142a: <em>Drugi (Grzegorz Braun) proponowa\u0142 rozstrzelanie dziennikarzy &#8222;Gazety Wyborczej&#8221; i TVN za zdrad\u0119 stanu. A ponadto g\u0142osi, \u017ce &#8222;\u015bwiatowe \u017cydostwo&#8221; niszczy Polsk\u0119. Nie \u017cycz\u0119 sobie jako obywatelka naszego kraju, aby prezydent, kt\u00f3ry jest uosobieniem powagi pa\u0144stwa polskiego, uczestniczy\u0142 w promocji tych gro\u017anych dziwol\u0105g\u00f3w.<\/em><\/p>\r\n<p>Wida\u0107 wi\u0119c wyra\u017anie, \u017ce p\u0119kni\u0119cie mainstreamowej solidarno\u015bci w zamilczaniu pogl\u0105d\u00f3w kandydat\u00f3w prawicowych, stra\u017cnik\u00f3w dogmatu o nieomylno\u015bci demokracji bardzo mierzi.<\/p>\r\n<p>kra<\/p>","protected":false},"excerpt":{"rendered":"Portal Natemat.pl, pozostaj\u0105cy w awangardzie rewolucji kulturalnej, oburzy\u0142 si\u0119 na\u2026 wpuszczenie do zaprzyja\u017anionego radia kandydata na prezydenta. Arcydemokratyczni i wielce tolerancyjni dziennikarze wzywaj\u0105, by \u201enie dawa\u0107 trybuny oszo\u0142omom\u201d. Kampania wyborcza prowadzona przez Grzegorza Brauna trwa, mimo embargo na\u0142o\u017conego na jego kandydatur\u0119 przez salon. Jeszcze przed zebraniem stu tysi\u0119cy podpis\u00f3w poparcia przez sztab re\u017cysera, g\u0142\u00f3wne media [&hellip;]","protected":false},"author":1,"featured_media":0,"comment_status":"closed","ping_status":"closed","sticky":false,"template":"","format":"standard","meta":{"_acf_changed":false,"_monsterinsights_skip_tracking":false,"_monsterinsights_sitenote_active":false,"_monsterinsights_sitenote_note":"","_monsterinsights_sitenote_category":0,"ngg_post_thumbnail":0,"footnotes":"","_wp_rev_ctl_limit":""},"categories":[8],"tags":[16,344,92],"acf":[],"_links":{"self":[{"href":"https:\/\/www.bibula.com\/index.php?rest_route=\/wp\/v2\/posts\/81258"}],"collection":[{"href":"https:\/\/www.bibula.com\/index.php?rest_route=\/wp\/v2\/posts"}],"about":[{"href":"https:\/\/www.bibula.com\/index.php?rest_route=\/wp\/v2\/types\/post"}],"author":[{"embeddable":true,"href":"https:\/\/www.bibula.com\/index.php?rest_route=\/wp\/v2\/users\/1"}],"replies":[{"embeddable":true,"href":"https:\/\/www.bibula.com\/index.php?rest_route=%2Fwp%2Fv2%2Fcomments&post=81258"}],"version-history":[{"count":0,"href":"https:\/\/www.bibula.com\/index.php?rest_route=\/wp\/v2\/posts\/81258\/revisions"}],"wp:attachment":[{"href":"https:\/\/www.bibula.com\/index.php?rest_route=%2Fwp%2Fv2%2Fmedia&parent=81258"}],"wp:term":[{"taxonomy":"category","embeddable":true,"href":"https:\/\/www.bibula.com\/index.php?rest_route=%2Fwp%2Fv2%2Fcategories&post=81258"},{"taxonomy":"post_tag","embeddable":true,"href":"https:\/\/www.bibula.com\/index.php?rest_route=%2Fwp%2Fv2%2Ftags&post=81258"}],"curies":[{"name":"wp","href":"https:\/\/api.w.org\/{rel}","templated":true}]}}