{"id":81206,"date":"2015-04-19T16:39:19","date_gmt":"2015-04-19T20:39:19","guid":{"rendered":"http:\/\/www.bibula.com\/?p=81206"},"modified":"2015-04-19T16:39:19","modified_gmt":"2015-04-19T20:39:19","slug":"putin-wierzy-w-porozumienie-miedzy-turcja-i-watykanem","status":"publish","type":"post","link":"https:\/\/www.bibula.com\/?p=81206","title":{"rendered":"Putin wierzy w porozumienie mi\u0119dzy Turcj\u0105 i Watykanem"},"content":{"rendered":"<p><strong>W\u0142adimir Putin wyrazi\u0142 nadziej\u0119, \u017ce sytuacja powsta\u0142a po wyst\u0105pieniu papie\u017ca Franciszka na temat tureckiego ludob\u00f3jstwa Ormian zostanie rozwi\u0105zana. Na spotkaniu z dziennikarzami prezydent Rosji stan\u0105\u0142 r\u00f3wnie\u017c w obronie chrze\u015bcijan prze\u015bladowanych na Bliskim Wschodzie.<\/strong><\/p>\r\n<p>W\u0142adimir Putin zastrzeg\u0142, \u017ce nie ma zamiaru miesza\u0107 si\u0119 do polemiki mi\u0119dzy Turcj\u0105 a papie\u017cem. Zdaniem prezydenta Rosji papie\u017c posiada ogromny autorytet w \u015bwiecie i sam znajdzie spos\u00f3b dla wyja\u015bnienia wszystkim ludziom swego stanowiska, niezale\u017cnie od ich przynale\u017cno\u015bci wyznaniowej. Wyrazi\u0142 przekonanie, \u017ce w Turcji mieszkaj\u0105 m\u0105drzy ludzie, kt\u00f3rym nie zabraknie elastyczno\u015bci do rozwi\u0105zywania powstaj\u0105cych problem\u00f3w.<\/p>\r\n<p>Putin o\u015bwiadczy\u0142 ponadto, \u017ce spo\u0142eczno\u015b\u0107 mi\u0119dzynarodowa podejmuje zbyt ma\u0142o dzia\u0142a\u0144 w obronie prze\u015bladowanych chrze\u015bcijan na Bliskim Wschodzie, kt\u00f3rzy od wiek\u00f3w wsp\u00f3\u0142istnieli tam w pokoju z wyznawcami innych religii.<\/p>\r\n<p>W. Raiter, Moskwa<\/p>","protected":false},"excerpt":{"rendered":"W\u0142adimir Putin wyrazi\u0142 nadziej\u0119, \u017ce sytuacja powsta\u0142a po wyst\u0105pieniu papie\u017ca Franciszka na temat tureckiego ludob\u00f3jstwa Ormian zostanie rozwi\u0105zana. Na spotkaniu z dziennikarzami prezydent Rosji stan\u0105\u0142 r\u00f3wnie\u017c w obronie chrze\u015bcijan prze\u015bladowanych na Bliskim Wschodzie. W\u0142adimir Putin zastrzeg\u0142, \u017ce nie ma zamiaru miesza\u0107 si\u0119 do polemiki mi\u0119dzy Turcj\u0105 a papie\u017cem. Zdaniem prezydenta Rosji papie\u017c posiada ogromny autorytet [&hellip;]","protected":false},"author":1,"featured_media":0,"comment_status":"closed","ping_status":"closed","sticky":false,"template":"","format":"standard","meta":{"_acf_changed":false,"_monsterinsights_skip_tracking":false,"_monsterinsights_sitenote_active":false,"_monsterinsights_sitenote_note":"","_monsterinsights_sitenote_category":0,"ngg_post_thumbnail":0,"footnotes":"","_wp_rev_ctl_limit":""},"categories":[6],"tags":[301,141,233,41],"acf":[],"_links":{"self":[{"href":"https:\/\/www.bibula.com\/index.php?rest_route=\/wp\/v2\/posts\/81206"}],"collection":[{"href":"https:\/\/www.bibula.com\/index.php?rest_route=\/wp\/v2\/posts"}],"about":[{"href":"https:\/\/www.bibula.com\/index.php?rest_route=\/wp\/v2\/types\/post"}],"author":[{"embeddable":true,"href":"https:\/\/www.bibula.com\/index.php?rest_route=\/wp\/v2\/users\/1"}],"replies":[{"embeddable":true,"href":"https:\/\/www.bibula.com\/index.php?rest_route=%2Fwp%2Fv2%2Fcomments&post=81206"}],"version-history":[{"count":0,"href":"https:\/\/www.bibula.com\/index.php?rest_route=\/wp\/v2\/posts\/81206\/revisions"}],"wp:attachment":[{"href":"https:\/\/www.bibula.com\/index.php?rest_route=%2Fwp%2Fv2%2Fmedia&parent=81206"}],"wp:term":[{"taxonomy":"category","embeddable":true,"href":"https:\/\/www.bibula.com\/index.php?rest_route=%2Fwp%2Fv2%2Fcategories&post=81206"},{"taxonomy":"post_tag","embeddable":true,"href":"https:\/\/www.bibula.com\/index.php?rest_route=%2Fwp%2Fv2%2Ftags&post=81206"}],"curies":[{"name":"wp","href":"https:\/\/api.w.org\/{rel}","templated":true}]}}