{"id":81204,"date":"2015-04-19T21:35:03","date_gmt":"2015-04-20T01:35:03","guid":{"rendered":"http:\/\/www.bibula.com\/?p=81204"},"modified":"2015-04-19T16:36:07","modified_gmt":"2015-04-19T20:36:07","slug":"general-skrzypczak-wylecial-z-rzadu-wskutek-intrygi-izraelskiego-lobbysty","status":"publish","type":"post","link":"https:\/\/www.bibula.com\/?p=81204","title":{"rendered":"Genera\u0142 Skrzypczak wylecia\u0142 z rz\u0105du wskutek intrygi izraelskiego lobbysty?"},"content":{"rendered":"<p><strong>W niedawnym g\u0142o\u015bnym wywiadzie dla &#8222;Dziennika Gazety Prawnej&#8221; gen. Skrzypczak stwierdzi\u0142, \u017ce straci\u0142 stanowisko wiceministra obrony narodowej wskutek dzia\u0142a\u0144 lobbysty izraelskiej firmy zbrojeniowej.<\/strong><\/p>\r\n<div>\r\n<p>&#8222;Kiedy odszed\u0142em\u00a0z armii, przybli\u017cy\u0142 si\u0119\u00a0do mnie Mieczys\u0142aw Bull, lobbysta izraelskiej firmy zbrojeniowej.\u00a0I niebawem wszyscy si\u0119 przekonamy,\u00a0jak\u00a0on mocno jest zwi\u0105zany\u00a0z naszymi s\u0142u\u017cbami. On by\u0142\u00a0na tyle mocny, \u017ce przy pomocy medi\u00f3w\u00a0i s\u0142u\u017cb by\u0142\u00a0w stanie rozjecha\u0107 wiceministra\u00a0obrony\u00a0narodowej&#8221; &#8211; m\u00f3wi\u0142 Skrzypczak &#8211;\u00a0Mia\u0142 rozleg\u0142e\u00a0znajomo\u015bci\u00a0w\u015br\u00f3d genera\u0142\u00f3w. Doskona\u0142e znajomo\u015bci\u00a0w polskim przemy\u015ble zbrojeniowym\u00a0i\u00a0w Sztabie Generalnym. [\u2026] Mia\u0142 bardzo z\u0142e zdanie\u00a0o polskim przemy\u015ble,\u00a0ja zawsze tego przemys\u0142u\u00a0broni\u0142em. Wiedzia\u0142em, \u017ce rocznie\u00a0na po\u015brednik\u00f3w\u00a0i lobbyst\u00f3w\u00a0z bud\u017cetu idzie 300-400\u00a0mln z\u0142otych.\u00a0Bull chcia\u0142, \u017ceby\u00a0MON\u00a0kupi\u0142 bezza\u0142ogow\u0105 wie\u017c\u0119\u00a0do rosomaka\u00a0w Izraelu. Ja uwa\u017ca\u0142em, \u017ce mo\u017cna j\u0105 wyprodukowa\u0107\u00a0w Polsce. I wtedy us\u0142ysza\u0142em, \u017ce\u00a0on\u00a0ma takie uk\u0142ady\u00a0w s\u0142u\u017cbach\u00a0i \u017ce mnie\u00a0zniszcz\u0105,\u00a0zaszkodz\u0105\u00a0mi&#8221;.<\/p>\r\n<p>Wieloletni pracownik S\u0142u\u017cby Kontrwywiadu Wojskowego Maciej Lew-Mirski w wywiadzie dla portalu wpolityce.pl oceni\u0142 zarzuty tej s\u0142u\u017cby pod adresem Skrzypczaka jako &#8222;niejasne&#8221;. By\u0142ego wiceministra okresli\u0142 jako &#8222;do\u015bwiadczonego wojskowego&#8221;. &#8222;Wszystko wskazuje na to, \u017ce le\u017ca\u0142o mu na sercu dobro armii, a tak\u017ce zagwarantowanie jej najlepszego\u00a0wyposa\u017cenia&#8221; &#8211; m\u00f3wi\u0142 Lew-Mirski. Nie wyklucza one, \u017ce gen. Skrzypczak pad\u0142 ofiar\u0105 intrygi podobnej do tej jak\u0105 wcze\u015bniej zorganizowano przeciw innemu wiceministrowi oborny narodowej Romualdowi Szeremietiewowi. Twierdzi, \u017ce oskar\u017cenia wysz\u0142y z tego samego kr\u0119gu oficer\u00f3w SKW. &#8222;Nie ma \u017cadnych w\u0105tpliwo\u015bci, \u017ce gen. Skrzypczak naruszy\u0142 wiele interes\u00f3w grup lobbystycznych, kt\u00f3re dzia\u0142aj\u0105 wok\u00f3\u0142 wojska&#8221; &#8211; Lew-Mirski t\u0142umaczy kontekst sprawy &#8211; &#8222;Jest list prywatnej osoby, kt\u00f3ra wsp\u00f3\u0142pracowa\u0142a z jednym z lobbyst\u00f3w do Premiera i jej doniesienie do prokuratury. Jeden z dziennik\u00f3w co kilka dni publikuje pochodz\u0105ce z\u00a0SKWtajne\u00a0informacje\u00a0broni\u0105ce\u00a0SKW\u00a0i Janusza Noska w sporze z gen. Skrzypczakiem. Wida\u0107, \u017ce wiele os\u00f3b czuje si\u0119 zagro\u017conych w tej\u00a0walce&#8221;.<\/p>\r\n<p>wpolityce.pl\/kresy.pl<\/p>\r\n<\/div>","protected":false},"excerpt":{"rendered":"W niedawnym g\u0142o\u015bnym wywiadzie dla &#8222;Dziennika Gazety Prawnej&#8221; gen. Skrzypczak stwierdzi\u0142, \u017ce straci\u0142 stanowisko wiceministra obrony narodowej wskutek dzia\u0142a\u0144 lobbysty izraelskiej firmy zbrojeniowej. &#8222;Kiedy odszed\u0142em\u00a0z armii, przybli\u017cy\u0142 si\u0119\u00a0do mnie Mieczys\u0142aw Bull, lobbysta izraelskiej firmy zbrojeniowej.\u00a0I niebawem wszyscy si\u0119 przekonamy,\u00a0jak\u00a0on mocno jest zwi\u0105zany\u00a0z naszymi s\u0142u\u017cbami. On by\u0142\u00a0na tyle mocny, \u017ce przy pomocy medi\u00f3w\u00a0i s\u0142u\u017cb by\u0142\u00a0w stanie [&hellip;]","protected":false},"author":1,"featured_media":0,"comment_status":"closed","ping_status":"closed","sticky":false,"template":"","format":"standard","meta":{"_acf_changed":false,"_monsterinsights_skip_tracking":false,"_monsterinsights_sitenote_active":false,"_monsterinsights_sitenote_note":"","_monsterinsights_sitenote_category":0,"ngg_post_thumbnail":0,"footnotes":"","_wp_rev_ctl_limit":""},"categories":[8],"tags":[92,84,61,53],"acf":[],"_links":{"self":[{"href":"https:\/\/www.bibula.com\/index.php?rest_route=\/wp\/v2\/posts\/81204"}],"collection":[{"href":"https:\/\/www.bibula.com\/index.php?rest_route=\/wp\/v2\/posts"}],"about":[{"href":"https:\/\/www.bibula.com\/index.php?rest_route=\/wp\/v2\/types\/post"}],"author":[{"embeddable":true,"href":"https:\/\/www.bibula.com\/index.php?rest_route=\/wp\/v2\/users\/1"}],"replies":[{"embeddable":true,"href":"https:\/\/www.bibula.com\/index.php?rest_route=%2Fwp%2Fv2%2Fcomments&post=81204"}],"version-history":[{"count":0,"href":"https:\/\/www.bibula.com\/index.php?rest_route=\/wp\/v2\/posts\/81204\/revisions"}],"wp:attachment":[{"href":"https:\/\/www.bibula.com\/index.php?rest_route=%2Fwp%2Fv2%2Fmedia&parent=81204"}],"wp:term":[{"taxonomy":"category","embeddable":true,"href":"https:\/\/www.bibula.com\/index.php?rest_route=%2Fwp%2Fv2%2Fcategories&post=81204"},{"taxonomy":"post_tag","embeddable":true,"href":"https:\/\/www.bibula.com\/index.php?rest_route=%2Fwp%2Fv2%2Ftags&post=81204"}],"curies":[{"name":"wp","href":"https:\/\/api.w.org\/{rel}","templated":true}]}}