{"id":81198,"date":"2015-04-19T14:09:08","date_gmt":"2015-04-19T18:09:08","guid":{"rendered":"http:\/\/www.bibula.com\/?p=81198"},"modified":"2015-04-19T14:09:08","modified_gmt":"2015-04-19T18:09:08","slug":"szokujace-odkrycie-historyka-ludobojstwo-ormian-to-dzielo-masonerii-benedykt-xv-probowal-temu-zapobiec","status":"publish","type":"post","link":"https:\/\/www.bibula.com\/?p=81198","title":{"rendered":"Szokuj\u0105ce odkrycie historyka: ludob\u00f3jstwo Ormian to dzie\u0142o masonerii. Benedykt XV pr\u00f3bowa\u0142 temu zapobiec"},"content":{"rendered":"<p><strong>W najnowszej ksi\u0105\u017cce \u201eV\u00f6lkermord den Armeniern\u201d (\u201eLudob\u00f3jstwo Ormian\u201d)\u00a0 Michael Hesemann ujawnia po raz pierwszy tre\u015b\u0107 nigdy wcze\u015bniej niepublikowanych dokument\u00f3w na temat &#8222;najwi\u0119kszej zbrodni I wojny \u015bwiatowej&#8221;, tj. ludob\u00f3jstwa Ormian, kt\u00f3remu papie\u017c Benedykt XV i dyplomacja watyka\u0144ska pr\u00f3bowali zapobiec. Jak si\u0119 okazuje, niema\u0142\u0105 rol\u0119 w tej masakrze odegra\u0142a masoneria francuska.<\/strong><\/p>\r\n<p><img fetchpriority=\"high\" decoding=\"async\" class=\"\" style=\"border: 0px none; margin: 10px;\" src=\"http:\/\/www.pch24.pl\/images\/min_mid_big\/mid_35232.jpg\" alt=\"Szokuj\u0105ce odkrycie historyka: ludob\u00f3jstwo Ormian to dzie\u0142o masonerii. Benedykt XV pr\u00f3bowa\u0142 temu zapobiec\" width=\"320\" height=\"189\" align=\"left\" \/>W wywiadzie udzielonym portalowi Aleteia.org. niemiecki historyk, Michael Hesemann chwali papie\u017ca Franciszka za zwr\u00f3cenie uwagi na masakr\u0119, jak si\u0119 szacuje od 1 mln do 1,5 mln Ormian deportowanych na Pustyni\u0119 Syryjsk\u0105. Jednocze\u015bnie gani tch\u00f3rzliw\u0105 postaw\u0119 ambasador niemieckiej przy Watykanie, kt\u00f3ra nie wzi\u0119\u0142a udzia\u0142u w uroczysto\u015bci upami\u0119tniaj\u0105cej t\u0119 tragedi\u0119.<\/p>\r\n<p>Hesemann przyzna\u0142, \u017ce zainteresowa\u0142 si\u0119 tematyk\u0105 ludob\u00f3jstwa Ormian przez przypadek. Jako historyk bada\u0142 przede wszystkim fakty dotycz\u0105ce \u017cycia Eugenio Pacelli, p\u00f3\u017aniejszego papie\u017ca Piusa XII. Od 1917 do 1925 roku Pacelli by\u0142 nuncjuszem w Monachium. Uczony poszukuj\u0105c w archiwum Nuncjatury Apostolskiej w Monachium materia\u0142\u00f3w na temat jego dzia\u0142alno\u015bci, natkn\u0105\u0142 si\u0119 na folder \u201ePrze\u015bladowania Ormian\u201d.<\/p>\r\n<p>Po otwarciu go od razu zauwa\u017cy\u0142 list arcybiskupa Kolonii, kardyna\u0142a von Hartmanna, kt\u00f3ry b\u0142aga\u0142 &#8211; niestety na pr\u00f3\u017cno &#8211; kanclerza Rzeszy, hrabiego Grafa Hartlinga, o interwencj\u0119 w sprawie \u201eprze\u015bladowania Ormian, kt\u00f3re s\u0105 nie mniej brutalne, ni\u017c prze\u015bladowania chrze\u015bcijan w pierwszych wiekach chrze\u015bcija\u0144stwa\u201d.<\/p>\r\n<p>W tym samym zbiorze dokument\u00f3w historyk odnalaz\u0142 kopi\u0119 listu papie\u017ca Benedykta XV do su\u0142tana. Ojciec \u015awi\u0119ty prosi\u0142 o lito\u015b\u0107 dla niewinnych Ormian. Dokumenty te bardzo poruszy\u0142y i zaciekawi\u0142y historyka. &#8211; <em>Czu\u0142em, \u017ce po prostu dotkn\u0105\u0142em czubka g\u00f3ry lodowej i by\u0142em pewien, \u017ce znajd\u0119 wi\u0119cej danych na ten temat, co te\u017c faktycznie si\u0119 sta\u0142o. Dotychczas zgromadzi\u0142em oko\u0142o 2500 stron dokument\u00f3w<\/em> &#8211; t\u0142umaczy\u0142.<\/p>\r\n<p>Hesemann szybko zda\u0142 sobie spraw\u0119, \u017ce materia\u0142y, na kt\u00f3re si\u0119 natkn\u0105\u0142 nie by\u0142y nigdzie wcze\u015bniej publikowane. Nawet czo\u0142owi eksperci od ludob\u00f3jstwa Ormian nie mieli ich w r\u0119ku. Bior\u0105c pod uwag\u0119 znaczenie ich tre\u015bci, niemiecki historyk postanowi\u0142 napisa\u0107 ksi\u0105\u017ck\u0119 na temat holocaustu Ormian, prezentuj\u0105c nieznane dotychczas w\u0105tki.<\/p>\r\n<p>W trakcie bada\u0144 zaskoczy\u0142o go, \u017ce ludob\u00f3jstwo Ormian w rzeczywisto\u015bci by\u0142o jedynie cz\u0119\u015bci\u0105 znacznie wi\u0119kszego planu eksterminacji wszystkich niemuzu\u0142ma\u0144skich mniejszo\u015bci w Imperium Osma\u0144skim.<\/p>\r\n<p>Czo\u0142owi cz\u0142onkowie rz\u0105dz\u0105cego ruchu \u201eM\u0142odych Turk\u00f3w\u201d, wykszta\u0142ceni na francuskich uczelniach, zetkn\u0119li si\u0119 z europejskimi ideami masonerii i koncepcj\u0105, zgodnie z kt\u00f3r\u0105 tylko jednorodne pod wzgl\u0119dem etnicznym i religijnym pa\u0144stwo mo\u017ce by\u0107 silne. Uwa\u017cali oni, \u017ce Imperium Osma\u0144skie jest s\u0142abe z powodu wieloetnicznego i multi-religijnego charakteru.<\/p>\r\n<p>Postanowili zatem \u201ewyeliminowa\u0107 wszystkie elementy obce\u201d. Na pierwszy ogie\u0144 poszli chrze\u015bcijanie, kt\u00f3rzy na pocz\u0105tku 1914 roku stanowili 19 proc. ludno\u015bci imperium. Poza Ormianami zgin\u0119li aramejscy i asyryjscy wyznawcy Chrystusa, katolicy oraz grekokatolicy.<\/p>\r\n<p>Turcy, by usprawiedliwi\u0107 masakr\u0119, oskar\u017cyli niekt\u00f3rych ormia\u0144skich przyw\u00f3dc\u00f3w o spiskowanie z Rosjanami. W rzeczywisto\u015bci jednak turecki sekretarz ds. wewn\u0119trznych Talat Bey wyzna\u0142 niemieckiemu ambasadorowi Johannowi Mordtmannowi &#8211; jak wynika z raportu przes\u0142anego do Berlina &#8211; \u017ce \u201eturecki rz\u0105d wykorzystuje wojn\u0119, aby pozby\u0107 si\u0119 wewn\u0119trznych wrog\u00f3w &#8211; rdzennych chrze\u015bcijan wszystkich denominacji &#8211; bez interwencji dyplomatycznej\u00a0 obcych pa\u0144stw\u201d.<\/p>\r\n<p>Potwierdzenie tezy, \u017ce dzia\u0142ania w\u0142adz tureckich by\u0142y ukierunkowane g\u0142\u00f3wnie na chrze\u015bcijan znajdziemy w niekt\u00f3rych dokumentach watyka\u0144skich. Na przyk\u0142ad raport napisany przez ks. Michaela Liebla, austriackiego kapucyna, kt\u00f3ry przebywa\u0142 na misji w Samsun stwierdza: \u201ePodczas tajnego spotkania M\u0142odych Turk\u00f3w 5 lub 6 lat temu w Salonikach to nie Ormianie, ale chrze\u015bcijanie zostali skazani na \u015bmier\u0107\u201d.<\/p>\r\n<p>Jakie dzia\u0142ania podj\u0105\u0142 Benedykt XV, aby pom\u00f3c uratowa\u0107 Ormian przed deportacj\u0105 na Pustyni\u0119 Syryjsk\u0105? Wed\u0142ug Hesemanna w czerwcu 1915 roku Watykan mia\u0142 mgliste poj\u0119cie o tym, co si\u0119 dzia\u0142o we wschodniej Anatolii. Jednak\u017ce miesi\u0105c p\u00f3\u017aniej Stolica Apostolska nie mia\u0142a ju\u017c z\u0142udze\u0144 co do strasznych czystek prowadzonych przeciwko wi\u0119kszo\u015bci m\u0119skiej populacji ormia\u0144skiej. Przez ca\u0142y sierpie\u0144 1915 roku ks. Dolci, delegat apostolski w Konstantynopolu, robi\u0142 wszystko, co w ludzkiej mocy, aby przerwa\u0107 ludob\u00f3jstwo. Niestety, bez powodzenia.<\/p>\r\n<p>Po otrzymaniu dramatycznych raport\u00f3w we wrze\u015bniu 1915 roku papie\u017c Benedykt XV nie traci\u0142 wi\u0119cej czasu i postanowi\u0142 sam dzia\u0142a\u0107. Wys\u0142a\u0142 list do su\u0142tana Mehmeta V, b\u0142agaj\u0105c go o lito\u015b\u0107 dla Ormian. Turcy odmawiali jednak dostarczenia go su\u0142tanowi. Przez dwa miesi\u0105ce ks. Dolci bezskutecznie zabiega\u0142 o osobiste widzenie z w\u0142adc\u0105. W ko\u0144cu poprosi\u0142 o pomoc ambasador\u00f3w niemieckiego i austriackiego. Cztery tygodnie p\u00f3\u017aniej su\u0142tan odpowiedzia\u0142, \u017ce deportacje praktycznie zako\u0144czy\u0142y si\u0119. Oczywi\u015bcie k\u0142ama\u0142.<\/p>\r\n<p>6 grudnia 1915 roku papie\u017c Benedykt w swoim przem\u00f3wieniu skierowanym do kardyna\u0142\u00f3w m\u00f3wi\u0142 o \u201ebolesnym losie Ormian, prawie ca\u0142kowicie zg\u0142adzonych\u201d. W czerwcu 1916 roku katolicki patriarcha ormia\u0144ski mia\u0142 poinformowa\u0107 Stolic\u0119 Apostolsk\u0105, i\u017c \u201eprojekt eksterminacji Ormian w Turcji wci\u0105\u017c trwa (&#8230;). Ormianie s\u0105 stale wyp\u0119dzani na pustyni\u0119, gdzie pozbawieni wszystkich niezb\u0119dnych zasob\u00f3w gin\u0105 z g\u0142odu, chor\u00f3b i wskutek dzia\u0142ania niekorzystnego klimatu. (&#8230;) To jest pewne, \u017ce rz\u0105d otoma\u0144ski postanowi\u0142 wyeliminowa\u0107 chrze\u015bcija\u0144stwo z Turcji, zanim wojna dobiegnie ko\u0144ca. A wszystko to dzieje si\u0119 na oczach \u015bwiata chrze\u015bcija\u0144skiego\u201d.<\/p>\r\n<p>Niemiecki historyk na pytanie, dlaczego te istotne fakty wychodz\u0105 na jaw dopiero teraz podkre\u015bli\u0142, i\u017c dokumenty dotycz\u0105ce pontyfikatu Benedykta XV zosta\u0142y otwarte dopiero w 1990 roku. Niewielu historyk\u00f3w ma do nich dost\u0119p.<\/p>\r\n<p>W\u015br\u00f3d dokument\u00f3w zawartych w ksi\u0105\u017cce znajduje si\u0119 tak\u017ce list napisany przez prze\u0142o\u017conego kapucyn\u00f3w w Ezrurum, ojca Norberta Hofera, skierowany do Watykanu w pa\u017adzierniku 1915 roku. Czytamy w nim, \u017ce \u201ekara dla ormia\u0144skiego narodu (za rzekome bunty) jest jedynie pretekstem u\u017cywanym przez maso\u0144ski rz\u0105d turecki w celu eksterminacji wszystkich element\u00f3w chrze\u015bcija\u0144skich w tym kraju\u201d.<\/p>\r\n<p>Hesemann podkre\u015bla, \u017ce \u017caden z odpowiedzialnych za ludob\u00f3jstwo polityk\u00f3w tureckich &#8211; ani Talaat, ani Enver, ani te\u017c Kemal Pasza &#8211; nie byli fanatycznymi muzu\u0142manami. \u201eM\u0142odzi Turcy\u201d to by\u0142 ruch stworzony przez m\u0142odych, rewolucyjnych naukowc\u00f3w, kt\u00f3rzy studiowali w wi\u0119kszo\u015bci przypadk\u00f3w w Pary\u017cu, gdzie zetkn\u0119li si\u0119 zar\u00f3wno z ideami lansowanymi przez masoneri\u0119, jak i europejskich nacjonalist\u00f3w. Wielu z nich zosta\u0142o przyj\u0119tych do l\u00f3\u017c maso\u0144skich. Mieli nawet swoj\u0105 siedzib\u0119 w Salonikach. Talaat Bey &#8211; cz\u0142owiek odpowiedzialny za ludob\u00f3jstwo Ormian -by\u0142 Wielkim Mistrzem lo\u017cy maso\u0144skiej Wielkiego Wschodu Turcji. Jest to fakt historyczny.<\/p>\r\n<p>Wed\u0142ug autora ksi\u0105\u017cki o ludob\u00f3jstwie Ormian ruch \u201eM\u0142odych Turk\u00f3w\u201d <em>de facto<\/em> wyznawa\u0142 ideologi\u0119, kt\u00f3r\u0105 mo\u017cna by opisa\u0107 mianem \u201eprotofaszystowskiej\u201d. W ideologii tej rasa nie odgrywa\u0142a roli elementu jednocz\u0105cego, poniewa\u017c nie ma \u017cadnego \u201erasowo czystego\u201d Turka. Rasizm zast\u0105piono wi\u0119c religi\u0105 sunnick\u0105.<\/p>\r\n<p>Islam &#8211; wed\u0142ug Hesemanna &#8211; zosta\u0142 zinstrumentalizowany do cel\u00f3w politycznych. To dawa\u0142o wszystkim, kt\u00f3rzy brali udzia\u0142 w zab\u00f3jstwach chrze\u015bcijan uzasadnienie dla ich zbrodniczych czyn\u00f3w maj\u0105cych pos\u0142u\u017cy\u0107 stworzeniu homogenicznego narodu tureckiego.<\/p>\r\n<p><strong><em>Agnieszka Stelmach<\/em><\/strong><\/p>","protected":false},"excerpt":{"rendered":"W najnowszej ksi\u0105\u017cce \u201eV\u00f6lkermord den Armeniern\u201d (\u201eLudob\u00f3jstwo Ormian\u201d)\u00a0 Michael Hesemann ujawnia po raz pierwszy tre\u015b\u0107 nigdy wcze\u015bniej niepublikowanych dokument\u00f3w na temat &#8222;najwi\u0119kszej zbrodni I wojny \u015bwiatowej&#8221;, tj. ludob\u00f3jstwa Ormian, kt\u00f3remu papie\u017c Benedykt XV i dyplomacja watyka\u0144ska pr\u00f3bowali zapobiec. Jak si\u0119 okazuje, niema\u0142\u0105 rol\u0119 w tej masakrze odegra\u0142a masoneria francuska. W wywiadzie udzielonym portalowi Aleteia.org. niemiecki [&hellip;]","protected":false},"author":1,"featured_media":0,"comment_status":"closed","ping_status":"closed","sticky":false,"template":"","format":"standard","meta":{"_acf_changed":false,"_monsterinsights_skip_tracking":false,"_monsterinsights_sitenote_active":false,"_monsterinsights_sitenote_note":"","_monsterinsights_sitenote_category":0,"ngg_post_thumbnail":0,"footnotes":"","_wp_rev_ctl_limit":""},"categories":[3],"tags":[131,233,41],"acf":[],"_links":{"self":[{"href":"https:\/\/www.bibula.com\/index.php?rest_route=\/wp\/v2\/posts\/81198"}],"collection":[{"href":"https:\/\/www.bibula.com\/index.php?rest_route=\/wp\/v2\/posts"}],"about":[{"href":"https:\/\/www.bibula.com\/index.php?rest_route=\/wp\/v2\/types\/post"}],"author":[{"embeddable":true,"href":"https:\/\/www.bibula.com\/index.php?rest_route=\/wp\/v2\/users\/1"}],"replies":[{"embeddable":true,"href":"https:\/\/www.bibula.com\/index.php?rest_route=%2Fwp%2Fv2%2Fcomments&post=81198"}],"version-history":[{"count":0,"href":"https:\/\/www.bibula.com\/index.php?rest_route=\/wp\/v2\/posts\/81198\/revisions"}],"wp:attachment":[{"href":"https:\/\/www.bibula.com\/index.php?rest_route=%2Fwp%2Fv2%2Fmedia&parent=81198"}],"wp:term":[{"taxonomy":"category","embeddable":true,"href":"https:\/\/www.bibula.com\/index.php?rest_route=%2Fwp%2Fv2%2Fcategories&post=81198"},{"taxonomy":"post_tag","embeddable":true,"href":"https:\/\/www.bibula.com\/index.php?rest_route=%2Fwp%2Fv2%2Ftags&post=81198"}],"curies":[{"name":"wp","href":"https:\/\/api.w.org\/{rel}","templated":true}]}}