{"id":81182,"date":"2015-04-19T08:39:22","date_gmt":"2015-04-19T12:39:22","guid":{"rendered":"http:\/\/www.bibula.com\/?p=81182"},"modified":"2015-04-19T14:14:17","modified_gmt":"2015-04-19T18:14:17","slug":"szef-fbi-mowi-o-wspolodpowiedzialnosci-polakow-za-holocaust","status":"publish","type":"post","link":"https:\/\/www.bibula.com\/?p=81182","title":{"rendered":"Szef FBI m\u00f3wi o wsp\u00f3\u0142odpowiedzialno\u015bci Polak\u00f3w za holocaust"},"content":{"rendered":"<p><strong>Dyrektor FBI James Comey na \u0142amach &#8222;The Washington Post&#8221; zarzuci\u0142 Polakom wsp\u00f3\u0142odpowiedzialno\u015b\u0107 za holokaust. Ambasador RP w Waszyngtonie wys\u0142a\u0142 w tej sprawie specjalny list.<\/strong><\/p>\r\n<p>Artyku\u0142 w dziale opinie &#8222;The Washington Post&#8221; jest przeredagowanym przem\u00f3wieniem szefa FBI, kt\u00f3re wyg\u0142osi\u0142 w \u015brod\u0119 w waszyngto\u0144skim Muzeum Holokaustu. Comey m\u00f3wi\u0142 w\u00f3czas, ze holocaut &#8222;zawsze go prze\u015bladowa\u0142&#8221;. Jak zaznacza\u0142, stawia\u0142o to przed nim pytania o sens \u017cycia i cierpienia.<\/p>\r\n<p>Wed\u0142ug szefa FBI ludob\u00f3jstwo na \u017bydach podczas II wojny \u015bwiatowej &#8222;jest najbardziej znacz\u0105cym wydarzeniem w historii ludzko\u015bci&#8221;. Zaznaczy\u0142 on, \u017ce holocaust by\u0142 &#8222;najstraszliwszym pokazem w \u015bwiatowej historii nieludzko\u015bci&#8221;. W swoim przem\u00f3wienia Comey powiedzia\u0142, \u017ce poleci\u0142 wszystkim nowym agentom Federalnego Biura \u015aledczego obowi\u0105zkowe odwiedziny waszyngto\u0144skiego Muzeum.<\/p>\r\n<p>W ocenie szefa FBI holokaust pokaza\u0142, \u017ce jako ludzie &#8222;jeste\u015bmy w stanie zrezygnowa\u0107 z indywidualnej moralno\u015bci, poddaj\u0105c si\u0119 w\u0142adzy grupy, jeste\u015bmy w stanie przekona\u0107 si\u0119 do prawie wszystkiego\u201d. Jak doda\u0142 <strong>&#8222;w ich mniemaniu, mordercy i ich wsp\u00f3lnicy z Niemiec, Polski, W\u0119gier i wielu, wielu innych miejsc nie zrobili czego\u015b z\u0142ego. Przekonali siebie do tego, \u017ce uczynili to, co by\u0142o s\u0142uszne, to, co musieli zrobi\u0107&#8221;<\/strong>.<\/p>\r\n<p>Na s\u0142owa te zareagowa\u0142 rzecznik polskiego Ministerstwa Spraw Zagranicznych Marcin Wojciechowski. Jak napisa\u0142 na Twitterze, ambasada RP w Waszyngtonie zareagowa\u0142a listem Ambasadora na przem\u00f3wienie dyrektora FBI w Muzeum Holocaustu. Wojciechowski nazwa\u0142 &#8222;niedopuszczalnymi&#8221; s\u0142owa dotycz\u0105ce Polski.<\/p>\r\n<p>&#8222;The Washington Post&#8221; \/ onet.pl \/ Kresy.pl<\/p>\r\n<p class=\"zrodlo\">Za: <a href=\"http:\/\/www.kresy.pl\/wydarzenia,spoleczenstwo?zobacz\/szef-fbi-mowi-o-wspolodpowiedzialnosci-polakow-za-holocaust#\">Kresy.pl (18 kwietnia 2015)<\/a><\/p>\r\n<h4>\u00a0<\/h4>\r\n<ul>\r\n<li>\r\n<h4><strong>CZYTAJ<\/strong>: <strong><span style=\"text-decoration: underline;\"><a href=\"http:\/\/www.bibula.com\/?p=17994\">Holokaust czy &#8222;99-procentowy\u201d mit? <\/a><\/span><\/strong><\/h4>\r\n<\/li>\r\n<\/ul>\r\n<h4>\u00a0<\/h4>\r\n<hr style=\"background-color: #000000; border-width: 0; color: #000000; height: 2px; line-height: 0; text-align: center; width: 100%;\" \/>\r\n<h4>\u00a0<\/h4>\r\n<h2>MSZ wezwa\u0142o ameryka\u0144skiego ambasadora w sprawie &#8222;polskich oboz\u00f3w \u015bmierci&#8221;. &#8222;To nie jest stanowisko USA&#8221;<\/h2>\r\n<p><strong>Sugerowanie, \u017ce Polska jest w jakikolwiek spos\u00f3b odpowiadzialna za holokaust, to nie jest stanowisko USA &#8211; zadeklarowa\u0142 wezwany dzisiaj do MSZ ambasador USA w Polsce, Stephen Mull. To dalszy ci\u0105g sprawy wypowiedzi dyrektora FBI, Jamesa Comey\u2019a, kt\u00f3ry przypisa\u0142 Polakom wsp\u00f3\u0142odpowiedzialno\u015b\u0107 za zabijanie \u017byd\u00f3w w czasie II wojny \u015bwiatowej.<\/strong><\/p>\r\n<p><img decoding=\"async\" class=\"\" style=\"border: 0px none; margin: 10px;\" src=\"http:\/\/www.pch24.pl\/images\/min_mid_big\/mid_35230.jpg\" alt=\"\" width=\"262\" height=\"155\" align=\"left\" \/>Comey 15 kwietnia przemawia\u0142 w waszyngto\u0144skim Muzeum Holokaustu. Stwierdzi\u0142, i\u017c holokaust pokaza\u0142, \u017ce jako ludzie &#8222;jeste\u015bmy w stanie zrezygnowa\u0107 z indywidualnej moralno\u015bci, poddaj\u0105c si\u0119 w\u0142adzy grupy, jeste\u015bmy w stanie przekona\u0107 si\u0119 do prawie wszystkiego\u201d, dodaj\u0105c przy tym: <strong>&#8222;w ich mniemaniu, mordercy i ich wsp\u00f3lnicy z Niemiec, Polski, W\u0119gier i wielu, wielu innych miejsc nie zrobili czego\u015b z\u0142ego. Przekonali siebie do tego, \u017ce uczynili to, co by\u0142o s\u0142uszne, to, co musieli zrobi\u0107&#8221;. <br \/><\/strong><\/p>\r\n<p>S\u0142owa te znalaz\u0142y si\u0119 w \u201eThe Washington Times\u201d, kt\u00f3ra przedrukowa\u0142a przem\u00f3wienie Comey\u2019a w formie artyku\u0142u. Zaprotestowa\u0142 przeciwko niej polski ambasador w Stanach Zjednoczonych, wysy\u0142aj\u0105c specjalny list w tej sprawie.<\/p>\r\n<p>Przeciwko skandalicznej wypowiedzi Comey\u2019a zaprotestowa\u0142o r\u00f3wnie\u017c polskie MSZ. Resort zdecydowa\u0142 o wezwaniu ambasadora Stan\u00f3w Zjednoczonych. \u201eAmbasador Steve Mull zostanie wezwany do MSZ w zwi\u0105zku z wypowiedzi\u0105 dyrektora FBI. Otrzyma not\u0119 z protestem i wezwaniem do przeprosin\u201d &#8211; napisa\u0142 na Twitterze rzecznik MSZ, Marcin Wojciechowski.<\/p>\r\n<p>Ambasador Mull pojawi\u0142 si\u0119 w siedzibie MSZ w niedziel\u0119 po po\u0142udniu.\u00a0&#8211; <em>To nie jest stanowisko Stan\u00f3w Zjednoczonych, \u017ce Polska by\u0142a w jakikolwiek spos\u00f3b odpowiedzialna za Holokaust. To jest tylko i wy\u0142\u0105cznie odpowiedzialno\u015b\u0107 nazistowskich Niemc\u00f3w<\/em> &#8211; powiedzia\u0142 dziennikarzom. Doda\u0142 te\u017c, \u017ce twierdzenie, i\u017c jakikolwiek inny kraj, poza Niemcami, ponosi odpowiedzialno\u015b\u0107 za zbrodnie holokaustu jest b\u0142\u0119dne, szkodliwe i obra\u017aliwe. Wed\u0142ug Mulla, szef FBI nie chcia\u0142 umniejszy\u0107 wk\u0142adu Polak\u00f3w w obron\u0119 \u017byd\u00f3w przed zbrodniami. Zapowiedzia\u0142 r\u00f3wnie\u017c, \u017ce by\u0107 mo\u017ce FBI wyda o\u015bwiadczenie w tej sprawie.<\/p>\r\n<p>\u0179r\u00f3d\u0142o: Twitter, kresy.pl, rp.pl<\/p>\r\n<p>ged<\/p>\r\n<p><span style=\"background-color: #ffffff; color: #999999;\">fot. Krystian Maj\/FORUM<\/span><\/p>\r\n<p class=\"zrodlo\">Za: <a href=\"http:\/\/www.pch24.pl\/msz-wezwalo-amerykanskiego-ambasadora-w-sprawie--polskich-obozow-smierci----to-nie-jest-stanowisko-usa-,35230,i.html\">PoloniaChristiana &#8211; pch24.pl (2015-04-19)<\/a><\/p>","protected":false},"excerpt":{"rendered":"Dyrektor FBI James Comey na \u0142amach &#8222;The Washington Post&#8221; zarzuci\u0142 Polakom wsp\u00f3\u0142odpowiedzialno\u015b\u0107 za holokaust. Ambasador RP w Waszyngtonie wys\u0142a\u0142 w tej sprawie specjalny list. Artyku\u0142 w dziale opinie &#8222;The Washington Post&#8221; jest przeredagowanym przem\u00f3wieniem szefa FBI, kt\u00f3re wyg\u0142osi\u0142 w \u015brod\u0119 w waszyngto\u0144skim Muzeum Holokaustu. Comey m\u00f3wi\u0142 w\u00f3czas, ze holocaut &#8222;zawsze go prze\u015bladowa\u0142&#8221;. Jak zaznacza\u0142, stawia\u0142o [&hellip;]","protected":false},"author":1,"featured_media":0,"comment_status":"closed","ping_status":"closed","sticky":false,"template":"","format":"standard","meta":{"_acf_changed":false,"_monsterinsights_skip_tracking":false,"_monsterinsights_sitenote_active":false,"_monsterinsights_sitenote_note":"","_monsterinsights_sitenote_category":0,"ngg_post_thumbnail":0,"footnotes":"","_wp_rev_ctl_limit":""},"categories":[7],"tags":[65,22,20,221],"acf":[],"_links":{"self":[{"href":"https:\/\/www.bibula.com\/index.php?rest_route=\/wp\/v2\/posts\/81182"}],"collection":[{"href":"https:\/\/www.bibula.com\/index.php?rest_route=\/wp\/v2\/posts"}],"about":[{"href":"https:\/\/www.bibula.com\/index.php?rest_route=\/wp\/v2\/types\/post"}],"author":[{"embeddable":true,"href":"https:\/\/www.bibula.com\/index.php?rest_route=\/wp\/v2\/users\/1"}],"replies":[{"embeddable":true,"href":"https:\/\/www.bibula.com\/index.php?rest_route=%2Fwp%2Fv2%2Fcomments&post=81182"}],"version-history":[{"count":0,"href":"https:\/\/www.bibula.com\/index.php?rest_route=\/wp\/v2\/posts\/81182\/revisions"}],"wp:attachment":[{"href":"https:\/\/www.bibula.com\/index.php?rest_route=%2Fwp%2Fv2%2Fmedia&parent=81182"}],"wp:term":[{"taxonomy":"category","embeddable":true,"href":"https:\/\/www.bibula.com\/index.php?rest_route=%2Fwp%2Fv2%2Fcategories&post=81182"},{"taxonomy":"post_tag","embeddable":true,"href":"https:\/\/www.bibula.com\/index.php?rest_route=%2Fwp%2Fv2%2Ftags&post=81182"}],"curies":[{"name":"wp","href":"https:\/\/api.w.org\/{rel}","templated":true}]}}