{"id":81148,"date":"2015-04-16T09:36:03","date_gmt":"2015-04-16T13:36:03","guid":{"rendered":"http:\/\/www.bibula.com\/?p=81148"},"modified":"2015-04-16T09:36:03","modified_gmt":"2015-04-16T13:36:03","slug":"uchodzcy-z-afryki-zaleja-polske","status":"publish","type":"post","link":"https:\/\/www.bibula.com\/?p=81148","title":{"rendered":"Uchod\u017acy z Afryki zalej\u0105 Polsk\u0119?"},"content":{"rendered":"<p><strong>Polska mo\u017ce zosta\u0107 zmuszona do przyj\u0119cia wyznaczonych przez Bruksel\u0119 imigrant\u00f3w z kraj\u00f3w afryka\u0144skich &#8211; podaje \u201eWprost\u201d. W po\u0142owie przysz\u0142ego miesi\u0105ca nale\u017cy si\u0119 spodziewa\u0107 przedstawienia w tej sprawie nowej strategii przez Komisj\u0119 Europejsk\u0105.<\/strong><\/p>\r\n<p>\u201eWzywam kraje cz\u0142onkowskie, by wykaza\u0142y si\u0119 solidarno\u015bci\u0105 decyduj\u0105c si\u0119 na konkretne dzia\u0142ania. Musimy zrozumie\u0107, \u017ce bezprecedensowy nap\u0142yw uchod\u017ac\u00f3w to nowa sytuacja i musimy si\u0119 do niej dostosowa\u0107\u201d &#8211; powiedzia\u0142 komisarz Dimitris Awramopulos, komisarz ds. migracji, spraw wewn\u0119trznych i obywatelstwa.<\/p>\r\n<p>Jednym z rozwi\u0105za\u0144, kt\u00f3re przedstawi KE, mo\u017ce by\u0107 uzale\u017cnienie liczby przyj\u0119tych imigrant\u00f3w od liczby mieszka\u0144c\u00f3w kraju cz\u0142onkowskiego. \u201eNam zale\u017cy na tym, \u017ceby bardziej bra\u0107 pod uwag\u0119 zakres opieki socjalnej, poziom dochodu narodowego\u00a0 a nie liczb\u0119 ludno\u015bci, czy liczb\u0119 przyj\u0119tych ju\u017c imigrant\u00f3w\u201d &#8211; m\u00f3wi eurodeputowana Barbara Kudrycka z komisji wolno\u015bci obywatelskich.<\/p>\r\n<p>RMF FM \/ wprost.pl \/ Kresy.pl<\/p>","protected":false},"excerpt":{"rendered":"Polska mo\u017ce zosta\u0107 zmuszona do przyj\u0119cia wyznaczonych przez Bruksel\u0119 imigrant\u00f3w z kraj\u00f3w afryka\u0144skich &#8211; podaje \u201eWprost\u201d. W po\u0142owie przysz\u0142ego miesi\u0105ca nale\u017cy si\u0119 spodziewa\u0107 przedstawienia w tej sprawie nowej strategii przez Komisj\u0119 Europejsk\u0105. \u201eWzywam kraje cz\u0142onkowskie, by wykaza\u0142y si\u0119 solidarno\u015bci\u0105 decyduj\u0105c si\u0119 na konkretne dzia\u0142ania. Musimy zrozumie\u0107, \u017ce bezprecedensowy nap\u0142yw uchod\u017ac\u00f3w to nowa sytuacja i musimy [&hellip;]","protected":false},"author":1,"featured_media":0,"comment_status":"closed","ping_status":"closed","sticky":false,"template":"","format":"standard","meta":{"_acf_changed":false,"_monsterinsights_skip_tracking":false,"_monsterinsights_sitenote_active":false,"_monsterinsights_sitenote_note":"","_monsterinsights_sitenote_category":0,"ngg_post_thumbnail":0,"footnotes":"","_wp_rev_ctl_limit":""},"categories":[8],"tags":[165,23,92,76],"acf":[],"_links":{"self":[{"href":"https:\/\/www.bibula.com\/index.php?rest_route=\/wp\/v2\/posts\/81148"}],"collection":[{"href":"https:\/\/www.bibula.com\/index.php?rest_route=\/wp\/v2\/posts"}],"about":[{"href":"https:\/\/www.bibula.com\/index.php?rest_route=\/wp\/v2\/types\/post"}],"author":[{"embeddable":true,"href":"https:\/\/www.bibula.com\/index.php?rest_route=\/wp\/v2\/users\/1"}],"replies":[{"embeddable":true,"href":"https:\/\/www.bibula.com\/index.php?rest_route=%2Fwp%2Fv2%2Fcomments&post=81148"}],"version-history":[{"count":0,"href":"https:\/\/www.bibula.com\/index.php?rest_route=\/wp\/v2\/posts\/81148\/revisions"}],"wp:attachment":[{"href":"https:\/\/www.bibula.com\/index.php?rest_route=%2Fwp%2Fv2%2Fmedia&parent=81148"}],"wp:term":[{"taxonomy":"category","embeddable":true,"href":"https:\/\/www.bibula.com\/index.php?rest_route=%2Fwp%2Fv2%2Fcategories&post=81148"},{"taxonomy":"post_tag","embeddable":true,"href":"https:\/\/www.bibula.com\/index.php?rest_route=%2Fwp%2Fv2%2Ftags&post=81148"}],"curies":[{"name":"wp","href":"https:\/\/api.w.org\/{rel}","templated":true}]}}