{"id":8111,"date":"2009-03-26T22:50:42","date_gmt":"2009-03-27T03:50:42","guid":{"rendered":"http:\/\/www.bibula.com\/?p=8111"},"modified":"2009-03-26T22:50:42","modified_gmt":"2009-03-27T03:50:42","slug":"%e2%80%9eavvenire%e2%80%9d-krytyka-benedykta-xvi-jest-wyrazem-wynioslosci-francji-i-zachodu","status":"publish","type":"post","link":"https:\/\/www.bibula.com\/?p=8111","title":{"rendered":"\u201eAvvenire&#8221;: krytyka Benedykta XVI jest wyrazem &#8222;wynios\u0142o\u015bci Francji i Zachodu&#8221;"},"content":{"rendered":"<p><strong>Redakcja \u201eAvvenire\u201d: &#8222;Pary\u017c ma ambicje pouczania papie\u017ca, kt\u00f3ry o\u015bmieli\u0142 si\u0119 wezwa\u0107 narody afryka\u0144skie, by podnios\u0142y g\u0142ow\u0119 i zabra\u0142y g\u0142os&#8221;.<\/strong><\/p>\r\n\r\n<p>W artykule redakcyjnym dziennik w\u0142oskich biskup\u00f3w stwierdza, \u017ce &#8222;Pary\u017c ma ambicje pouczania papie\u017ca, kt\u00f3ry o\u015bmieli\u0142 si\u0119 wezwa\u0107 narody afryka\u0144skie, by podnios\u0142y g\u0142ow\u0119 i zabra\u0142y g\u0142os&#8221;.<\/p>\r\n\r\n<p>Wed\u0142ug dziennika musia\u0142o to wywo\u0142a\u0107 sprzeciw w tych, kt\u00f3rzy \u201edo Afryki przybywali zawsze w charakterze pan\u00f3w\u201d. S\u0142owa Benedykta XVI na temat prezerwatyw i AIDS, dodaje gazeta, wywo\u0142a\u0142y zgorszenie \u201ew szczeg\u00f3lno\u015bci we Francji, we wra\u017cliwych uszach ministr\u00f3w i rzecznik\u00f3w rz\u0105du, zadumanych intelektualist\u00f3w i us\u0142u\u017cnych profesor\u00f3w\u201d, kt\u00f3rym wydaje si\u0119, \u017ce prezerwatywa jest czym\u015b \u201ewyzwalaj\u0105cym i zbawczym\u201d.<\/p>\r\n\r\n<p>\u201eAvvenire\u201d podejrzewa, \u017ce reakcje te to szukanie alibi \u201edla sumienia zamo\u017cnego i zarozumia\u0142ego Zachodu, jak nigdy poch\u0142oni\u0119tego kontemplacj\u0105 p\u0119pka swoich przekona\u0144 i maskowaniem w\u0142asnego egoizmu\u201d.<\/p>\r\n\r\n<p>Christianitas za: KAI\/jad\/wiara.pl<\/p>\r\n\r\n<p>Za: <a href=\"http:\/\/christianitas.pl\/?sr=!czytaj&amp;dz=11&amp;id=587\" target=\"_blank\">Christianistas.pl<\/a><\/p>\r\n\r\n<p><br class=\"spacer_\" \/><\/p>","protected":false},"excerpt":{"rendered":"Redakcja \u201eAvvenire\u201d: &#8222;Pary\u017c ma ambicje pouczania papie\u017ca, kt\u00f3ry o\u015bmieli\u0142 si\u0119 wezwa\u0107 narody afryka\u0144skie, by podnios\u0142y g\u0142ow\u0119 i zabra\u0142y g\u0142os&#8221;. W artykule redakcyjnym dziennik w\u0142oskich biskup\u00f3w stwierdza, \u017ce &#8222;Pary\u017c ma ambicje pouczania papie\u017ca, kt\u00f3ry o\u015bmieli\u0142 si\u0119 wezwa\u0107 narody afryka\u0144skie, by podnios\u0142y g\u0142ow\u0119 i zabra\u0142y g\u0142os&#8221;. Wed\u0142ug dziennika musia\u0142o to wywo\u0142a\u0107 sprzeciw w tych, kt\u00f3rzy \u201edo Afryki [&hellip;]","protected":false},"author":1,"featured_media":0,"comment_status":"closed","ping_status":"closed","sticky":false,"template":"","format":"standard","meta":{"_acf_changed":false,"_monsterinsights_skip_tracking":false,"_monsterinsights_sitenote_active":false,"_monsterinsights_sitenote_note":"","_monsterinsights_sitenote_category":0,"ngg_post_thumbnail":0,"footnotes":"","_wp_rev_ctl_limit":""},"categories":[6],"tags":[109,41],"acf":[],"_links":{"self":[{"href":"https:\/\/www.bibula.com\/index.php?rest_route=\/wp\/v2\/posts\/8111"}],"collection":[{"href":"https:\/\/www.bibula.com\/index.php?rest_route=\/wp\/v2\/posts"}],"about":[{"href":"https:\/\/www.bibula.com\/index.php?rest_route=\/wp\/v2\/types\/post"}],"author":[{"embeddable":true,"href":"https:\/\/www.bibula.com\/index.php?rest_route=\/wp\/v2\/users\/1"}],"replies":[{"embeddable":true,"href":"https:\/\/www.bibula.com\/index.php?rest_route=%2Fwp%2Fv2%2Fcomments&post=8111"}],"version-history":[{"count":0,"href":"https:\/\/www.bibula.com\/index.php?rest_route=\/wp\/v2\/posts\/8111\/revisions"}],"wp:attachment":[{"href":"https:\/\/www.bibula.com\/index.php?rest_route=%2Fwp%2Fv2%2Fmedia&parent=8111"}],"wp:term":[{"taxonomy":"category","embeddable":true,"href":"https:\/\/www.bibula.com\/index.php?rest_route=%2Fwp%2Fv2%2Fcategories&post=8111"},{"taxonomy":"post_tag","embeddable":true,"href":"https:\/\/www.bibula.com\/index.php?rest_route=%2Fwp%2Fv2%2Ftags&post=8111"}],"curies":[{"name":"wp","href":"https:\/\/api.w.org\/{rel}","templated":true}]}}