{"id":80969,"date":"2015-04-06T14:17:28","date_gmt":"2015-04-06T18:17:28","guid":{"rendered":"http:\/\/www.bibula.com\/?p=80969"},"modified":"2015-04-06T14:18:13","modified_gmt":"2015-04-06T18:18:13","slug":"odpowiedz-grzegorza-brauna-kandydata-na-prezydenta-rp-na-pytania-fundacji-pro","status":"publish","type":"post","link":"https:\/\/www.bibula.com\/?p=80969","title":{"rendered":"Odpowied\u017a Grzegorza Brauna, kandydata na Prezydenta RP, na pytania Fundacji PRO"},"content":{"rendered":"<p><strong>Szanowni Pa\u0144stwo,<\/strong><\/p>\r\n<p>Dzi\u0119kuj\u0119 za list &#8211; odpowiedzi na zadane w nim pytania udzieli\u0107 przyjdzie mi tym \u0142atwiej, \u017ce w istocie ju\u017c dawno i nie jeden raz ich udzieli\u0142em. Szereg razy mia\u0142em okazj\u0119 wypowiada\u0107 si\u0119 publicznie na tematy, kt\u00f3re podobnie jak Pa\u0144stwo uwa\u017cam za kluczowe dla los\u00f3w narodu i pa\u0144stwa polskiego, czy szerzej, ca\u0142ej cywilizacji \u0142aci\u0144skiej. Jako autor film\u00f3w dokumentalnych powszechnie odbieranych jako jednoznaczny g\u0142os za \u017cyciem, a przeciwko nieludzkim teoriom eugenicznym i zbrodniczym praktykom aborcyjnym &#8211; notabene cz\u0119stokro\u0107 stykaj\u0105c si\u0119 z napastliw\u0105 krytyk\u0105 ze strony o\u015brodk\u00f3w antypolskiej i antykatolickiej propagandy &#8211; da\u0142em, jak mniemam, dostatecznie zdecydowany wyraz mojemu pryncypialnemu stanowisku. Wszystkich zainteresowanych moimi pogl\u0105dami odsy\u0142am wi\u0119c przede wszystkim do film\u00f3w: \u201eEugenika &#8211; w imi\u0119 post\u0119pu\u201d i \u201enie o Mary Wagner\u201d, w kt\u00f3rych uda\u0142o mi si\u0119, mam nadziej\u0119, zawrze\u0107 dostatecznie szerok\u0105 argumentacj\u0119 i egzemplifikacj\u0119 odnosz\u0105c\u0105 si\u0119 do bez ma\u0142a wszystkich stawianych przez Pa\u0144stwa kwestii. Rozumiem jednak, \u017ce zg\u0142oszenie mojej kandydatury w nadchodz\u0105cych wyborach prezydenckich tworzy sytuacj\u0119 now\u0105, w kt\u00f3rej zrozumia\u0142e jest oczekiwanie, \u017ce opinie wcze\u015bniej rozsiane w r\u00f3\u017cnych publikacjach (poza filmowymi, tak\u017ce prasowych, radiowych etc.), teraz zostan\u0105 zebrane i wyra\u017anie powt\u00f3rzone &#8211; co te\u017c niniejszym czyni\u0119 (zachowuj\u0105c nadan\u0105 przez Pa\u0144stwa numeracj\u0119 pyta\u0144).<\/p>\r\n<p><strong>1. Czy zatem uwa\u017cam, \u017ce prawo Polskie powinno chroni\u0107 ka\u017cdego cz\u0142owieka od pocz\u0119cia? Tak jest. Stanowczo tak uwa\u017cam.<\/strong> Rozumiem przy tym, \u017ce m\u00f3wi\u0105c o \u201echronieniu cz\u0142owieka\u201d macie Pa\u0144stwo na uwadze prawn\u0105 ochron\u0119 ka\u017cdego \u017cycia ludzkiego &#8211; niezale\u017cnie od wieku, stanu zdrowia, stanu maj\u0119tno\u015bci etc. Owszem, prawo nie mo\u017ce czyni\u0107 od tej zasady \u017cadnych wyj\u0105tk\u00f3w, kt\u00f3re wynika\u0142yby z arbitralnej oceny \u201ejako\u015bci\u201d, czy poziomu oczekiwa\u0144 innych os\u00f3b wzgl\u0119dem ludzkiego \u017cycia. (Wyj\u0105tek czyni\u0119, rzecz jasna, dla doros\u0142ych os\u00f3b, kt\u00f3re swoim rozmy\u015blnym dzia\u0142aniem stawiaj\u0105 si\u0119 poza prawem, a to jest: zab\u00f3jc\u00f3w z premedytacj\u0105, zdrajc\u00f3w stanu, szpieg\u00f3w i dezerter\u00f3w w obliczu wroga &#8211; dawanie tym zbrodniarzom prawnej gwarancji \u017cycia jest z kolei potwornym i absurdalnym uroszczeniem &#8211; na u\u017cytek takich przypadk\u00f3w stanowczo postuluj\u0119 restytucj\u0119 kary g\u0142\u00f3wnej).<\/p>\r\n<p><strong>W szczeg\u00f3lno\u015bci, czy uwa\u017cam, \u017ce dzieci podejrzane o chorob\u0119 lub wad\u0119 genetyczn\u0105, mo\u017cna pozbawi\u0107 \u017cycia poprzez aborcj\u0119? Nie, w \u017cadnym wypadku.<\/strong> W filmie \u201eNie o Mary Wagner\u201d przedstawi\u0142em, jak s\u0105dz\u0119, dostatecznie szerok\u0105 argumentacj\u0119 i egzemplifikacj\u0119 t\u0142umacz\u0105c\u0105 takie stanowisko. Sam koncept ewaluacji ew. \u201eniedoskona\u0142o\u015bci\u201d naszych bli\u017anich i wyrokowania na tej podstawie, kto \u201ezas\u0142uguje\u201d, by \u017cy\u0107, jest w samej istocie horrendalnym uroszczeniem &#8211; a w praktycznych konsekwencjach prowadzi, jak wiadomo, do rzezi niewini\u0105tek. Odrzucam wi\u0119c wszelkie rozwi\u0105zania prawne, kt\u00f3re takie praktyki czyni\u0105 bezkarnymi. Odrzucam wi\u0119c, co oczywiste, obowi\u0105zuj\u0105cy w III RP tzw. \u201ekompromis aborcyjny\u201d. Przypominam bowiem, \u017ce jest to stan prawny plasuj\u0105cy nas na poziomie rozwi\u0105za\u0144 obowi\u0105zuj\u0105cych w III Rzeszy, gdzie prawo r\u00f3wnie\u017c nie pozwala\u0142o na bezkarne zab\u00f3jstwo ka\u017cdego dziecka &#8211; \u201etylko\u201d niekt\u00f3rych dzieci (sic).<\/p>\r\n<p><strong>2. Czy uwa\u017cam, \u017ce ktokolwiek ma prawo do posiadania innego cz\u0142owieka? Nie. Stanowczo odrzucam takie uroszczenie.<\/strong><br \/> W szczeg\u00f3lno\u015bci, czy uwa\u017cam, \u017ce ktokolwiek ma prawo do posiadania dziecka, a w konsekwencji do wyprodukowania go metod\u0105 in vitro? Nie, nic podobnego. W filmie \u201eEugenika &#8211; w imi\u0119 post\u0119pu\u201d stara\u0142em si\u0119 unaoczni\u0107, \u017ce nieuchronnie wyst\u0119puj\u0105cy w procedurze \u201ein vitro\u201d moment selekcji czyni ca\u0142y proceder zbrodniczym, a reklamowanie go &#8211; szczeg\u00f3lnie perfidnym i niegodziwym. Przy okazji warto zwr\u00f3ci\u0107 uwag\u0119, \u017ce prawna akceptacja praktyki \u201ein vitro\u201d odbiera logiczne podstawy sprzeciwowi wobec aborcji &#8211; skoro bowiem zgodzimy si\u0119 na selekcj\u0119 w tej akurat fazie \u017cycia, na jakiej podstawie mieliby\u015bmy kwestionowa\u0107 prawo do prowadzenia takiej samej selekcji w innych fazach? I mo\u017ce w tym rzecz w\u0142a\u015bnie &#8211; mo\u017ce poza oczywistymi interesami przemys\u0142u \u201ein vitro\u201d chodzi jego promotorom tak\u017ce i o to: o wprowadzenie prawnego przyzwolenia na aborcj\u0119 niejako \u201ekuchennymi drzwiami\u201d?<\/p>\r\n<p><strong>3. Czy uwa\u017ca Pan, \u017ce ma\u0142\u017ce\u0144stwo i rodzina powinny by\u0107 szczeg\u00f3lnie chronione? Tak, owszem.<\/strong> Uwa\u017cam, \u017ce stosunek do \u017cycia, ma\u0142\u017ce\u0144stwa i rodziny jest w og\u00f3le jednym z g\u0142\u00f3wnych kryteri\u00f3w warto\u015bci, prawowito\u015bci i efektywno\u015bci ka\u017cdego systemu prawnego, ka\u017cdego pa\u0144stwa, ka\u017cdej cywilizacji. Nota bene: z tego w\u0142a\u015bnie wzgl\u0119du kwestionuj\u0119 prawowito\u015b\u0107 aktualnego rz\u0105du warszawskiego (kt\u00f3rego dla unikni\u0119cia mo\u017cliwych nieporozumie\u0144 nie nazywam polskim). Rz\u0105d ten przyzwala bowiem, ba, wr\u0119cz sam inicjuje kolejne akty wrogie wobec polskiej rodziny &#8211; dzia\u0142aj\u0105c przeciwko prawu naturalnemu, godz\u0105c we w\u0142adz\u0119 rodzicielsk\u0105, tworz\u0105c gwarantowany popyt na us\u0142ugi przemys\u0142u \u201ein vitro\u201d, implementuj\u0105c ideologi\u0119 \u201egender\u201d do polskiego systemu prawnego, inicjuj\u0105c dezinformacj\u0119 i deprawacj\u0119 nieletnich za pomoc\u0105 pa\u0144stwowego przymusu edukacyjnego, etc. etc. Pa\u0144stwo warszawskie (kt\u00f3rego nie nazywam polskim) realizuje strategi\u0119 perfidnej agresji wymierzonej w rodzin\u0119 &#8211; tak\u017ce w\u00f3wczas, gdy promuje akty prawne w rodzaju \u201ekonwencji antyprzemocowej\u201d, kt\u00f3rych autorzy to z tradycyjnej rodziny chc\u0105 uczyni\u0107 g\u0142\u00f3wnego podejrzanego i winowajc\u0119 wszelkich patologii (czyni\u0105c to notabene nie tylko wbrew naturze, ale te\u017c wbrew wszelkim prawdziwym, statystycznie rozpoznawalnym realiom \u017cycia spo\u0142ecznego w Polsce).<\/p>\r\n<p><strong>Czy dopuszcza Pan, nazywanie ma\u0142\u017ce\u0144stwem zwi\u0105zku innego ni\u017c zwi\u0105zek m\u0119\u017cczyzny i kobiety? Nie, nie dopuszczam.<\/strong> Jako normalny Polak ze wzruszeniem ramion odrzucam wszelkie arbitralne, absurdalne, ideologicznie motywowane, a politycznie egzekwowane manipulacje polami znaczeniowymi jakichkolwiek wyraz\u00f3w. A jako dyplomowany polonista przypominam d\u0142ug\u0105 tradycj\u0119 manipulacji j\u0119zykiem dla osi\u0105gni\u0119cia cel\u00f3w propagandowych przez walcz\u0105ce z nasz\u0105 cywilizacj\u0105 re\u017cimy &#8211; modyfikowanie, a niekiedy wr\u0119cz odwracanie znacze\u0144 s\u0142\u00f3w jest istot\u0105 ka\u017cdej totalniackiej \u201enowomowy\u201d.<\/p>\r\n<p><strong>4. Czy uwa\u017ca Pan, \u017ce Pa\u0144stwo mo\u017ce przymusowo edukowa\u0107 dzieci wbrew warto\u015bciom wyznawanym przez rodzic\u00f3w? W szczeg\u00f3lno\u015bci czy szko\u0142a pa\u0144stwowa mo\u017ce zach\u0119ca\u0107 do rozwi\u0105z\u0142o\u015bci, popiera\u0107 wynaturzone relacje seksualne, promowa\u0107 \u015brodki ubezp\u0142adniaj\u0105ce i zach\u0119ca\u0107 do aborcji?<\/strong> Najwyra\u017aniej mo\u017ce &#8211; skoro to w\u0142a\u015bnie tak powszechnie czyni. Ja za\u015b, <strong>taki stan rzeczy pryncypialnie pot\u0119piam i bardzo ch\u0119tnie krytykuj\u0119.<\/strong> Niekt\u00f3rym z Pa\u0144stwa znany jest by\u0107 mo\u017ce m\u00f3j krytyczny stosunek do pa\u0144stwowej, zetatyzowanej, scentralizowanej, przymusowej edukacji. Od lat staram si\u0119 nie zaniedbywa\u0107 okazji do krytyki dzia\u0142aj\u0105cego u nas ko\u0142\u0142\u0105tajowsko-stalinowskiego systemu nauczania. W tym kontek\u015bcie oczywisty jest m\u00f3j radykalnie negatywny stosunek do jakichkolwiek teorii i praktyk pedagogicznych kwestionuj\u0105cych w\u0142adz\u0119 rodzicielsk\u0105. Nota bene: faktem opisanym w historiografii jest szczeg\u00f3lny nacisk, jaki na zasad\u0119 pa\u0144stwowej edukacji k\u0142ad\u0105 lo\u017ce maso\u0144skie &#8211; badaczom znane s\u0105 cho\u0107by periodycznie ponawiane w tej sprawie proklamacje i dyrektywy masonerii francuskiej XIX\/XX ww. &#8211; w\u0142a\u015bnie dlatego, \u017ce bez pa\u0144stwowego przymusu pozosta\u0142e pryncypia tych wojuj\u0105cych z Tradycj\u0105 katolick\u0105 i polsk\u0105 organizacji nie mog\u0142yby by\u0107 tak skutecznie transmitowane i wdra\u017cane.<\/p>\r\n<p>Ka\u017cda z powy\u017cszych kwestii zas\u0142uguje, rzecz jasna, na powa\u017cniejsze om\u00f3wienie i domaga si\u0119 szerszej argumentacji &#8211; czego tu zaniecham, rozumiej\u0105c, \u017ce Pa\u0144stwu akurat argument\u00f3w nie braknie, chcecie natomiast zna\u0107 jasne w tych sprawach moje stanowisko. <strong>Mam nadziej\u0119, \u017ce nie zostawiam tu pola dla zasadniczych w\u0105tpliwo\u015bci.<\/strong> Gdyby si\u0119 one jednak nasun\u0119\u0142y &#8211; s\u0142u\u017c\u0119 dalszymi wyja\u015bnieniami. Przede wszystkim prosz\u0119 jednak uprzejmie odnotowa\u0107, \u017ce poza w\u0142asnym rozeznaniem chcia\u0142bym w tej sprawie (jak zreszt\u0105 w ka\u017cdej innej) polega\u0107 przede wszystkim na Tradycyjnym nauczaniu Ko\u015bcio\u0142a katolickiego &#8211; i to jest kontekst, w kt\u00f3rym wszelkie moje uwagi powinny by\u0107 interpretowane.<\/p>\r\n<p><strong>Na koniec prosz\u0119 przyj\u0105\u0107 moje najszczersze podzi\u0119kowanie za Pa\u0144stwa zaanga\u017cowanie, za wasze odwa\u017cne wyst\u0119powanie w polskim \u017cyciu publicznym<\/strong> &#8211; z \u017cyczeniami, by sprawy, o kt\u00f3re zabiegacie znalaz\u0142y wreszcie pomy\u015blne konkluzje. Do czego wszak\u017ce nie uda nam si\u0119 doprowadzi\u0107, je\u015bli prawo w Rzeczypospolitej Polskiej nadal stanowione b\u0119dzie przez ludzi, kt\u00f3rzy \u017cyciem ludzkim pogardzaj\u0105, a Boga si\u0119 nie boj\u0105 &#8211; przy biernym wsp\u00f3\u0142udziale znacznie wszak liczniejszych \u201ezwolennik\u00f3w kompromisu\u201d. To jest karta ha\u0144by, kt\u00f3r\u0105 w obliczu zbli\u017caj\u0105cej si\u0119 1050. rocznicy Chrztu Polski czas nareszcie odwr\u00f3ci\u0107.<\/p>\r\n<p>Z powa\u017caniem,<br \/> \/\u201d\u201d\/<br \/> Grzegorz Braun<\/p>\r\n<p class=\"zrodlo\">Za: <a href=\"http:\/\/www.hufcebrauna.pl\/index.php\/topic,30.0.html\">http:\/\/www.hufcebrauna.pl\/index.php\/topic,30.0.html<\/a><\/p>\r\n<p class=\"zrodlo\">Za: <a href=\"%20http:\/\/grzegorzbraun.pl\/odpowiex-na-pytania-fundacji-pro\">GrzegorzBraun.pl (4 kwietnia 2015)<\/a> &#8211; 'Odpowied\u017a na pytania Fundacji PRO&#8217;<\/p>","protected":false},"excerpt":{"rendered":"Szanowni Pa\u0144stwo, Dzi\u0119kuj\u0119 za list &#8211; odpowiedzi na zadane w nim pytania udzieli\u0107 przyjdzie mi tym \u0142atwiej, \u017ce w istocie ju\u017c dawno i nie jeden raz ich udzieli\u0142em. Szereg razy mia\u0142em okazj\u0119 wypowiada\u0107 si\u0119 publicznie na tematy, kt\u00f3re podobnie jak Pa\u0144stwo uwa\u017cam za kluczowe dla los\u00f3w narodu i pa\u0144stwa polskiego, czy szerzej, ca\u0142ej cywilizacji \u0142aci\u0144skiej. [&hellip;]","protected":false},"author":1,"featured_media":0,"comment_status":"closed","ping_status":"closed","sticky":false,"template":"","format":"standard","meta":{"_acf_changed":false,"_monsterinsights_skip_tracking":false,"_monsterinsights_sitenote_active":false,"_monsterinsights_sitenote_note":"","_monsterinsights_sitenote_category":0,"ngg_post_thumbnail":0,"footnotes":"","_wp_rev_ctl_limit":""},"categories":[8],"tags":[344,92,156],"acf":[],"_links":{"self":[{"href":"https:\/\/www.bibula.com\/index.php?rest_route=\/wp\/v2\/posts\/80969"}],"collection":[{"href":"https:\/\/www.bibula.com\/index.php?rest_route=\/wp\/v2\/posts"}],"about":[{"href":"https:\/\/www.bibula.com\/index.php?rest_route=\/wp\/v2\/types\/post"}],"author":[{"embeddable":true,"href":"https:\/\/www.bibula.com\/index.php?rest_route=\/wp\/v2\/users\/1"}],"replies":[{"embeddable":true,"href":"https:\/\/www.bibula.com\/index.php?rest_route=%2Fwp%2Fv2%2Fcomments&post=80969"}],"version-history":[{"count":0,"href":"https:\/\/www.bibula.com\/index.php?rest_route=\/wp\/v2\/posts\/80969\/revisions"}],"wp:attachment":[{"href":"https:\/\/www.bibula.com\/index.php?rest_route=%2Fwp%2Fv2%2Fmedia&parent=80969"}],"wp:term":[{"taxonomy":"category","embeddable":true,"href":"https:\/\/www.bibula.com\/index.php?rest_route=%2Fwp%2Fv2%2Fcategories&post=80969"},{"taxonomy":"post_tag","embeddable":true,"href":"https:\/\/www.bibula.com\/index.php?rest_route=%2Fwp%2Fv2%2Ftags&post=80969"}],"curies":[{"name":"wp","href":"https:\/\/api.w.org\/{rel}","templated":true}]}}