{"id":80953,"date":"2015-04-06T12:34:51","date_gmt":"2015-04-06T16:34:51","guid":{"rendered":"http:\/\/www.bibula.com\/?p=80953"},"modified":"2015-04-06T12:34:51","modified_gmt":"2015-04-06T16:34:51","slug":"polscy-emigranci-coraz-rzadziej-wracaja-do-domu-na-swieta","status":"publish","type":"post","link":"https:\/\/www.bibula.com\/?p=80953","title":{"rendered":"Polscy emigranci coraz rzadziej wracaj\u0105 do domu na \u015awi\u0119ta"},"content":{"rendered":"<p><strong>Coraz mniej Polak\u00f3w, kt\u00f3rzy wyjechali za granic\u0119, przyje\u017cd\u017ca do kraju na \u015awi\u0119ta. Wiele os\u00f3b na sta\u0142e sprowadza swoje rodziny do siebie i \u015bwi\u0119tuje rodzinnie w Anglii czy w Niemczech.<\/strong><\/p>\r\n<p>Zdaniem demografa, prof. Krystyna Iglickiej-Ok\u00f3lskiej, Polacy co prawda nadal sp\u0119dzaj\u0105 \u015awi\u0119ta w gronie rodzinnym, ale ju\u017c nie w Polsce. &#8211; <em>Model naszej emigracji w ostatnim czasie diametralnie si\u0119 zmienia. Osoby, kt\u00f3re wyjecha\u0142y wcze\u015bniej i ju\u017c si\u0119 osiedli\u0142y, teraz sprowadzaj\u0105 do siebie rodziny<\/em> &#8211; m\u00f3wi profesor Iglicka-Ok\u00f3lska.<\/p>\r\n<p>Podobnego zdania jest Artur Ku\u015bmierczak, mened\u017cer z firmy Agat, zajmuj\u0105cej si\u0119 przewozami mi\u0119dzynarodowymi, w tym do Niemiec i Anglii. &#8211; <em>Zamiast przyje\u017cd\u017ca\u0107 na te dwa dni, ludzie wol\u0105 poczeka\u0107 do d\u0142ugiego weekendu majowego, okresu pierwszych komunii czy wakacji<\/em> &#8211; t\u0142umaczy.<\/p>\r\n<p>Wed\u0142ug ostatnich danych G\u0142\u00f3wnego Urz\u0119du Statystycznego przytaczanych przez \u201eDziennik Polski\u201d, w 2013 roku poza krajem mieszka\u0142o niemal 2,2 mln Polak\u00f3w, z czego 1,8 mln na terenie Unii Europejskiej. \u201eNajwi\u0119cej, bo oko\u0142o 640 tys. przebywa\u0142o w Wielkiej Brytanii ponad p\u00f3\u0142 miliona w Niemczech, a 115 tys. w Irlandii&#8221; &#8211; czytamy w \u201eDzienniku Polskim\u201d.<\/p>\r\n<p>\u0179r\u00f3d\u0142o: kresy.pl<\/p>\r\n<p>ged<\/p>","protected":false},"excerpt":{"rendered":"Coraz mniej Polak\u00f3w, kt\u00f3rzy wyjechali za granic\u0119, przyje\u017cd\u017ca do kraju na \u015awi\u0119ta. Wiele os\u00f3b na sta\u0142e sprowadza swoje rodziny do siebie i \u015bwi\u0119tuje rodzinnie w Anglii czy w Niemczech. Zdaniem demografa, prof. Krystyna Iglickiej-Ok\u00f3lskiej, Polacy co prawda nadal sp\u0119dzaj\u0105 \u015awi\u0119ta w gronie rodzinnym, ale ju\u017c nie w Polsce. &#8211; Model naszej emigracji w ostatnim czasie [&hellip;]","protected":false},"author":1,"featured_media":0,"comment_status":"closed","ping_status":"closed","sticky":false,"template":"","format":"standard","meta":{"_acf_changed":false,"_monsterinsights_skip_tracking":false,"_monsterinsights_sitenote_active":false,"_monsterinsights_sitenote_note":"","_monsterinsights_sitenote_category":0,"ngg_post_thumbnail":0,"footnotes":"","_wp_rev_ctl_limit":""},"categories":[129],"tags":[152,92],"acf":[],"_links":{"self":[{"href":"https:\/\/www.bibula.com\/index.php?rest_route=\/wp\/v2\/posts\/80953"}],"collection":[{"href":"https:\/\/www.bibula.com\/index.php?rest_route=\/wp\/v2\/posts"}],"about":[{"href":"https:\/\/www.bibula.com\/index.php?rest_route=\/wp\/v2\/types\/post"}],"author":[{"embeddable":true,"href":"https:\/\/www.bibula.com\/index.php?rest_route=\/wp\/v2\/users\/1"}],"replies":[{"embeddable":true,"href":"https:\/\/www.bibula.com\/index.php?rest_route=%2Fwp%2Fv2%2Fcomments&post=80953"}],"version-history":[{"count":0,"href":"https:\/\/www.bibula.com\/index.php?rest_route=\/wp\/v2\/posts\/80953\/revisions"}],"wp:attachment":[{"href":"https:\/\/www.bibula.com\/index.php?rest_route=%2Fwp%2Fv2%2Fmedia&parent=80953"}],"wp:term":[{"taxonomy":"category","embeddable":true,"href":"https:\/\/www.bibula.com\/index.php?rest_route=%2Fwp%2Fv2%2Fcategories&post=80953"},{"taxonomy":"post_tag","embeddable":true,"href":"https:\/\/www.bibula.com\/index.php?rest_route=%2Fwp%2Fv2%2Ftags&post=80953"}],"curies":[{"name":"wp","href":"https:\/\/api.w.org\/{rel}","templated":true}]}}