{"id":8088,"date":"2009-03-26T16:44:11","date_gmt":"2009-03-26T21:44:11","guid":{"rendered":"http:\/\/www.bibula.com\/?p=8088"},"modified":"2009-03-26T22:42:58","modified_gmt":"2009-03-27T03:42:58","slug":"europejski-kongres-zydow-potepia-wypowiedz-le-pena-i-zada-jego-wykluczenia-z-europarlamentu","status":"publish","type":"post","link":"https:\/\/www.bibula.com\/?p=8088","title":{"rendered":"Europejski Kongres \u017byd\u00f3w pot\u0119pia wypowied\u017a Le Pena i \u017c\u0105da jego wykluczenia z europarlamentu"},"content":{"rendered":"<p>Europejski Kongres \u017byd\u00f3w pot\u0119pi\u0142 Jean-Marie Le Pen, francuskiego polityka narodowego, za jego wypowied\u017a dotycz\u0105c\u0105 &#8222;kom\u00f3r gazowych&#8221; w niemieckich obozach koncentracyjnych. Kongres wezwa\u0142 Parlament Unii Europejskiej do wy\u0142\u0105czenia Le Pen z europarlamentu, w kt\u00f3rym Le Pen zasiada z przerwami od 2002 roku.<\/p>\r\n\r\n<p>Wypowied\u017a Le Pen, kt\u00f3ry podczas obrad Parlamentu w Strasburgu w ferworze dyskusji powiedzia\u0142, \u017ce &#8222;komory gazowe s\u0105 detalem [spraw\u0105 marginal\u0105] historii II wojny \u015bwiatowej&#8221;, oburzy\u0142a \u015brodowiska \u017cydowskie, upatruj\u0105ce w tematyce kom\u00f3r gazowych i liczbie ofiar \u017cydowskich g\u0142\u00f3wny i niepodwa\u017calny w\u0105tek oficjalnej martyrologii Holokaustu.<\/p>\r\n\r\n<p>&#8222;Uwagi te tym bardziej zas\u0142uguj\u0105 na pot\u0119pienie, gdy\u017c Le Pen jako najstarszy cz\u0142onek parlamentu b\u0119dzie przewodniczy\u0142 obradom podczas nast\u0119pnej sesji&#8221; &#8211; stwierdza o\u015bwiadczenia kongresu \u017cydowskiego.<\/p>\r\n\r\n<p>Prezydent Kongresu, Moshe Kantor wezwa\u0142 wprost do &#8222;ca\u0142kowitego zakazu&#8221; wst\u0119pu Le Pena do Parlamentu, gdy\u017c nale\u017cy przes\u0142a\u0107 ca\u0142ej Europie przekaz, i\u017c &#8222;nienawi\u015b\u0107 i negowanie Holokaustu nie b\u0119dzie tolerowane.&#8221;<\/p>\r\n\r\n<p>&#8222;Wzywamy przedstawicieli europejskich do zakazu mowy nienawi\u015bci z sal Unii Europejskiej, wraz z zakazem tym, kt\u00f3rzy tak\u0105 mow\u0119 wspieraj\u0105.&#8221; &#8211; powiedzia\u0142 Kantor.<\/p>\r\n\r\n<p>Przyw\u00f3dca francuskiego Frontu Narodowegoa, 80-letni Jean-Marie Le Pen wypowiadaj\u0105c sw\u0105 opini\u0119\u00a0 &#8211; zgodn\u0105 z prawd\u0105 historyczn\u0105, bo jakkolwiek by na to nie patrze\u0107, komory gazowe by\u0142y detalem, jednym z element\u00f3w, z kt\u00f3rych sk\u0142ada si\u0119 ca\u0142a historia II wojny \u015bwiatowej &#8211; powt\u00f3rzy\u0142 jedynie to co stwierdzi\u0142 w 1987 roku. Wtedy to wytoczono mu proces i ukarano grzyw\u0105 w wysoko\u015bci 1,2 mln frank\u00f3w (290 tys. dolar\u00f3w). Do na\u0142o\u017cenia kolejnej kary wezwa\u0142a te\u017c dzia\u0142aj\u0105ca we Francji stra\u017c politycznej poprawno\u015bci, czyli tzw.\u00a0 Liga ds. Zwalczania Rasizmu i Antysemityzmu (LICRA), kt\u00f3ra zapowiedzia\u0142a ju\u017c, \u017ce zwr\u00f3ci si\u0119 do francuskich w\u0142adz, by wszcz\u0119\u0142y \u015bledztwo. Francja, kt\u00f3rej lewicowo-syjonistyczni przedstawiciele w\u0142adzy polityczno-administracyjnej walcz\u0105 z wypowiedziami na temat nie do ko\u0144ca zbadanych detali II wojny \u015bwiatowej, jednocze\u015bnie zezwala, aprobuje i wspiera blu\u017aniercz\u0105 atmosfer\u0119, w kt\u00f3rej wykpiwany jest B\u00f3g.<\/p>\r\n\r\n<p>W zbli\u017caj\u0105cy si\u0119 poniedzia\u0142ek, organizacje \u017cydowskie w Europie organizuj\u0105 sympozjum na temat 'walki z rasismem, ksenofbobi\u0105 i antysemityzmem&#8221;, pt &#8222;Wsp\u00f3lne budowanie przysz\u0142o\u015bci Europy&#8221;, kt\u00f3re b\u0119dzie odbywa\u0142o si\u0119 pod patronatem czeskiej prezydencji, parlamentu unijnego i komisji unijnych.<\/p>\r\n\r\n<p>W wielu krajach Unii Europejskiej obowi\u0105zuje prawo zabraniaj\u0105ce wypowiadania si\u0119 na temat niekt\u00f3rych aspekt\u00f3w II wojny \u015bwiatowej, w tym temat\u00f3w istnienia, funkcjonowania i przeznaczenia obiekt\u00f3w zwanych komorami gazowymi, a tak\u017ce podliczania liczby ofiar \u017cydowskich. Osoby, kt\u00f3re pr\u00f3bowa\u0142y publicznie przedstawi\u0107 sw\u00f3j punkt widzenia, przedstawiaj\u0105c rozbie\u017cn\u0105 z oficjaln\u0105 wersj\u0105 wydarze\u0144 interpretacj\u0119, skazane zosta\u0142y i odbywaj\u0105 d\u0142ugoletnie wyroki wi\u0119zienia. W praktyce, prawo ustanowione pod has\u0142em &#8222;walki z antysemityzmem&#8221;, zabrania wyra\u017cania opinii innych ni\u017c usankcjonowane przez \u015brodowiska \u017cydowskie.<\/p>\r\n\r\n<p class=\"zrodlo\">Opracowanie: Bibula Information Service (B.I.S.) &#8211; www.bibula.com &#8211; na podstawie <a href=\"http:\/\/www.ejpress.org\/article\/35583\" target=\"_blank\">EJP<\/a><\/p>\r\n\r\n<p><br class=\"spacer_\" \/><\/p>","protected":false},"excerpt":{"rendered":"Europejski Kongres \u017byd\u00f3w pot\u0119pi\u0142 Jean-Marie Le Pen, francuskiego polityka narodowego, za jego wypowied\u017a dotycz\u0105c\u0105 &#8222;kom\u00f3r gazowych&#8221; w niemieckich obozach koncentracyjnych. Kongres wezwa\u0142 Parlament Unii Europejskiej do wy\u0142\u0105czenia Le Pen z europarlamentu, w kt\u00f3rym Le Pen zasiada z przerwami od 2002 roku. Wypowied\u017a Le Pen, kt\u00f3ry podczas obrad Parlamentu w Strasburgu w ferworze dyskusji powiedzia\u0142, \u017ce [&hellip;]","protected":false},"author":1,"featured_media":0,"comment_status":"closed","ping_status":"closed","sticky":false,"template":"","format":"standard","meta":{"_acf_changed":false,"_monsterinsights_skip_tracking":false,"_monsterinsights_sitenote_active":false,"_monsterinsights_sitenote_note":"","_monsterinsights_sitenote_category":0,"ngg_post_thumbnail":0,"footnotes":"","_wp_rev_ctl_limit":""},"categories":[6],"tags":[16,22,25,20],"acf":[],"_links":{"self":[{"href":"https:\/\/www.bibula.com\/index.php?rest_route=\/wp\/v2\/posts\/8088"}],"collection":[{"href":"https:\/\/www.bibula.com\/index.php?rest_route=\/wp\/v2\/posts"}],"about":[{"href":"https:\/\/www.bibula.com\/index.php?rest_route=\/wp\/v2\/types\/post"}],"author":[{"embeddable":true,"href":"https:\/\/www.bibula.com\/index.php?rest_route=\/wp\/v2\/users\/1"}],"replies":[{"embeddable":true,"href":"https:\/\/www.bibula.com\/index.php?rest_route=%2Fwp%2Fv2%2Fcomments&post=8088"}],"version-history":[{"count":0,"href":"https:\/\/www.bibula.com\/index.php?rest_route=\/wp\/v2\/posts\/8088\/revisions"}],"wp:attachment":[{"href":"https:\/\/www.bibula.com\/index.php?rest_route=%2Fwp%2Fv2%2Fmedia&parent=8088"}],"wp:term":[{"taxonomy":"category","embeddable":true,"href":"https:\/\/www.bibula.com\/index.php?rest_route=%2Fwp%2Fv2%2Fcategories&post=8088"},{"taxonomy":"post_tag","embeddable":true,"href":"https:\/\/www.bibula.com\/index.php?rest_route=%2Fwp%2Fv2%2Ftags&post=8088"}],"curies":[{"name":"wp","href":"https:\/\/api.w.org\/{rel}","templated":true}]}}