{"id":80733,"date":"2015-03-26T11:36:20","date_gmt":"2015-03-26T15:36:20","guid":{"rendered":"http:\/\/www.bibula.com\/?p=80733"},"modified":"2015-03-26T11:36:20","modified_gmt":"2015-03-26T15:36:20","slug":"horvat-mowcie-mi-jorge","status":"publish","type":"post","link":"https:\/\/www.bibula.com\/?p=80733","title":{"rendered":"Horvat: M\u00f3wcie mi Jorge"},"content":{"rendered":"<p><strong>Jednym z wielu egalitarnych i nowatorskich pomys\u0142\u00f3w nowego papie\u017ca, szczeg\u00f3lnie szokuj\u0105cych, jest ci\u0105g\u0142e lekcewa\u017cenie papieskich tytu\u0142\u00f3w. Poniewa\u017c tytu\u0142 wyra\u017ca sprawowany urz\u0105d, mo\u017cna tylko podejrzewa\u0107, \u017ce uwa\u017ca on tradycyjn\u0105 ide\u0119 papie\u017ca jako ojca \u015bwi\u0119tego za zb\u0119dn\u0105 &#8211; pozosta\u0142o\u015b\u0107 po wci\u0105\u017c utrzymuj\u0105cej si\u0119 \u015bredniowiecznej mentalno\u015b\u0107 monarchicznej, kt\u00f3r\u0105 pr\u00f3buje wykorzeni\u0107.<\/strong><\/p>\r\n<p>Nie zdobywa si\u0119 punkt\u00f3w u Jorge Bergoglio, nazywaj\u0105c go &#8222;Najwy\u017cszym Kap\u0142anem Ko\u015bcio\u0142a Powszechnego&#8221; (<em>Summus Pontifex Ecclesiae Universali<\/em>s) lub po prostu &#8222;Ojcem \u015awi\u0119tym&#8221; (\u0142ac. <em>Summus Pontifex<\/em>). M\u00f3wi o sobie biskup Rzymu, zaledwie pierwszy po\u015br\u00f3d r\u00f3wnych sobie kardyna\u0142\u00f3w.<\/p>\r\n<p>Je\u015bli chodzi o tytu\u0142owanie go tradycyjnym \u201eWasza \u015awi\u0119tobliwo\u015b\u0107\u201d, co wydaje si\u0119 by\u0107 minimum szacunku okazywanego g\u0142owie Ko\u015bcio\u0142a katolickiego, to nawet to nie jest ju\u017c konieczne.<\/p>\r\n<p>Gdy bywa pytany o to, jak si\u0119 do niego zwraca\u0107, szybko odpowiada: \u201eM\u00f3wcie mi po prostu Jorge\u201d.<\/p>\r\n<p><strong>\u201eM\u00f3wcie mi po prostu Jorge\u201d<\/strong><\/p>\r\n<p>Jos\u00c3\u00a9 Mar\u00c3\u00ada del Corral, dyrektor School of Neighbours (programu edukacyjnego w Buenos Aires) by\u0142 jednym z go\u015bci specjalnych Papie\u017ca podczas jego Mszy inauguracyjnej.<\/p>\r\n<p>Pozwol\u0119 sobie podkre\u015bli\u0107 na marginesie, \u017ce owa szko\u0142a, inicjatywa wspierana przez kard. Bergoglio, nie ma na celu uczy\u0107 m\u0142odzie\u017cy zasad wiary katolickiej. Raczej skupia m\u0142odych ludzi r\u00f3\u017cnego wyznania, aby uczy\u0107 ich tolerancji i \u201eszacunku\u201d dla dziel\u0105cych ich r\u00f3\u017cnic. W rezultacie sprzyja religijnemu indyferentyzmowi.<\/p>\r\n<p>Gdy Corral \u201ewpad\u0142\u201d na Papie\u017ca w windzie, zapyta\u0142 go: \u201ejak mam si\u0119 teraz do Ciebie zwraca\u0107?\u201d.<\/p>\r\n<p>Papie\u017c odpar\u0142 mu: \u201em\u00f3w mi Jorge, bo jak inaczej?\u201d.<\/p>\r\n<p>Ten egalitarny gest wywo\u0142a\u0142 \u0142zy rado\u015bci w oczach Corrala. S\u0105dz\u0119, \u017ce powinno to wywo\u0142a\u0107 \u0142zy rozpaczy u katolik\u00f3w, kt\u00f3rzy kochaj\u0105 i szanuj\u0105 Stolic\u0119 Piotrow\u0105 oraz wszystko, co sob\u0105 reprezentuje.<\/p>\r\n<p><strong>\u201eNie\u201d dla urz\u0119dowych tytu\u0142\u00f3w<\/strong><\/p>\r\n<p>Ponadto istnieje pog\u0142oska o tym, \u017ce Papie\u017c dzwoni\u0142 do Archidiecezji Buenos Aires, aby zameldowa\u0107 si\u0119 przed sprawowaniem Mszy na Placu \u015bw. Piotra. \u00d3w jezuita, kt\u00f3ry powinien ponad wszystko kocha\u0107 papiestwo, uwielbia w zamian pokazywa\u0107, \u017ce papie\u017c jest tylko jednym z ludzi. Dlatego sam wykonuje telefony.<\/p>\r\n<p>Gdy telefon odebra\u0142a zakonnica, na pytanie: \u201ekto dzwoni?\u201d, us\u0142ysza\u0142a: \u201eojciec Jorge\u201d. Zapyta\u0142a wtedy: \u201eWasza \u015awi\u0119tobliwo\u015b\u0107?\u201d. Papie\u017c odpowiedzia\u0142: \u201eoj nie, tu ojciec Jorge\u201d; jakby chcia\u0142 powiedzie\u0107, \u017ce to nie pora na urz\u0119dowe tytu\u0142y.<\/p>\r\n<p><strong>\u201eM\u00f3wi kardyna\u0142 Jorge\u201d<\/strong><\/p>\r\n<p>Kr\u0105\u017cy r\u00f3wnie\u017c anegdota o tym, jak Papie\u017c zadzwoni\u0142 do kiosku z gazetami w Buenos Aires, w kt\u00f3rym przez ostatnie lata kupowa\u0142 dziennik. Chcia\u0142 zrezygnowa\u0107 z prenumeraty. Telefon odebra\u0142 Daniel del Regno i us\u0142ysza\u0142 znajomy g\u0142os: \u201ewitaj Danielu, m\u00f3wi kardyna\u0142 Jorge\u201d.<\/p>\r\n<p>M\u0119\u017cczyzna my\u015bla\u0142, \u017ce to jeden z jego koleg\u00f3w stroi sobie z niego \u017carty, jednak Papie\u017c upiera\u0142 si\u0119: \u201eM\u00f3wi\u0119 powa\u017cnie. Nazywam si\u0119 Jorge Bergoglio. Dzwoni\u0119 do Ciebie z Rzymu\u201d.<\/p>\r\n<p>Wtedy Daniel, zdaj\u0105c sobie spraw\u0119, \u017ce dzwoni Ojciec \u015awi\u0119ty, tak\u017ce zala\u0142 si\u0119 \u0142zami.<\/p>\r\n<p>P\u00f3\u017aniej tego samego dnia \u201eKardyna\u0142 Jorge\u201d zadzwoni\u0142 do swojego dentysty, aby odwo\u0142a\u0107 zabieg czyszczenia z\u0119b\u00f3w, zaplanowany na maj. Nast\u0119pnie wykona\u0142 inne telefony, jeden, aby zrezygnowa\u0107 z us\u0142ug sieci kom\u00f3rkowej, i drugi, aby da\u0107 hydraulikowi dok\u0142adn\u0105 instrukcj\u0119, jak naprawi\u0107 natryski w pa\u0142acu biskupim przy Bazylice.<\/p>\r\n<p>\u201eJedn\u0105 z mi\u0142ych rzeczy w tej pracy&#8221;, zauwa\u017cy\u0142 o papiestwie papie\u017c Franciszek, &#8222;jest to, \u017ce mam mn\u00f3stwo wolnego czasu. Wszystko w Ko\u015bciele dzia\u0142a bez problemu&#8221;.<\/p>\r\n<p>Je\u015bli Papie\u017c rzeczywi\u015bcie ma mn\u00f3stwo wolnego czasu, to nie trudno domy\u015bli\u0107 si\u0119, \u017ce wykorzystuje go w ca\u0142o\u015bci, aby os\u0142abi\u0107 powag\u0119 papiestwa. W ci\u0105gu dw\u00f3ch tygodni od momentu wyboru na papie\u017ca, zd\u0105\u017cy\u0142 zlikwidowa\u0107 tyle samo symboli papiestwa, co wcze\u015bniej pi\u0119ciu pozosta\u0142ych Papie\u017cy soborowych razem\u2026<\/p>\r\n<p>Nawiasem m\u00f3wi\u0107, skoro papie\u017c ma tak du\u017co\u00a0wolnego czasu, jak twierdzi Franciszek, to dlaczego Benedykt XVI zrzek\u0142 si\u0119 urz\u0119du, o\u015bwiadczaj\u0105c, \u017ce nie mo\u017ce podo\u0142a\u0107 przyt\u0142aczaj\u0105cemu ci\u0119\u017carowi zarz\u0105dzania ca\u0142ym Ko\u015bcio\u0142em katolickim? Wydaje si\u0119, \u017ce jeden z Papie\u017cy nie m\u00f3wi nam prawdy\u2026<\/p>\r\n<p><strong><em>Dr Marian T. Horvat<\/em><\/strong><\/p>\r\n<p>T\u0142um: Robert W\u0142odarczyk<\/p>","protected":false},"excerpt":{"rendered":"Jednym z wielu egalitarnych i nowatorskich pomys\u0142\u00f3w nowego papie\u017ca, szczeg\u00f3lnie szokuj\u0105cych, jest ci\u0105g\u0142e lekcewa\u017cenie papieskich tytu\u0142\u00f3w. Poniewa\u017c tytu\u0142 wyra\u017ca sprawowany urz\u0105d, mo\u017cna tylko podejrzewa\u0107, \u017ce uwa\u017ca on tradycyjn\u0105 ide\u0119 papie\u017ca jako ojca \u015bwi\u0119tego za zb\u0119dn\u0105 &#8211; pozosta\u0142o\u015b\u0107 po wci\u0105\u017c utrzymuj\u0105cej si\u0119 \u015bredniowiecznej mentalno\u015b\u0107 monarchicznej, kt\u00f3r\u0105 pr\u00f3buje wykorzeni\u0107. Nie zdobywa si\u0119 punkt\u00f3w u Jorge Bergoglio, nazywaj\u0105c [&hellip;]","protected":false},"author":1,"featured_media":0,"comment_status":"closed","ping_status":"closed","sticky":false,"template":"","format":"standard","meta":{"_acf_changed":false,"_monsterinsights_skip_tracking":false,"_monsterinsights_sitenote_active":false,"_monsterinsights_sitenote_note":"","_monsterinsights_sitenote_category":0,"ngg_post_thumbnail":0,"footnotes":"","_wp_rev_ctl_limit":""},"categories":[3],"tags":[300,41,33],"acf":[],"_links":{"self":[{"href":"https:\/\/www.bibula.com\/index.php?rest_route=\/wp\/v2\/posts\/80733"}],"collection":[{"href":"https:\/\/www.bibula.com\/index.php?rest_route=\/wp\/v2\/posts"}],"about":[{"href":"https:\/\/www.bibula.com\/index.php?rest_route=\/wp\/v2\/types\/post"}],"author":[{"embeddable":true,"href":"https:\/\/www.bibula.com\/index.php?rest_route=\/wp\/v2\/users\/1"}],"replies":[{"embeddable":true,"href":"https:\/\/www.bibula.com\/index.php?rest_route=%2Fwp%2Fv2%2Fcomments&post=80733"}],"version-history":[{"count":0,"href":"https:\/\/www.bibula.com\/index.php?rest_route=\/wp\/v2\/posts\/80733\/revisions"}],"wp:attachment":[{"href":"https:\/\/www.bibula.com\/index.php?rest_route=%2Fwp%2Fv2%2Fmedia&parent=80733"}],"wp:term":[{"taxonomy":"category","embeddable":true,"href":"https:\/\/www.bibula.com\/index.php?rest_route=%2Fwp%2Fv2%2Fcategories&post=80733"},{"taxonomy":"post_tag","embeddable":true,"href":"https:\/\/www.bibula.com\/index.php?rest_route=%2Fwp%2Fv2%2Ftags&post=80733"}],"curies":[{"name":"wp","href":"https:\/\/api.w.org\/{rel}","templated":true}]}}