{"id":80726,"date":"2015-03-26T09:20:08","date_gmt":"2015-03-26T13:20:08","guid":{"rendered":"http:\/\/www.bibula.com\/?p=80726"},"modified":"2015-03-26T09:20:08","modified_gmt":"2015-03-26T13:20:08","slug":"sztab-grzegorza-brauna-zebral-sto-tysiecy-podpisow-telewizje-zaczna-wreszcie-o-nim-mowic","status":"publish","type":"post","link":"https:\/\/www.bibula.com\/?p=80726","title":{"rendered":"Sztab Grzegorza Brauna zebra\u0142 sto tysi\u0119cy podpis\u00f3w. Telewizje zaczn\u0105 wreszcie o nim m\u00f3wi\u0107?"},"content":{"rendered":"<p><strong>Wsp\u00f3\u0142pracownicy Grzegorza Brauna poinformowali, \u017ce zebrali ponad sto tysi\u0119cy podpis\u00f3w niezb\u0119dnych do rejestracji kandydata na prezydenta. Czy po tej deklaracji g\u0142\u00f3wne telewizje zaczn\u0105 wreszcie zauwa\u017ca\u0107 kandydatur\u0119 znanego re\u017cysera, a instytuty sonda\u017cowe uwzgl\u0119dnia\u0107 go w badaniach?<\/strong><\/p>\r\n<p>Media ochoczo informuj\u0105 o kampanii wyborczej prowadzonej przez kandydat\u00f3w g\u0142\u00f3wnych partii politycznych, wspominaj\u0105 te\u017c o Januszu Korwinie-Mikke, Pawle Kukizie oraz Marianie Kowalskim. W \u017cadnej og\u00f3lnopolskiej telewizji nie mo\u017cna by\u0142o jednak us\u0142ysze\u0107 o prowadzonej od ponad miesi\u0105ca kampanii re\u017cysera Grzegorza Brauna.<\/p>\r\n<p>Sztabowcy tw\u00f3rcy \u201eTransformacji\u201d, \u201eEugeniki\u201d i \u201eTowarzysza Genera\u0142a\u201d poinformowali, \u017ce uda\u0142o im si\u0119 zebra\u0107 ponad sto tysi\u0119cy podpis\u00f3w poparcia dla kandydatury dokumentalisty. Nie ukrywaj\u0105, \u017ce do tego niew\u0105tpliwego sukcesu organizacyjnego (za Braunem nie stoi wszak \u017cadna instytucja czy partia polityczna) przyczyni\u0142o si\u0119 wspomniane ledwie w kilku lokalnych wydaniach \u201eGazety Wyborczej\u201d o tezach g\u0142oszonych przez Brauna podczas licznych spotka\u0144 z wyborcami. Podczas owych spotka\u0144 re\u017cyser m\u00f3wi mi\u0119dzy innymi, \u017ce po wojnie na Ukrainie mo\u017ce powsta\u0107 na polskich ziemiach \u201ekondominium niemiecko-rosyjskie pod \u017cydowskim zarz\u0105dem powierniczym\u201d. To oczywi\u015bcie nie mo\u017ce podoba\u0107 si\u0119 dziennikarzom \u201eGW\u201d. Kandydat porusza oczywi\u015bcie r\u00f3wnie\u017c dziesi\u0105tki innych temat\u00f3w, ale wiadomo kt\u00f3re mog\u0105 wywo\u0142a\u0107 burz\u0119 w\u015br\u00f3d liberalnych dziennikarzy.<\/p>\r\n<p>Podpisy w siedzibie PKW mo\u017cna sk\u0142ada\u0107 do p\u00f3\u0142nocy 26 marca. Sztab Grzegorza Brauna informowa\u0142, \u017ce tego dnia przed po\u0142udniem zgromadzono ju\u017c 110 tys. podpis\u00f3w. Namawiaj\u0105 jednak nadal by wspiera\u0107 kandydata listami z podpisami, bowiem PKW wykorzysta ka\u017cdy b\u0142\u0105d w\u015br\u00f3d zebranych autograf\u00f3w by nie dopu\u015bci\u0107 re\u017cysera do startu w wyborach.<\/p>\r\n<p>&#8211; <em>Nas interesuje wynik ponad 10 proc., czyli miejsce na pudle. Trzeba by\u0107 realistami. Nie wiemy, do jakiego stopnia wybory b\u0119d\u0105 uczciwe i czy ich wynik nie jest ju\u017c znany niekt\u00f3rym osobom w pa\u0144stwie<\/em> &#8211; powiedzia\u0142 sztabowiec Brauna Rafa\u0142 Mossakowski w rozmowie z Onetem.<\/p>\r\n<p>O zamilczanej kandydaturze Grzegorza Brauna pisali\u015bmy ju\u017c w tek\u015bcie: \u201e<span style=\"text-decoration: underline;\"><a href=\"http:\/\/www.pch24.pl\/grzegorz-braun---kandydatura-z-embargo-,34704,i.html\">Grzegorz Braun &#8211; kandydatura z embargo<\/a><\/span>\u201d<\/p>\r\n<p>kra<\/p>","protected":false},"excerpt":{"rendered":"Wsp\u00f3\u0142pracownicy Grzegorza Brauna poinformowali, \u017ce zebrali ponad sto tysi\u0119cy podpis\u00f3w niezb\u0119dnych do rejestracji kandydata na prezydenta. Czy po tej deklaracji g\u0142\u00f3wne telewizje zaczn\u0105 wreszcie zauwa\u017ca\u0107 kandydatur\u0119 znanego re\u017cysera, a instytuty sonda\u017cowe uwzgl\u0119dnia\u0107 go w badaniach? Media ochoczo informuj\u0105 o kampanii wyborczej prowadzonej przez kandydat\u00f3w g\u0142\u00f3wnych partii politycznych, wspominaj\u0105 te\u017c o Januszu Korwinie-Mikke, Pawle Kukizie oraz [&hellip;]","protected":false},"author":1,"featured_media":0,"comment_status":"closed","ping_status":"closed","sticky":false,"template":"","format":"standard","meta":{"_acf_changed":false,"_monsterinsights_skip_tracking":false,"_monsterinsights_sitenote_active":false,"_monsterinsights_sitenote_note":"","_monsterinsights_sitenote_category":0,"ngg_post_thumbnail":0,"footnotes":"","_wp_rev_ctl_limit":""},"categories":[8],"tags":[344,92],"acf":[],"_links":{"self":[{"href":"https:\/\/www.bibula.com\/index.php?rest_route=\/wp\/v2\/posts\/80726"}],"collection":[{"href":"https:\/\/www.bibula.com\/index.php?rest_route=\/wp\/v2\/posts"}],"about":[{"href":"https:\/\/www.bibula.com\/index.php?rest_route=\/wp\/v2\/types\/post"}],"author":[{"embeddable":true,"href":"https:\/\/www.bibula.com\/index.php?rest_route=\/wp\/v2\/users\/1"}],"replies":[{"embeddable":true,"href":"https:\/\/www.bibula.com\/index.php?rest_route=%2Fwp%2Fv2%2Fcomments&post=80726"}],"version-history":[{"count":0,"href":"https:\/\/www.bibula.com\/index.php?rest_route=\/wp\/v2\/posts\/80726\/revisions"}],"wp:attachment":[{"href":"https:\/\/www.bibula.com\/index.php?rest_route=%2Fwp%2Fv2%2Fmedia&parent=80726"}],"wp:term":[{"taxonomy":"category","embeddable":true,"href":"https:\/\/www.bibula.com\/index.php?rest_route=%2Fwp%2Fv2%2Fcategories&post=80726"},{"taxonomy":"post_tag","embeddable":true,"href":"https:\/\/www.bibula.com\/index.php?rest_route=%2Fwp%2Fv2%2Ftags&post=80726"}],"curies":[{"name":"wp","href":"https:\/\/api.w.org\/{rel}","templated":true}]}}