{"id":8071,"date":"2009-03-26T12:52:16","date_gmt":"2009-03-26T17:52:16","guid":{"rendered":"http:\/\/www.bibula.com\/?p=8071"},"modified":"2009-03-29T08:33:39","modified_gmt":"2009-03-29T13:33:39","slug":"wystarczyly-zaledwie-dwa-tygodnie","status":"publish","type":"post","link":"https:\/\/www.bibula.com\/?p=8071","title":{"rendered":"Wystarczy\u0142y zaledwie dwa tygodnie"},"content":{"rendered":"<p>Wczorajszy dzie\u0144\u00a0by\u0142 istnym koszmarem. Pomimo wyjazdu na spotkanie z Kresowianami do Wo\u0142owa na Dolnym \u015al\u0105sku. musia\u0142em dos\u0142ownie od \u015bwitu do p\u00f3\u017anej nocy wypowiada\u0107 si\u0119 do dziennikarzy na jeden i ten sam temat. A\u017c cztery wywiady by\u0142y &#8222;na \u017cywo&#8221; &#8211; o .8.00 dla Radia RMF (z wozu reporterskiego w Radwanowicach&#8221;, 9.00 dla TVP Info (przez telefon w czasie przejazdu przez Trzebini\u0119)), 17.20 dla Telewizji Polskiej (ze starostwa w Wo\u0142owie, do kt\u00f3rego\u00a0przyjecha\u0142 specjalny w\u00f3\u017c transmisyjny)\u00a0i 21.00 dla TVN 24. (ze studio we Wroc\u0142awiu, do kt\u00f3rego musia\u0142em dojecha\u0107). Moja biedna g\u0119ba &#8222;gada\u0142a&#8221; we wszystkich telewizyjnych programach informacyjnych. Opr\u00f3cz tego dziesi\u0105tki, dziesi\u0105tki telefon\u00f3w. Osobi\u015bcie mam tego do\u015b\u0107.<\/p>\r\n\r\n<p>A wszystko to si\u0119 dzia\u0142o zaledwie dwa tygodnie po o\u015bwiadczeniu Episkopatu Polski. \u017ce problem lustracji zosta\u0142 zamkni\u0119ty w Ko\u015bciele polskim. Naprawd\u0119 zastroszcz\u0119 niekt\u00f3rym moim prze\u0142ozonym ich dobrego samopoczucia, jaki mo\u017cliwo\u015bci odgrodzenia si\u0119 od tych spraw &#8222;wysokim murem&#8221;.\u00a0Tego czego obawiam si\u0119 najbardziej, to to, \u017ce za kilka tygodni uka\u017ce si\u0119 kolejna publikacja i ten m\u0142yn powt\u00f3rzy si\u0119 po raz kolejny.<\/p>\r\n\r\n<p>Nocowa\u0142em dzi\u015b w Lubinie i zaraz wyje\u017cd\u017cam do Legnicy, gdzie mam kolejne spotkanie autorskie. Jutro wracam, ale przedpo\u0142udniem ma spotkanie z m\u0142odzie\u017c\u0105 w Szarowie k. Niepo\u0142omic a wieczorem w Szkole im. ks. Kazimierza Jancarza w Nowej Hucie na os. Z\u0142otego Wieku. W mi\u0119dzyczasie spotkanie z pani\u0105 pose\u0142 w Chrzanowie w sprawie decyzji PFRON o likwidacji fundacyjnych \u015bwietlic terapeutycznych dla os\u00f3b niepe\u0142nosprawnych. Na szcz\u0119\u015bcie sobot\u0119 mam woln\u0105 i z wy\u0142\u0105czon\u0105 kom\u00f3rk\u0105 zaszyj\u0119 si\u0119 w ukryciu, aby wyspa\u0107 si\u0119 do woli.<\/p>\r\n\r\n<p>Z licznych tekst\u00f3w, kt\u00f3re s\u0105 dzi\u015b w prasie polecam dwa.<\/p>\r\n\r\n<p><br class=\"spacer_\" \/><\/p>\r\n\r\n\r\n<blockquote><p><span style=\"font-size: medium;\"><strong>Niekt\u00f3rzy ksi\u0119\u017ca prowadzili z SB gr\u0119<\/strong><\/span><\/p>\r\n\r\n<p class=\"podpisZdjecia\"><strong>Duchowni, kt\u00f3rzy byli TW i tego nie ujawnili, s\u0105 do dzi\u015b nara\u017ceni na szanta\u017c. Zw\u0142aszcza hierarchowie<\/strong> (\u00a9 Marcin Obara\/POLSKA)<\/p>\r\n\r\n\r\n<div class=\"autor\"><p class=\"left\"><a href=\"http:\/\/polskatimes.pl\/\"><img decoding=\"async\" src=\"http:\/\/s.polskatimes.pl\/g\/logo_zrodlo\/polska.gif\" alt=\"Polska\" \/> <\/a><strong>rozmawia Anna Gwozdowska<\/strong><\/p>\r\n\r\n<p class=\"aktualizacja\">26 marca 2009 r.\r\n\r\n\r\n<p class=\"zajawka\"><strong>Z ks. Stanis\u0142awem Ma\u0142kowskim, dawnym dzia\u0142aczem opozycji, rozmawia Anna Gwozdowska<\/strong><\/p>\r\n\r\n<p><span id=\"tresc_0\"><strong>Nowa ksi\u0105\u017cka IPN pt. &#8222;Aparat represji wobec ksi\u0119dza Jerzego Popie\u0142uszki 1982-1984&#8221; zawiera donosy wielu znanych kap\u0142an\u00f3w. Cz\u0119\u015b\u0107 z nich nie ma jednak specjalnej warto\u015bci. Czy niekt\u00f3rzy ksi\u0119\u017ca mogli prowadzi\u0107 z SB jak\u0105\u015b gr\u0119?<\/strong> <br \/>\r\n Byli tacy. Traktowali funkcjonariuszy SB jako przedstawicieli w\u0142adz, z kt\u00f3rymi trzeba rozmawia\u0107, \u017ceby osi\u0105gn\u0105\u0107 jak\u0105\u015b korzy\u015b\u0107. Esbecy, cz\u0119sto na wyrost, zapewniali, \u017ce maj\u0105 spore mo\u017cliwo\u015bci, mog\u0105 za\u0142atwi\u0107 budow\u0119, remont, wyjazd zagraniczny, a mo\u017ce nawet pewn\u0105 form\u0119 awansu. A ksi\u0105dz w zamian przekazywa\u0142 im jakie\u015b informacje. Co\u015b za co\u015b. Takiej gry z pewno\u015bci\u0105 nie nale\u017ca\u0142o prowadzi\u0107. <\/span><\/p>\r\n\r\n<p><strong>A je\u015bli nie da\u0142o si\u0119 inaczej? Biskupi, m.in. opisany w ksi\u0105\u017cce bp Kazimierz Romaniuk, t\u0142umacz\u0105, \u017ce spotykali si\u0119 z esbekami z racji piastowanych urz\u0119d\u00f3w. <\/strong><br \/>\r\n Do biskupa Romaniuka przysz\u0142a kiedy\u015b kobieta, kt\u00f3ra przedstawi\u0142a si\u0119 jako matka pewnego ksi\u0119dza i m\u00f3wi\u0142a o nim bardzo \u017ale. Biskup z ni\u0105 rozmawia\u0142, mimo \u017ce nie zweryfikowa\u0142 autentyczno\u015bci jej relacji. Potem si\u0119 okaza\u0142o, \u017ce by\u0142a podstawiona przez SB. Trudno usprawiedliwi\u0107 tak\u0105 \u0142atwowierno\u015b\u0107 u biskupa.<\/p>\r\n\r\n<p><strong>Kap\u0142ani, kt\u00f3rzy decydowali si\u0119 na takie kontakty, oszukiwali sami siebie?<\/strong> <br \/>\r\n Na pocz\u0105tku pr\u00f3bowali udobrucha\u0107 esbek\u00f3w, cz\u0119stowali ich herbat\u0105, rozmawiali o jakich\u015b b\u0142ahostkach.<\/p>\r\n\r\n<p><strong>Ale kiedy zgin\u0105\u0142 ks. Popie\u0142uszko nie mogli ju\u017c \u017cywi\u0107 \u017cadnych z\u0142udze\u0144, \u017ce rozmowy z SB nikomu nie szkodz\u0105.<\/strong> <br \/>\r\n Nie trzeba by\u0142o czeka\u0107 tak d\u0142ugo. A ma\u0142o to ludzi zamordowano wcze\u015bniej? Wystarczy\u0142o mie\u0107 elementarn\u0105 wiedz\u0119 o tym, czym by\u0142 komunizm, \u017ceby rozumie\u0107, \u017ce esbecy byli funkcjonariuszami z\u0142a. W ko\u0144cu ksi\u0119\u017ca wierz\u0105 chyba w z\u0142ego ducha. Kto\u015b, kto si\u0119 w ten spos\u00f3b zaprzedaje, s\u0142u\u017cy nie tylko bezosobowemu z\u0142u, ale komu\u015b konkretnemu. Ze z\u0142ym si\u0119 nie podejmuje dyskusji. Trzeba takie kontakty po prostu ucina\u0107. Ewentualne korzy\u015bci ze z\u0142ego s\u0105 zawsze op\u0142acone wi\u0119kszymi stratami.<\/p>\r\n\r\n<p><strong>Dlatego ksi\u0105dz nie podj\u0105\u0142 \u017cadnej gry?<\/strong> <br \/>\r\n Pierwszym b\u0142\u0119dem Ewy w raju by\u0142o to, \u017ce w og\u00f3le wda\u0142a si\u0119 w rozmow\u0119 z w\u0119\u017cem, czyli z diab\u0142em. Zdarza\u0142y si\u0119 takie delikatne pr\u00f3by wci\u0105gni\u0119cia mnie w jak\u0105\u015b gr\u0119. Trzymali mnie np. w Pa\u0142acu Mostowskich przez kilka godzin, a potem esbek zaprasza\u0142 na obiad. Odpowiada\u0142em, \u017ce mam inny pokarm, S\u0142owo Bo\u017ce. Od razu ucina\u0142em jakiekolwiek pr\u00f3by nawi\u0105zania ze mn\u0105 kontaktu.<\/p>\r\n\r\n<p><strong>Niekt\u00f3rym ksi\u0119\u017com mog\u0142o si\u0119 jednak wydawa\u0107, \u017ce przechytrz\u0105 esbek\u00f3w. M\u00f3g\u0142 tak my\u015ble\u0107 np. ks. Henryk Jankowski, kt\u00f3ry wed\u0142ug historyk\u00f3w IPN by\u0142 kontaktem operacyjnym SB.<\/strong> <br \/>\r\n To naiwno\u015b\u0107. Nie mo\u017cna by\u0142o ich przechytrzy\u0107. Zreszt\u0105 to niew\u0142a\u015bciwe s\u0142owo. Trzeba si\u0119 by\u0142o broni\u0107, a nie liczy\u0107 na to, \u017ce korzy\u015bci z kontakt\u00f3w z SB mog\u0105 przewa\u017cy\u0107 szkody, jakie wyrz\u0105dza\u0142a Ko\u015bcio\u0142owi.<\/p>\r\n\r\n<p><strong>I nie da\u0142o si\u0119 ich przeci\u0105gn\u0105\u0107 na swoj\u0105 stron\u0119?<\/strong> <br \/>\r\n To, co opowiada ks. Mieczys\u0142aw Mali\u0144ski, \u017ce ewangelizowa\u0142 esbek\u00f3w, to bzdury. Znam natomiast przypadek autentycznego nawr\u00f3cenia z tamtych czas\u00f3w. Takie rzeczy wi\u0105za\u0142y si\u0119 jednak z ryzykiem \u015bmierci.<\/p>\r\n\r\n<p><strong>Czy Ko\u015bci\u00f3\u0142 powinien wr\u00f3ci\u0107 do lustracji?<\/strong> <br \/>\r\n Nie chodzi tylko o moralne oczyszczenie si\u0119 tych, kt\u00f3rzy wsp\u00f3\u0142pracowali z SB, ale o unikni\u0119cie sytuacji szanta\u017cu. Kto\u015b, kto wsp\u00f3\u0142pracowa\u0142, a tego nie ujawni\u0142, mo\u017ce by\u0107 zmuszany do podejmowania decyzji niezgodnych z dobrem Ko\u015bcio\u0142a i Polski. Zw\u0142aszcza je\u015bli zajmuje wysokie stanowisko. Dlatego jestem za lustracj\u0105, ale pod warunkiem, \u017ce b\u0119dzie wsp\u00f3\u0142gra\u0107 z dekomunizacj\u0105 i obejmie \u015brodowiska daleko bardziej uwik\u0142ane we wsp\u00f3\u0142prac\u0119 z SB.<\/p>\r\n\r\n<p><br class=\"spacer_\" \/><\/p><\/blockquote>\r\n<blockquote><p><span><span style=\"font-size: medium;\"><strong>Genera\u0142 m\u00f3g\u0142 zapobiec morderstwu, ale tego nie zrobi\u0142<\/strong><\/span><\/span><\/p>\r\n\r\n<p><br class=\"spacer_\" \/><\/p>\r\n\r\n<p class=\"left\"><a href=\"http:\/\/polskatimes.pl\/\"><img decoding=\"async\" src=\"http:\/\/s.polskatimes.pl\/g\/logo_zrodlo\/polska.gif\" alt=\"Polska\" \/> <\/a><strong>Wiktor \u015awietlik<\/strong><\/p>\r\n\r\n<p class=\"aktualizacja clear\">26 marca 2009 r.<\/p>\r\n\r\n<p class=\"zajawka\"><strong>Z dr. Janem \u0179arynem, wsp\u00f3\u0142autorem ksi\u0105\u017cki, rozmawia Wiktor \u015awietlik<\/strong><\/p>\r\n\r\n<p><span id=\"tresc_0\"><strong><span style=\"color: #333333;\">W trakcie konferencji po\u015bwi\u0119conej Pan\u00f3w ksi\u0105\u017cce m\u00f3wi\u0142 Pan o odpowiedzialno\u015bci gen. Jaruzelskiego. To odpowiedzialno\u015b\u0107 sprawcza czy tylko moralna?<\/span><\/strong> <br \/>\r\n Charakter pa\u0144stwa sprawia\u0142, \u017ce dzia\u0142ania, kt\u00f3re podejmowa\u0142o ile\u015b instytucji represyjnych w PRL, nie mog\u0142y si\u0119 wymkn\u0105\u0107 spod kontroli kierownictwa MSW i partii. <br \/>\r\n <strong><br \/>\r\n <span style=\"color: #333333;\">Nie ma dowod\u00f3w na to, by wydali rozkaz mordu. <\/span><\/strong><br \/>\r\n Oni nie musieli tego rozkazu wydawa\u0107. Wystarczy, \u017ce nie powstrzymali dzia\u0142a\u0144 podejmowanych przez bezpiek\u0119, a kt\u00f3rych logiczn\u0105 konsekwencj\u0105 mog\u0142o by\u0107 zab\u00f3jstwo. <\/span><\/p>\r\n\r\n<p><strong><span style=\"color: #333333;\">Genera\u0142 Jaruzelski musia\u0142 wiedzie\u0107 o planowanym zab\u00f3jstwie?<\/span><\/strong> <br \/>\r\n Musia\u0142 wiedzie\u0107 o tym, \u017ce ca\u0142y szereg instytucji prowadzi dzia\u0142ania represyjne i \u017ce mog\u0105 si\u0119 one zako\u0144czy\u0107 zab\u00f3jstwem.<\/p>\r\n\r\n<p><strong><span style=\"color: #333333;\">Pisze Pan we wst\u0119pie, \u017ce w\u0142adze PRL pr\u00f3bowa\u0142y dokona\u0107 szanta\u017cu wobec hierarch\u00f3w Ko\u015bcio\u0142a i zmusi\u0107 ich do wyciszenia opozycyjnych kap\u0142an\u00f3w. Efektem tego mia\u0142 by\u0107 tak\u017ce mord na ksi\u0119dzu Popie\u0142uszce. Mo\u017cna m\u00f3wi\u0107, \u017ce to by\u0142 wyj\u0105tkowy przypadek?<\/span><\/strong> <br \/>\r\n Z perspektywy bezpieki pocz\u0105tkowo by\u0142 rutynowy. Najpierw wst\u0119pnie inwigiluj\u0105, potem zaczynaj\u0105 operacyjne rozpracowanie, zawi\u0105zuj\u0105 agentur\u0119, odbieraj\u0105 paszport, Wszystko jak w schemacie. Indywidualna \u015bcie\u017cka zaczyna si\u0119 w momencie, kiedy wkraczaj\u0105 prokuratura i \u00f3wczesna prasa.<\/p>\r\n\r\n<p><strong><span style=\"color: #333333;\">Abp Nycz chwali\u0142 Pan\u00f3w, ale mia\u0142 uwag\u0119 co do tytu\u0142u. Uwa\u017ca, \u017ce powinien na pierwszym planie eksponowa\u0107 ks. Popie\u0142uszk\u0119, czyli brzmie\u0107 raczej: &#8222;Ksi\u0105dz Jerzy Popie\u0142uszko wobec aparatu represji&#8221;, a nie odwrotnie. Czy to nie jest s\u0142uszna uwaga wobec IPN, \u017ce skupia si\u0119 na kacie, a nie ofierze?<\/span><\/strong> <br \/>\r\n Mamy statutowy obowi\u0105zek, by odkrywa\u0107 prawd\u0119 o aparacie represji. Ale prosz\u0119 pami\u0119ta\u0107, \u017ce IPN wydaje rocznie oko\u0142o 150 ksi\u0105\u017cek. W\u015br\u00f3d nich znajduj\u0105 si\u0119 nie tylko takie, kt\u00f3re opisuj\u0105 bezpiek\u0119. Arcybiskup Nycz wspomina\u0142 seri\u0119 &#8222;Niez\u0142omni&#8221;, kt\u00f3ra dotyczy kap\u0142an\u00f3w, kt\u00f3rzy byli szczeg\u00f3lnie intensywnie inwigilowani i ze szczeg\u00f3ln\u0105 odwag\u0105 przeciwstawiali si\u0119 represjom.<\/p><\/blockquote>\r\n\r\n\r\n<p><br class=\"spacer_\" \/><\/p>\r\n\r\n<p>Za: <a href=\"http:\/\/www.isakowicz.pl\/index.php?page=news&amp;kid=8&amp;nid=1597&amp;PHPSESSID=925489637c477b29d59001d3410c2dcc\" target=\"_blank\">Blog ks. Tadeusza Isakowicza-Zaleskiego<\/a><\/p>\r\n\r\n<p><br class=\"spacer_\" \/><\/p>","protected":false},"excerpt":{"rendered":"Wczorajszy dzie\u0144\u00a0by\u0142 istnym koszmarem. Pomimo wyjazdu na spotkanie z Kresowianami do Wo\u0142owa na Dolnym \u015al\u0105sku. musia\u0142em dos\u0142ownie od \u015bwitu do p\u00f3\u017anej nocy wypowiada\u0107 si\u0119 do dziennikarzy na jeden i ten sam temat. A\u017c cztery wywiady by\u0142y &#8222;na \u017cywo&#8221; &#8211; o .8.00 dla Radia RMF (z wozu reporterskiego w Radwanowicach&#8221;, 9.00 dla TVP Info (przez telefon [&hellip;]","protected":false},"author":1,"featured_media":0,"comment_status":"closed","ping_status":"closed","sticky":false,"template":"","format":"standard","meta":{"_acf_changed":false,"_monsterinsights_skip_tracking":false,"_monsterinsights_sitenote_active":false,"_monsterinsights_sitenote_note":"","_monsterinsights_sitenote_category":0,"ngg_post_thumbnail":0,"footnotes":"","_wp_rev_ctl_limit":""},"categories":[5],"tags":[36],"acf":[],"_links":{"self":[{"href":"https:\/\/www.bibula.com\/index.php?rest_route=\/wp\/v2\/posts\/8071"}],"collection":[{"href":"https:\/\/www.bibula.com\/index.php?rest_route=\/wp\/v2\/posts"}],"about":[{"href":"https:\/\/www.bibula.com\/index.php?rest_route=\/wp\/v2\/types\/post"}],"author":[{"embeddable":true,"href":"https:\/\/www.bibula.com\/index.php?rest_route=\/wp\/v2\/users\/1"}],"replies":[{"embeddable":true,"href":"https:\/\/www.bibula.com\/index.php?rest_route=%2Fwp%2Fv2%2Fcomments&post=8071"}],"version-history":[{"count":0,"href":"https:\/\/www.bibula.com\/index.php?rest_route=\/wp\/v2\/posts\/8071\/revisions"}],"wp:attachment":[{"href":"https:\/\/www.bibula.com\/index.php?rest_route=%2Fwp%2Fv2%2Fmedia&parent=8071"}],"wp:term":[{"taxonomy":"category","embeddable":true,"href":"https:\/\/www.bibula.com\/index.php?rest_route=%2Fwp%2Fv2%2Fcategories&post=8071"},{"taxonomy":"post_tag","embeddable":true,"href":"https:\/\/www.bibula.com\/index.php?rest_route=%2Fwp%2Fv2%2Ftags&post=8071"}],"curies":[{"name":"wp","href":"https:\/\/api.w.org\/{rel}","templated":true}]}}