{"id":80343,"date":"2015-03-11T13:30:40","date_gmt":"2015-03-11T17:30:40","guid":{"rendered":"http:\/\/www.bibula.com\/?p=80343"},"modified":"2015-03-11T13:30:40","modified_gmt":"2015-03-11T17:30:40","slug":"abp-gadecki-mowienie-ze-bycie-za-in-vitro-to-opowiadanie-sie-za-zyciem-jest-balamutne","status":"publish","type":"post","link":"https:\/\/www.bibula.com\/?p=80343","title":{"rendered":"Abp G\u0105decki: m\u00f3wienie, \u017ce &#8222;bycie za in vitro to opowiadanie si\u0119 za \u017cyciem&#8221; jest ba\u0142amutne!"},"content":{"rendered":"<p><strong>Dlaczego nie si\u0119ga si\u0119 po inne metody leczenia bezp\u0142odno\u015bci, na przyk\u0142ad naprotechnologii &#8211; zastanawia\u0142 si\u0119 przewodnicz\u0105cy KEP abp Stanis\u0142aw G\u0105decki komentuj\u0105c dla KAI przyj\u0119cia przez rz\u0105d premier Ewy Kopacz projektu ustawy o in vitro, przygotowanej przez Ministerstwo Zdrowia.<\/strong><\/p>\r\n<p>Publikujemy komentarz abp Stanis\u0142awa G\u0105deckiego:<\/p>\r\n<p style=\"padding-left: 30px;\">Trudno zrozumie\u0107, dlaczego rz\u0105d nie bierze pod uwag\u0119 innych metod walki z bezp\u0142odno\u015bci\u0105, na przyk\u0142ad narotechnologii a skupia si\u0119 wy\u0142\u0105cznie na zap\u0142odnieniu pozaustrojowym. Nie nag\u0142a\u015bnia si\u0119 tej metody, nic nie s\u0142ycha\u0107 o jej sukcesach. A \u017ce s\u0105 realne, przekona\u0142em si\u0119 osobi\u015bcie, gdy\u017c w Poznaniu powsta\u0142a pierwsza klinika naprotechnologii. Za\u0142o\u017cy\u0142a j\u0105 grupa lekarzy, zg\u0142osi\u0142o si\u0119 ju\u017c 141 ma\u0142\u017ce\u0144stw, 47 z nich spodziewa si\u0119 dziecka. Jest to dobry wynik jak na pierwszy rok dzia\u0142alno\u015bci. Gdy osoby, pragn\u0105ce rozpropagowa\u0107 t\u0119 mo\u017cliwo\u015b\u0107 leczenia bezp\u0142odno\u015bci zg\u0142osi\u0142y si\u0119 do regionalnej TV z tematem, zosta\u0142 on odrzucony i materia\u0142 nie powsta\u0142.<\/p>\r\n<p style=\"padding-left: 30px;\">Warto przypomnie\u0107, \u017ce procedura in vitro to koszt kilku tysi\u0119cy z\u0142otych, a w klinice naprotechnologii pacjenci p\u0142ac\u0105 600 z\u0142. Okazuje si\u0119, \u017ce s\u0105 ju\u017c tematy zastrze\u017cone, o kt\u00f3rych nie zrobi materia\u0142u publiczna TV. \u015awiadczy to o tym, \u017ce mamy do czynienia z gr\u0105 interes\u00f3w, \u017ce nie chodzi tylko o dzieci, kt\u00f3re mog\u0105 urodzi\u0107 si\u0119 tak\u017ce dzi\u0119ki naprotechnologii, kt\u00f3ra jest autentycznym leczeniem bezp\u0142odno\u015bci.<\/p>\r\n<p style=\"padding-left: 30px;\">Obro\u0144cy in vitro cz\u0119sto t\u0142umacz\u0105, \u017ce s\u0105 za \u017cyciem, dlatego je popieraj\u0105. Ale to tylko p\u00f3\u0142prawda, a has\u0142o jest bardzo ba\u0142amutne. Przy procedurze zap\u0142odnienia pozaustrojowego ginie kilka embrion\u00f3w, wi\u0119c jest to jedno \u017cycie kosztem kilku istnie\u0144, \u017cycie za \u015bmier\u0107. A poza tym jest to sztuczna inseminacja ludzi, kt\u00f3ra, cho\u0107 to nie zamierzone, sprowadza ich do poziomu zwierz\u0105t. Rozrywa personaln\u0105 wi\u0119\u017a mi\u0119dzy m\u0119\u017cczyzn\u0105 i kobiet\u0105, ojcem i matk\u0105. Rujnuje wi\u0119zi mi\u0119dzyosobowe i morale cz\u0142owieka.<\/p>\r\n<p style=\"padding-left: 30px;\">Ta metoda zaspakaja naturaln\u0105 potrzeb\u0119 rodzicielstwa, ale nie uwzgl\u0119dnia drugiego cz\u0142owieka. Dziecko za\u015b staje si\u0119 towarem, kt\u00f3ry mo\u017cna sobie &#8222;za\u0142atwi\u0107&#8221;. Takie uprzedmiotowienie cz\u0142owieka jest bardzo gro\u017ane. A ostatecznie chodzi o wielkie pieni\u0105dze, kt\u00f3re zarabia si\u0119 na tej metodzie, cho\u0107 wszystko rzekomo dzieje si\u0119 dla dobra ludzko\u015bci. W istocie in vitro rujnuje nie tylko wi\u0119zi mi\u0119dzyosobowe, ale i samo morale cz\u0142owieka. Gdy\u017c je\u017celi wprowadza si\u0119 relatywizm w tak wa\u017cnej kwestii jak cz\u0142owiek, w\u0142a\u015bciwie nie ma ju\u017c \u017cadnej granicy.<\/p>\r\n<p>Kilka dni temu prezydent Bronis\u0142aw Komorowski zn\u00f3w zadeklarowa\u0142, \u017ce <span style=\"text-decoration: underline;\"><a href=\"http:\/\/www.pch24.pl\/kuriozalna-wypowiedz-bronislawa-komorowskiego-o-in-vitro,34470,i.html\">&#8222;jest za \u017cyciem, a wi\u0119c za in vitro&#8221;<\/a>.<\/span>\u00a0<\/p>\r\n<p>KAI, kra<\/p>","protected":false},"excerpt":{"rendered":"Dlaczego nie si\u0119ga si\u0119 po inne metody leczenia bezp\u0142odno\u015bci, na przyk\u0142ad naprotechnologii &#8211; zastanawia\u0142 si\u0119 przewodnicz\u0105cy KEP abp Stanis\u0142aw G\u0105decki komentuj\u0105c dla KAI przyj\u0119cia przez rz\u0105d premier Ewy Kopacz projektu ustawy o in vitro, przygotowanej przez Ministerstwo Zdrowia. Publikujemy komentarz abp Stanis\u0142awa G\u0105deckiego: Trudno zrozumie\u0107, dlaczego rz\u0105d nie bierze pod uwag\u0119 innych metod walki z [&hellip;]","protected":false},"author":1,"featured_media":0,"comment_status":"closed","ping_status":"closed","sticky":false,"template":"","format":"standard","meta":{"_acf_changed":false,"_monsterinsights_skip_tracking":false,"_monsterinsights_sitenote_active":false,"_monsterinsights_sitenote_note":"","_monsterinsights_sitenote_category":0,"ngg_post_thumbnail":0,"footnotes":"","_wp_rev_ctl_limit":""},"categories":[5],"tags":[156,144],"acf":[],"_links":{"self":[{"href":"https:\/\/www.bibula.com\/index.php?rest_route=\/wp\/v2\/posts\/80343"}],"collection":[{"href":"https:\/\/www.bibula.com\/index.php?rest_route=\/wp\/v2\/posts"}],"about":[{"href":"https:\/\/www.bibula.com\/index.php?rest_route=\/wp\/v2\/types\/post"}],"author":[{"embeddable":true,"href":"https:\/\/www.bibula.com\/index.php?rest_route=\/wp\/v2\/users\/1"}],"replies":[{"embeddable":true,"href":"https:\/\/www.bibula.com\/index.php?rest_route=%2Fwp%2Fv2%2Fcomments&post=80343"}],"version-history":[{"count":0,"href":"https:\/\/www.bibula.com\/index.php?rest_route=\/wp\/v2\/posts\/80343\/revisions"}],"wp:attachment":[{"href":"https:\/\/www.bibula.com\/index.php?rest_route=%2Fwp%2Fv2%2Fmedia&parent=80343"}],"wp:term":[{"taxonomy":"category","embeddable":true,"href":"https:\/\/www.bibula.com\/index.php?rest_route=%2Fwp%2Fv2%2Fcategories&post=80343"},{"taxonomy":"post_tag","embeddable":true,"href":"https:\/\/www.bibula.com\/index.php?rest_route=%2Fwp%2Fv2%2Ftags&post=80343"}],"curies":[{"name":"wp","href":"https:\/\/api.w.org\/{rel}","templated":true}]}}