{"id":80337,"date":"2015-03-10T18:40:22","date_gmt":"2015-03-10T22:40:22","guid":{"rendered":"http:\/\/www.bibula.com\/?p=80337"},"modified":"2015-03-10T18:40:22","modified_gmt":"2015-03-10T22:40:22","slug":"o-co-pisarz-kresowiak-chce-zapytac-kandydatow-na-prezydenta","status":"publish","type":"post","link":"https:\/\/www.bibula.com\/?p=80337","title":{"rendered":"O co pisarz &#8211; kresowiak chce zapyta\u0107 kandydat\u00f3w na prezydenta"},"content":{"rendered":"<p><strong>Zany pisarz Stanis\u0142aw Srokowski u\u0142o\u017cy\u0142 pytania do kandydat\u00f3w na prezydenta RP, poruszaj\u0105ce tematyk\u0119 programu polityki historycznej w kwestii ludob\u00f3jstwa dokonanego przez OUN-UPA.<\/strong><\/p>\r\n<p>Mieszkaj\u0105cy we Wroc\u0142awiu Stanis\u0142aw Srokowski, urodzi\u0142 si\u0119 w 1936 r. we wsi Hnilcze w wojew\u00f3dztwie tarnopolskim. Jako pisarz pozostaje piewc\u0105 swojego kresowego dziedzictwa. Akcje swoich powie\u015bci osadza w kresowych realiach. Jedna z nich sta\u0142a si\u0119 podstaw\u0105 dla scenariusza filmu &#8222;Wo\u0142y\u0144&#8221; kr\u0119conego przez Wojciecha Smarzowskiego. Re\u017cyser wsp\u00f3\u0142pracowa\u0142 z pisarzem w trakcie swojej pracy.<\/p>\r\n<p>Srokowski proponuje, aby wszyscy, kt\u00f3rym le\u017cy na sercu nale\u017cyte upami\u0119tnienie i upowszechnienie wiedzy o ludob\u00f3jstwie na Kresach Po\u0142udniowo-Wschodnich zadawali na kandydatom na prezydenta nast\u0119puj\u0105ce pytania:<\/p>\r\n<ol>\r\n<li>Czy poprze Pan nasze starania, by Sejm RP uzna\u0142\u00a0 masowe mordy dokonane przez OUN i UPA na ludno\u015bci polskiej w latach 1939-1947 za zbrodni\u0119 ludob\u00f3jstwa?<\/li>\r\n<li>W czasie II wojny \u015bwiatowej ukrai\u0144skie formacje faszystowskie zorganizowane w OUN i UPA wymordowa\u0142y ok. 200 tys. Polak\u00f3w. Pragniemy wiedzie\u0107, czy Pan jako Prezydent RP, poprze nasze starania o ustanowienie przez Sejm dnia 11 lipca &#8211; Dniem Pami\u0119ci Ofiar Ludob\u00f3jstwa OUN i UPA na Kresach Wschodnich II Rzeczypospolitej?<\/li>\r\n<li>Czy poprze Pan nasze starania o zbudowanie Muzeum Kres\u00f3w, jako plac\u00f3wki upowszechniaj\u0105cej wiedz\u0119 o historycznych dokonaniach mieszka\u0144c\u00f3w tej cz\u0119\u015bci utraconych ziem polskich RP, a tak\u017ce obrazuj\u0105cej akty ludob\u00f3jstwa?<\/li>\r\n<li>Czy poprze Pan nasze starania\u00a0 o postawienie nauki historii w szko\u0142ach \u015brednich na takim poziomie, kt\u00f3ry pozwoli m\u0142odzie\u017cy na\u00a0 pe\u0142n\u0105 orientacj\u0119 w dziejach polskiego\u00a0 narodu?<\/li>\r\n<li>Czy poprze Pan wniosek \u015brodowisk kresowych o wzniesienie w stolicy Polski pomnika ofiar banderowskiego ludob\u00f3jstwa i czy obejmie\u00a0 Pan swoim patronatem t\u0119 inicjatyw\u0119?<\/li>\r\n<li>Czy wyst\u0105pi Pan do prezydenta Republiki Ukrainy z wnioskiem o uznanie przez w\u0142adze tego pa\u0144stwa mord\u00f3w dokonanych na ludno\u015bci polskiej przez OUN &#8211; UPA za zbrodni\u0119 ludob\u00f3jstwa, a organizacje OUN i UPA za zbrodnicze?<\/li>\r\n<li>Czy wyst\u0105pi Pan do odpowiednich w\u0142adz Republiki Ukrainy w sprawie likwidacji haniebnych pomnik\u00f3w, stawianych na przedwojennych ziemiach polskich Stepanowi Banderze, Romanowi Szuchewyczowi, mordercom\u00a0 z OUN i UPA i Dywizji SS Galizien?<\/li>\r\n<li>Czy wyst\u0105pi Pan\u00a0 do rz\u0105du Ukrainy z \u017c\u0105daniem godnego upami\u0119tnienia miejsc poch\u00f3wku Polak\u00f3w i obywateli polskich innych narodowo\u015bci pomordowanych przez OUN-UPA, cho\u0107by w postaci krzy\u017cy i stosownych tablic?<\/li>\r\n<li>Czy poprze\u00a0 Pan walk\u0119 Polak\u00f3w z s\u0105siednich kraj\u00f3w z dyskryminacj\u0105 oraz ich zmagania o sprawiedliwe traktowanie, jako mniejszo\u015bci narodowej, w kontek\u015bcie przywilej\u00f3w, jakimi ciesz\u0105 si\u0119 w naszym kraju mniejszo\u015bci narodowe litewska, ukrai\u0144ska, niemiecka i inne?<\/li>\r\n<li>Czy jest Pan zwolennikiem dozbrajania i wspomagania finansowego Ukrainy w obliczu tocz\u0105cej si\u0119 obecnie w tym kraju wojny?<\/li>\r\n<\/ol>\r\n<p>Wi\u0119cej na temat apelu Stanis\u0142awa Srokowskiego:\u00a0<a href=\"http:\/\/serwer1492976.home.pl\/autoinstalator\/wordpress\/pytania-kresowian-do-kandydatakandydatki-na-prezydenta\/\">http:\/\/serwer1492976.home.pl\/autoinstalator\/wordpress\/pytania-kresowian-do-kandydatakandydatki-na-prezydenta\/<\/a><\/p>\r\n<p>kresy.pl<\/p>","protected":false},"excerpt":{"rendered":"Zany pisarz Stanis\u0142aw Srokowski u\u0142o\u017cy\u0142 pytania do kandydat\u00f3w na prezydenta RP, poruszaj\u0105ce tematyk\u0119 programu polityki historycznej w kwestii ludob\u00f3jstwa dokonanego przez OUN-UPA. Mieszkaj\u0105cy we Wroc\u0142awiu Stanis\u0142aw Srokowski, urodzi\u0142 si\u0119 w 1936 r. we wsi Hnilcze w wojew\u00f3dztwie tarnopolskim. Jako pisarz pozostaje piewc\u0105 swojego kresowego dziedzictwa. Akcje swoich powie\u015bci osadza w kresowych realiach. Jedna z nich [&hellip;]","protected":false},"author":1,"featured_media":0,"comment_status":"closed","ping_status":"closed","sticky":false,"template":"","format":"standard","meta":{"_acf_changed":false,"_monsterinsights_skip_tracking":false,"_monsterinsights_sitenote_active":false,"_monsterinsights_sitenote_note":"","_monsterinsights_sitenote_category":0,"ngg_post_thumbnail":0,"footnotes":"","_wp_rev_ctl_limit":""},"categories":[8],"tags":[92,188],"acf":[],"_links":{"self":[{"href":"https:\/\/www.bibula.com\/index.php?rest_route=\/wp\/v2\/posts\/80337"}],"collection":[{"href":"https:\/\/www.bibula.com\/index.php?rest_route=\/wp\/v2\/posts"}],"about":[{"href":"https:\/\/www.bibula.com\/index.php?rest_route=\/wp\/v2\/types\/post"}],"author":[{"embeddable":true,"href":"https:\/\/www.bibula.com\/index.php?rest_route=\/wp\/v2\/users\/1"}],"replies":[{"embeddable":true,"href":"https:\/\/www.bibula.com\/index.php?rest_route=%2Fwp%2Fv2%2Fcomments&post=80337"}],"version-history":[{"count":0,"href":"https:\/\/www.bibula.com\/index.php?rest_route=\/wp\/v2\/posts\/80337\/revisions"}],"wp:attachment":[{"href":"https:\/\/www.bibula.com\/index.php?rest_route=%2Fwp%2Fv2%2Fmedia&parent=80337"}],"wp:term":[{"taxonomy":"category","embeddable":true,"href":"https:\/\/www.bibula.com\/index.php?rest_route=%2Fwp%2Fv2%2Fcategories&post=80337"},{"taxonomy":"post_tag","embeddable":true,"href":"https:\/\/www.bibula.com\/index.php?rest_route=%2Fwp%2Fv2%2Ftags&post=80337"}],"curies":[{"name":"wp","href":"https:\/\/api.w.org\/{rel}","templated":true}]}}