{"id":80328,"date":"2015-03-09T21:15:12","date_gmt":"2015-03-10T01:15:12","guid":{"rendered":"http:\/\/www.bibula.com\/?p=80328"},"modified":"2015-03-09T21:15:12","modified_gmt":"2015-03-10T01:15:12","slug":"irlandia-protest-przeciwko-propagandzie-mediow","status":"publish","type":"post","link":"https:\/\/www.bibula.com\/?p=80328","title":{"rendered":"Irlandia: Protest przeciwko propagandzie medi\u00f3w"},"content":{"rendered":"<p><strong>Irlandczycy protestowali dzi\u015b w Dublinie pod siedzib\u0105 pa\u0144stwowej telewizji RTE przeciwko fa\u0142szywemu przekazowi jaka ta, wed\u0142ug nich, oferuje. Chodzi g\u0142\u00f3wnie o kwestie podej\u015bcia do ruchu spo\u0142ecznego i protest\u00f3w przeciwko wprowadzeniu op\u0142at za wod\u0119.<\/strong><\/p>\r\n<p>Demonstracja zorganizowana zosta\u0142a przez kilka r\u00f3\u017cnych \u015brodowisk protestuj\u0105cych przeciwko rz\u0105dowym ci\u0119ciom, wed\u0142ug kt\u00f3rych pa\u0144stwowa stacja telewizyjna reprezentuje interesy rz\u0105dz\u0105cej elity, celowo marginalizuj\u0105c protesty lub przedstawiaj\u0105c ich fa\u0142szywy obraz.<\/p>\r\n<p>W ostatnich miesi\u0105cach Irlandczycy protestowali przeciwko planowanym wprowadzeniem op\u0142at za wod\u0119. W wielu miastach mia\u0142y miejsce demonstracje, najwi\u0119ksza z nich odby\u0142a si\u0119 w grudniu w Dublinie i liczy\u0142a ponad sto tysi\u0119cy uczestnik\u00f3w. Op\u0142aty za wod\u0119 maj\u0105, w zamy\u015ble rz\u0105du, wyr\u00f3wna\u0107 zad\u0142u\u017cenie Irlandii po kryzysie gospodarczym z 2010 roku, po kt\u00f3rym irlandzka gospodarka mocno podupad\u0142a.<\/p>\r\n<p>Protestuj\u0105cy zarzucali telewizji RTE zatajanie istotnych fakt\u00f3w dotycz\u0105cych planu oszcz\u0119dno\u015bciowego przed spo\u0142ecze\u0144stwem, przedstawianie pokojowo protestuj\u0105cych jako element niebezpieczny oraz stosowanie taktyki przemilczania dziesi\u0105tek protest\u00f3w.<\/p>\r\n<p>W wielu miastach Irlandii powsta\u0142y grupy, kt\u00f3re aktywnie przeciwstawia\u0142y si\u0119 i blokowa\u0142y pr\u00f3by montowania wodomierzy. Instalacje te wprowadzi\u0142 rz\u0105d razem z p\u00f3\u0142-prywatn\u0105 firm\u0105 Irish Water. Plan opodatkowania wody doprowadzi\u0142 do najwi\u0119kszych od dziesi\u0119cioleci protest\u00f3w.<\/p>\r\n<p>Demonstranci przypomnieli pracownikom telewizji RTE o z\u0142ej sytuacji irlandzkich rodzin, z kt\u00f3rych wilu grozi utrata dom\u00f3w, zaniedbania w s\u0142u\u017cbie zdrowia, pomijanie tematu rosn\u0105cego bezrobocia i obni\u017cki p\u0142ac. Zarzucono im tak\u017ce przedstawianie obywatelskiego niepos\u0142usze\u0144stwa, np. pikiet jako \u201eakt\u00f3w przemocy\u201d. Demonstruj\u0105cy nie maj\u0105 w\u0105tpliwo\u015bci, \u017ce telewizja dzia\u0142a na rzecz w\u0142adz i stara si\u0119 s\u0142u\u017cy\u0107 im najlepiej jak potrafi. Eksperci oraz protestuj\u0105cy s\u0105 zgodni, \u017ce telewizja pa\u0144stwowa przyj\u0119\u0142a form\u0119 struktury ideologicznej maj\u0105ce na celu pomoc w\u0142adzy, kreowanie warunk\u00f3w sprzyjaj\u0105cych jej utrzymaniu.<\/p>\r\n<p>Demonstranci m\u00f3wili tak\u017ce, \u017ce rzekome szybkie o\u017cywienie irlandzkiej gospodarki jest mitem usilnie kreowanym przez media. W tym temacie przywo\u0142ali przyk\u0142ady obni\u017conych zarobk\u00f3w i liczb\u0119 miejsc pracy. Podkre\u015blono tak\u017ce coraz wi\u0119ksze problemy irlandzkich rodzin ze sp\u0142atami kredyt\u00f3w mieszkaniowych. Dzisiejszy protest jest jednym z wielu w ostatnich tygodniach. Irlandczycy sprzeciwiaj\u0105 si\u0119 ponoszeniu koszt\u00f3w z\u0142ej, ich zdaniem, polityki rz\u0105du.<\/p>\r\n<p>na podstawie: independent.ie, rt.com<\/p>","protected":false},"excerpt":{"rendered":"Irlandczycy protestowali dzi\u015b w Dublinie pod siedzib\u0105 pa\u0144stwowej telewizji RTE przeciwko fa\u0142szywemu przekazowi jaka ta, wed\u0142ug nich, oferuje. Chodzi g\u0142\u00f3wnie o kwestie podej\u015bcia do ruchu spo\u0142ecznego i protest\u00f3w przeciwko wprowadzeniu op\u0142at za wod\u0119. Demonstracja zorganizowana zosta\u0142a przez kilka r\u00f3\u017cnych \u015brodowisk protestuj\u0105cych przeciwko rz\u0105dowym ci\u0119ciom, wed\u0142ug kt\u00f3rych pa\u0144stwowa stacja telewizyjna reprezentuje interesy rz\u0105dz\u0105cej elity, celowo marginalizuj\u0105c [&hellip;]","protected":false},"author":1,"featured_media":0,"comment_status":"closed","ping_status":"closed","sticky":false,"template":"","format":"standard","meta":{"_acf_changed":false,"_monsterinsights_skip_tracking":false,"ngg_post_thumbnail":0,"footnotes":"","_wp_rev_ctl_limit":""},"categories":[6],"tags":[237,159,20],"acf":[],"_links":{"self":[{"href":"https:\/\/www.bibula.com\/index.php?rest_route=\/wp\/v2\/posts\/80328"}],"collection":[{"href":"https:\/\/www.bibula.com\/index.php?rest_route=\/wp\/v2\/posts"}],"about":[{"href":"https:\/\/www.bibula.com\/index.php?rest_route=\/wp\/v2\/types\/post"}],"author":[{"embeddable":true,"href":"https:\/\/www.bibula.com\/index.php?rest_route=\/wp\/v2\/users\/1"}],"replies":[{"embeddable":true,"href":"https:\/\/www.bibula.com\/index.php?rest_route=%2Fwp%2Fv2%2Fcomments&post=80328"}],"version-history":[{"count":0,"href":"https:\/\/www.bibula.com\/index.php?rest_route=\/wp\/v2\/posts\/80328\/revisions"}],"wp:attachment":[{"href":"https:\/\/www.bibula.com\/index.php?rest_route=%2Fwp%2Fv2%2Fmedia&parent=80328"}],"wp:term":[{"taxonomy":"category","embeddable":true,"href":"https:\/\/www.bibula.com\/index.php?rest_route=%2Fwp%2Fv2%2Fcategories&post=80328"},{"taxonomy":"post_tag","embeddable":true,"href":"https:\/\/www.bibula.com\/index.php?rest_route=%2Fwp%2Fv2%2Ftags&post=80328"}],"curies":[{"name":"wp","href":"https:\/\/api.w.org\/{rel}","templated":true}]}}