{"id":80107,"date":"2015-02-27T11:02:22","date_gmt":"2015-02-27T16:02:22","guid":{"rendered":"http:\/\/www.bibula.com\/?p=80107"},"modified":"2015-02-27T11:02:22","modified_gmt":"2015-02-27T16:02:22","slug":"sad-grzegorz-braun-stosowal-przemoc-wobec-policjanta-rezyser-musi-zaplacic-grzywne","status":"publish","type":"post","link":"https:\/\/www.bibula.com\/?p=80107","title":{"rendered":"S\u0105d: Grzegorz Braun stosowa\u0142 przemoc wobec policjanta. Re\u017cyser musi zap\u0142aci\u0107 grzywn\u0119"},"content":{"rendered":"<p><strong>3 tys. z\u0142 grzywny b\u0119dzie musia\u0142 zap\u0142aci\u0107 Grzegorz Braun za stosowanie przemocy wobec policjanta &#8211; zdecydowa\u0142 s\u0119dzia Krzysztof Korzeniowski z S\u0105du Rejonowego Wroc\u0142aw-\u015ar\u00f3dmie\u015bcie. <br \/><\/strong><\/p>\r\n<p>Sprawa dotyczy wydarze\u0144 z 2008 roku. Braun zosta\u0142 wtedy zatrzymany przez policjant\u00f3w podczas jednej z manifestacji. Jak twierdzi, po kr\u00f3tkiej wymianie zda\u0144 i odmowy wylegitymowanie si\u0119 ze strony mundurowych, policjanci poturbowali go.<\/p>\r\n<p>Re\u017cyser zg\u0142osi\u0142 spraw\u0119 do prokuratury. Nied\u0142ugo potem policjanci z\u0142o\u017cyli podobn\u0105 skarg\u0119, oskar\u017caj\u0105c o zniewa\u017cenie oraz pobicie funkcjonariusza na s\u0142u\u017cbie w\u0142a\u015bnie Grzegorza Brauna.<\/p>\r\n<p>Pierwszy, wygrany przez Brauna, proces trwa\u0142 3,5 roku. Po apelacji toczy\u0142a si\u0119 kolejna sprawa, kt\u00f3ra obfitowa\u0142a w dziwne wydarzenia. Nagrano na przyk\u0142ad sytuacj\u0119, gdy s\u0105d, wezwawszy w charakterze \u015bwiadka jednego z by\u0142ych ju\u017c policjant\u00f3w, kt\u00f3rego rzekomo mia\u0142 pobi\u0107 Braun, zada\u0142 mu jedynie kilka powierzchownych pyta\u0144. Wezwany t\u0142umaczy\u0142 si\u0119 brakiem czasu. Deklarowa\u0142, i\u017c musi zd\u0105\u017cy\u0107 na podpisanie wa\u017cnego, intratnego kontraktu.<\/p>\r\n<p>W toku sprawy Braun trafi\u0142 r\u00f3wnie\u017c na kilka dni do aresztu po tym, jak opu\u015bci\u0142 sal\u0119 podczas jednej z rozpraw w S\u0105dzie Rejonowym we Wroc\u0142awiu. By\u0142 to jego protest wobec post\u0119powania prowadz\u0105cego proces s\u0119dziego Krzysztofa Korzeniewskiego. Zatrzymano go o godz. 8 we wroc\u0142awskim mieszkaniu na Krzykach.<\/p>\r\n<p>Grzegorz Braun jest kandydatem w tegorocznych wyborach prezydenckich. Obecnie zarejestrowany Komitet Wyborczy zbiera podpisy pod jego kandydatur\u0105.<\/p>\r\n<p>\u0179r\u00f3d\u0142o: niezale\u017cna.pl<\/p>\r\n<p>ged<\/p>","protected":false},"excerpt":{"rendered":"3 tys. z\u0142 grzywny b\u0119dzie musia\u0142 zap\u0142aci\u0107 Grzegorz Braun za stosowanie przemocy wobec policjanta &#8211; zdecydowa\u0142 s\u0119dzia Krzysztof Korzeniowski z S\u0105du Rejonowego Wroc\u0142aw-\u015ar\u00f3dmie\u015bcie. Sprawa dotyczy wydarze\u0144 z 2008 roku. Braun zosta\u0142 wtedy zatrzymany przez policjant\u00f3w podczas jednej z manifestacji. Jak twierdzi, po kr\u00f3tkiej wymianie zda\u0144 i odmowy wylegitymowanie si\u0119 ze strony mundurowych, policjanci poturbowali go. [&hellip;]","protected":false},"author":1,"featured_media":0,"comment_status":"closed","ping_status":"closed","sticky":false,"template":"","format":"standard","meta":{"_acf_changed":false,"_monsterinsights_skip_tracking":false,"_monsterinsights_sitenote_active":false,"_monsterinsights_sitenote_note":"","_monsterinsights_sitenote_category":0,"ngg_post_thumbnail":0,"footnotes":"","_wp_rev_ctl_limit":""},"categories":[8],"tags":[344,92,169],"acf":[],"_links":{"self":[{"href":"https:\/\/www.bibula.com\/index.php?rest_route=\/wp\/v2\/posts\/80107"}],"collection":[{"href":"https:\/\/www.bibula.com\/index.php?rest_route=\/wp\/v2\/posts"}],"about":[{"href":"https:\/\/www.bibula.com\/index.php?rest_route=\/wp\/v2\/types\/post"}],"author":[{"embeddable":true,"href":"https:\/\/www.bibula.com\/index.php?rest_route=\/wp\/v2\/users\/1"}],"replies":[{"embeddable":true,"href":"https:\/\/www.bibula.com\/index.php?rest_route=%2Fwp%2Fv2%2Fcomments&post=80107"}],"version-history":[{"count":0,"href":"https:\/\/www.bibula.com\/index.php?rest_route=\/wp\/v2\/posts\/80107\/revisions"}],"wp:attachment":[{"href":"https:\/\/www.bibula.com\/index.php?rest_route=%2Fwp%2Fv2%2Fmedia&parent=80107"}],"wp:term":[{"taxonomy":"category","embeddable":true,"href":"https:\/\/www.bibula.com\/index.php?rest_route=%2Fwp%2Fv2%2Fcategories&post=80107"},{"taxonomy":"post_tag","embeddable":true,"href":"https:\/\/www.bibula.com\/index.php?rest_route=%2Fwp%2Fv2%2Ftags&post=80107"}],"curies":[{"name":"wp","href":"https:\/\/api.w.org\/{rel}","templated":true}]}}