{"id":80072,"date":"2015-02-26T14:14:26","date_gmt":"2015-02-26T19:14:26","guid":{"rendered":"http:\/\/www.bibula.com\/?p=80072"},"modified":"2015-02-26T20:34:10","modified_gmt":"2015-02-27T01:34:10","slug":"grzegorz-braun-rozpoczal-kampanie-prezydencka","status":"publish","type":"post","link":"https:\/\/www.bibula.com\/?p=80072","title":{"rendered":"Grzegorz Braun rozpocz\u0105\u0142 kampani\u0119 prezydenck\u0105"},"content":{"rendered":"<p><strong>W Warszawie oficjalnie kampani\u0119 wyborcz\u0105 przed wyborami prezydenckimi rozpocz\u0105\u0142 Grzegorz Braun. Nie oby\u0142o si\u0119 bez k\u0142opot\u00f3w. Pa\u0144stwowa Komisja Wyborcza zakwestionowa\u0142a bowiem o\u015bwiadczenie lustracyjne kandydata, gdy\u017c\u2026 nie powt\u00f3rzy\u0142 w nim nazwiska!<\/strong><\/p>\r\n<p>Grzegorz Braun og\u0142osi\u0142 rozpocz\u0119cie oficjalnej kampanii prezydenckiej pod kolumn\u0105 Kr\u00f3la Zygmunta III Wazy (nazywanego przez jego sztab wyborczy Kr\u00f3lem KontrREFORMACJI) na tle Zamku Kr\u00f3lewskiego w Warszawie &#8211; siedzibie przedwojennych Prezydent\u00f3w RP. Konferencj\u0119 prasow\u0105 po\u0142\u0105czono ze zbieraniem podpis\u00f3w poparcia i patriotycznym koncertem.<\/p>\r\n<p>Wcze\u015bniej jednak, by biurokratycznym zachciankom III RP sta\u0142o si\u0119 za do\u015b\u0107, Grzegorz Braun musia\u0142 uda\u0107 si\u0119 do siedziby PKW aby poprawi\u0107 swoje o\u015bwiadczenie lustracyjne. Okaza\u0142o si\u0119, \u017ce urz\u0119dnicy nie s\u0105 w stanie zatwierdzi\u0107 o\u015bwiadczenia je\u015bli kandydat opr\u00f3cz wpisania nazwiska nie wpisze jeszcze nazwiska rodowego &#8211; czyli de facto (w wypadku m\u0119\u017cczyzny) powt\u00f3rzy. Po wpisaniu w dokument s\u0142\u00f3w \u201eGrzegorz Braun, Braun\u201d urz\u0119dnik stwierdzi\u0142, \u017ce teraz o\u015bwiadczenie przyj\u0105\u0107 mo\u017ce.<\/p>\r\n<p>Grzegorz Braun og\u0142osi\u0142 ch\u0119\u0107 kandydowania w wyborach ju\u017c kilka tygodni temu. Oficjalnie jednak rozpocz\u0105\u0142 kampani\u0119 wyborcz\u0105 w czwartek, poniewa\u017c ostatnie trzy miesi\u0105ce sp\u0119dzi\u0142 w Stanach Zjednoczonych, sk\u0105d wr\u00f3ci\u0142 w\u0142a\u015bnie 26 lutego.<\/p>\r\n<p>W przeprowadzonej kilka dni temu rozmowie z dziennikarzem PCh24.pl re\u017cyser o\u015bwiadczy\u0142, \u017ce kandyduj\u0105c w wyborach prezydenckich prowadzi rozpoznanie bojem. Decyzj\u0105 t\u0105 nie odwr\u00f3ci\u0142 si\u0119 od deklarowanego monarchizmu, ale &#8211; jak nam powiedzia\u0142 &#8211; zamierza dzieli\u0107 si\u0119 swoimi pogl\u0105dami z jeszcze szerszym gronem os\u00f3b. &#8211; <em>Trzeba po prostu lojalnie informowa\u0107 naszych bli\u017anich, \u017ce je\u015bli zawczasu nie wymodl\u0105 sobie powrotu Kr\u00f3la &#8211; w\u00f3wczas we\u017amie ich za twarz jaka\u015b zwyczajna, \u015bwiecka, najpewniej kolektywna demo-dyktatura, za fasad\u0105 kt\u00f3rej rz\u0105dzi\u0107 b\u0119d\u0105 notabene po staremu: gangsterskie mafie, tajne s\u0142u\u017cby i satanistyczne lo\u017ce. A to doprawdy nie by\u0142oby na miar\u0119 1050-lecia Chrztu Polski. To jest w\u0142a\u015bciwy punkt odniesienia: tysi\u0105c lat Korony Polskiej w kr\u0119gu cywilizacji \u0142aci\u0144skiej &#8211; a nie jakie\u015b \u201e25 lat demokracji\u201d, orze\u0142 z czekolady itp. &#8211; <\/em>m\u00f3wi\u0142 Braun.<\/p>\r\n<p>Ca\u0142\u0105 rozmow\u0119 z Grzegorzem Braunem mo\u017cna przeczyta\u0107 <span style=\"text-decoration: underline;\"><strong><a href=\"http:\/\/www.pch24.pl\/braun--kandyduje--bo-prowadze-rozpoznanie-bojem,34065,i.html\">tutaj<\/a><\/strong><\/span><\/p>\r\n<p>Mimo deklaracji o starcie wyborach sprzed kilku tygodni, oraz informacji o tej decyzji pojawiaj\u0105cych si\u0119 w g\u0142\u00f3wnych mediach, \u017cadne sonda\u017cownie nie pyta\u0142y do tej pory Polak\u00f3w o zdanie na temat Grzegorza Brauna. Czy zmieni si\u0119 to po oficjalnym rozpocz\u0119ciu kampanii i zarejestrowaniu komitetu wyborczego w PKW?<\/p>\r\n<p>kra<\/p>\r\n<p class=\"zrodlo\">Za: <a href=\"http:\/\/www.pch24.pl\/grzegorz-braun-rozpoczal-kampanie-prezydencka,34231,i.html\">PoloniaChristiana &#8211; pch24.pl (2015-02-26)<\/a><\/p>\r\n<blockquote>\r\n<p><strong>KOMENTARZ <em>BIBU\u0141Y<\/em><\/strong>: Ch\u0119tnie poznamy realny, konkretny, zdefiniowany w punktach PROGRAM WYBORCZY Szanownego Kandydata, bowiem wiele wspania\u0142ych s\u0142\u00f3w i celnych opis\u00f3w obecnej sytuacji w Polsce, ju\u017c us\u0142yszeli\u015by niejeden raz. I oczywi\u015bcie zgadzamy si\u0119 z ocen\u0105 sytuacji, tudzie\u017c ze wskazaniem na si\u0142y j\u0105 definiuj\u0105ce, ale jako Kandydat-monarchista na najwy\u017cszy urz\u0105d w demokratycznej Polsce (co za oksymoron polityczny i aberracja ideowa), powinien wyj\u015b\u0107 poza g\u00f3rnolotne mira\u017ce o budowaniu strzelnic i wezwa\u0144 o wymodlenie sobie powrotu Kr\u00f3la. Bo zanim te strzelnice (potrzebne, aby nie by\u0142o w\u0105tpliwo\u015bci) zostan\u0105 wybudowane, Polacy powinni pozna\u0107 KONKRETNY program naprawy sytuacji gospodarczej, ekonomicznej, spo\u0142ecznej. A zanim Kr\u00f3l nadejdzie i zasi\u0105dzie na tronie &#8211; co prawdopodobnie nast\u0105pi jednak <strong>po<\/strong> kadencji prezydenckiej Kandydata &#8211; CO Prezydent Braun zamierza uczyni\u0107 dla naprawy Rzeczpospolitej? Co, KONKRETNIE? Ponadto: przy si\u0119ganiu po w\u0142adz\u0119 i realnym mierzeniu wysoko, trzeba dysponowa\u0107 zapleczem politycznym, a nie gronem s\u0142uchaczy. Czy znamy polityczne zaplecze Szanownego Kandydata?<br \/>I jeszcze jedno, na co ju\u017c wskazywali\u015bmy poprzednio: Nie rozumiemy jak mo\u017cna uczestniczy\u0107 jako kandydat w tzw. wyborach demokratycznych, kiedy wiadomo &#8211; a Szanowny Kandydat wie o tym najlepiej, wszak to Jego ruch doprowdzi\u0142 do rezygnacji dotychczasowej Komisji Wyborczej &#8211; \u017ce SYSTEM wyborczy jest korupcjogenny, \u017ce spo\u0142eczny system nadzoru nie istnieje, \u017ce w sumie: wybory by\u0142y sfa\u0142szowane, a nadchodz\u0105ce <strong>b\u0119d\u0105 przeprowadzone w niezmienionej formie<\/strong>, czyli r\u00f3wnie\u017c zostan\u0105 odpowiednio sfa\u0142szowane.<\/p>\r\n<p>Od\u015bwie\u017cmy jednak pami\u0119\u0107 przywo\u0142uj\u0105c kilka ca\u0142kiem niedawnych powiedzonek (trafnych!) Grzegorza Brauna, zanim <em>kto\u015b-co\u015b <\/em>podpowiedzia\u0142\/o Mu uczestnictwo w farsie demokratycznych wybor\u00f3w:<\/p>\r\n<ul>\r\n<li>&#8222;Demokracja si\u0119 sko\u0144czy\u0142a&#8221;<\/li>\r\n<li>&#8222;Jeste\u015bmy \u015bwiadkami ko\u0144ca demokracji. Ods\u0142ania ona przed nami sw\u0105 &#8211; dot\u0105d skrywan\u0105 za r\u00f3\u017cnymi maskami &#8211; szpetn\u0105 twarz. Je\u015bli komu\u015b si\u0119 zdaje, \u017ce jest to [<em>chodzi o afer\u0119 ze sfa\u0142szowaniem poprzednich wybor\u00f3w &#8211; <\/em>Red.] awaria demokracji, jaki\u015b incydent, to ja m\u00f3wi\u0119, \u017ce to jest norma. To nie jest kryzys, to jest rezultat. To nie jest b\u0142\u0105d, to jest wynik. Tak w\u0142a\u015bnie wygl\u0105da demokracja. Ja jestem monarchist\u0105 i modl\u0119 si\u0119 o kr\u00f3la.&#8221;<\/li>\r\n<li>&#8222;Demokratyczna procedura wymaga po prostu periodycznego rozhu\u015btywania nastroj\u00f3w&#8221; (<em>no w\u0142a\u015bnie&#8230;. &#8211; <\/em>Red.)<\/li>\r\n<li>&#8222;Powie mo\u017ce kto\u015b dotkni\u0119ty w\u00a0swych \u201erepublika\u0144skich\u201d uczuciach, \u017ce to s\u0105 tylko incydentalne nadu\u017cycia i\u00a0usterki nie maj\u0105ce nic wsp\u00f3lnego z\u00a0istot\u0105 systemu &#8211; \u017ce to efekt <em>psucia demokracji<\/em>, a\u00a0nie jej rzeczywista natura. Odpowiem, \u017ce to argumentacja tyle samo warta, ile zapewnienia marksistowskich \u201erewizjonist\u00f3w\u201d &#8211; \u017ce komunizm dobry, tylko <em>b\u0142\u0119dy i\u00a0wypaczenia stalinizmu<\/em> wszystkiemu winne. Ale w\u00a0rzeczywisto\u015bci demokracji nie da si\u0119 ju\u017c ani bardziej popsu\u0107, ani te\u017c naprawi\u0107 &#8211; jest ona bowiem ze swej istoty stanem permanentnej awarii aksjologicznej. &#8222;<\/li>\r\n<li>&#8222;Demokracja to stan pod ka\u017cdym wzgl\u0119dem niebezpieczny.&#8221;<\/li>\r\n<\/ul>\r\n<p>&nbsp;<\/p>\r\n<\/blockquote>","protected":false},"excerpt":{"rendered":"W Warszawie oficjalnie kampani\u0119 wyborcz\u0105 przed wyborami prezydenckimi rozpocz\u0105\u0142 Grzegorz Braun. Nie oby\u0142o si\u0119 bez k\u0142opot\u00f3w. Pa\u0144stwowa Komisja Wyborcza zakwestionowa\u0142a bowiem o\u015bwiadczenie lustracyjne kandydata, gdy\u017c\u2026 nie powt\u00f3rzy\u0142 w nim nazwiska! Grzegorz Braun og\u0142osi\u0142 rozpocz\u0119cie oficjalnej kampanii prezydenckiej pod kolumn\u0105 Kr\u00f3la Zygmunta III Wazy (nazywanego przez jego sztab wyborczy Kr\u00f3lem KontrREFORMACJI) na tle Zamku Kr\u00f3lewskiego w [&hellip;]","protected":false},"author":1,"featured_media":0,"comment_status":"closed","ping_status":"closed","sticky":false,"template":"","format":"standard","meta":{"_acf_changed":false,"_monsterinsights_skip_tracking":false,"_monsterinsights_sitenote_active":false,"_monsterinsights_sitenote_note":"","_monsterinsights_sitenote_category":0,"ngg_post_thumbnail":0,"footnotes":"","_wp_rev_ctl_limit":""},"categories":[8],"tags":[344,92],"acf":[],"_links":{"self":[{"href":"https:\/\/www.bibula.com\/index.php?rest_route=\/wp\/v2\/posts\/80072"}],"collection":[{"href":"https:\/\/www.bibula.com\/index.php?rest_route=\/wp\/v2\/posts"}],"about":[{"href":"https:\/\/www.bibula.com\/index.php?rest_route=\/wp\/v2\/types\/post"}],"author":[{"embeddable":true,"href":"https:\/\/www.bibula.com\/index.php?rest_route=\/wp\/v2\/users\/1"}],"replies":[{"embeddable":true,"href":"https:\/\/www.bibula.com\/index.php?rest_route=%2Fwp%2Fv2%2Fcomments&post=80072"}],"version-history":[{"count":0,"href":"https:\/\/www.bibula.com\/index.php?rest_route=\/wp\/v2\/posts\/80072\/revisions"}],"wp:attachment":[{"href":"https:\/\/www.bibula.com\/index.php?rest_route=%2Fwp%2Fv2%2Fmedia&parent=80072"}],"wp:term":[{"taxonomy":"category","embeddable":true,"href":"https:\/\/www.bibula.com\/index.php?rest_route=%2Fwp%2Fv2%2Fcategories&post=80072"},{"taxonomy":"post_tag","embeddable":true,"href":"https:\/\/www.bibula.com\/index.php?rest_route=%2Fwp%2Fv2%2Ftags&post=80072"}],"curies":[{"name":"wp","href":"https:\/\/api.w.org\/{rel}","templated":true}]}}