{"id":80017,"date":"2015-02-25T10:07:37","date_gmt":"2015-02-25T15:07:37","guid":{"rendered":"http:\/\/www.bibula.com\/?p=80017"},"modified":"2015-02-25T10:07:58","modified_gmt":"2015-02-25T15:07:58","slug":"biskup-ostrzega-przed-satanistami-z-zespolu-vader-szatan-szuka-ofiar","status":"publish","type":"post","link":"https:\/\/www.bibula.com\/?p=80017","title":{"rendered":"Biskup ostrzega przed satanistami z zespo\u0142u Vader: szatan szuka ofiar"},"content":{"rendered":"<p><strong>Pomimo apeli i pr\u00f3\u015bb w \u015awidnicy, podczas Wielkiego Postu, odb\u0119dzie si\u0119 koncert satanistycznego zespo\u0142u Vader. &#8222;Wobec tego wydarzenia, kt\u00f3rego blu\u017aniercze przes\u0142anie jest wymierzone w wierz\u0105cych w Chrystusa, nie mo\u017cemy pozosta\u0107 bierni&#8221; &#8211; przypomina bp Ignacy Dec, zapraszaj\u0105c w skierowanym do diecezjan apelu do zgromadzenia si\u0119 na czuwaniu modlitewnym w intencji uczestnik\u00f3w koncertu oraz &#8222;w trosce o duchowe bezpiecze\u0144stwo miasta i jego mieszka\u0144c\u00f3w&#8221;.<\/strong><\/p>\r\n<p>&#8222;Rozpocz\u0119ty Wielki Post przypomina nam o cenie, jak\u0105 zap\u0142aci\u0142 Syn Bo\u017cy, walcz\u0105c z diab\u0142em i grzechem o nasze zbawienie. Dlatego dzi\u0119kujemy Bogu za Jego mi\u0142osierdzie wobec grzesznik\u00f3w, za ocalenie z grzechu i nadziej\u0119 \u017cycia wiecznego&#8221; &#8211; pisze w zaproszeniu ordynariusz \u015bwidnicki, przestrzegaj\u0105c, \u017ce &#8222;pomimo zwyci\u0119stwa Chrystusa, szatan nadal szuka ofiar swego kuszenia&#8221;.<\/p>\r\n<p>&#8222;Ufni w moc Chrystusa Ukrzy\u017cowanego i Zmartwychwsta\u0142ego uciekamy si\u0119 do Zbawiciela, u Niego szukaj\u0105c pewnego ratunku i ochrony&#8221; &#8211; doda\u0142 hierarcha.<\/p>\r\n<p>&#8222;Pami\u0119tajmy, \u017ce diabe\u0142 rozszerza swoje wp\u0142ywy z powodu bierno\u015bci ludzi wierz\u0105cych&#8221; &#8211; dodaje biskup i wyra\u017caj\u0105c ufno\u015b\u0107 we wstawiennictwo \u015bw. Jana Paw\u0142a II, patrona \u015awidnicy, a tak\u017ce maj\u0105c \u015bwiadomo\u015b\u0107 znaczenia modlitwy i postu, zach\u0119ca do w\u0142\u0105czenia si\u0119 we wsp\u00f3lne czuwanie.<\/p>\r\n<p>Nawi\u0105zuj\u0105c do samego koncertu, bp Dec podkre\u015bli\u0142: &#8222;Wobec tego wydarzenia, kt\u00f3rego blu\u017aniercze przes\u0142anie jest wymierzone w wierz\u0105cych w Chrystusa a tak\u017ce niesie zagro\u017cenie w wymiarze duchowym, nie mo\u017cemy pozosta\u0107 bierni&#8221;.<\/p>\r\n<p>W odezwie poprosi\u0142 &#8222;o modlitw\u0119 i post w intencji uczestnik\u00f3w koncertu&#8221;. Zach\u0119ci\u0142 te\u017c: &#8222;W trosce o duchowe bezpiecze\u0144stwo miasta i jego mieszka\u0144c\u00f3w zach\u0119cam i zapraszam do wsp\u00f3lnej modlitwy&#8221;.<\/p>\r\n<p>Czuwanie modlitewne odb\u0119dzie si\u0119 w dniu koncertu, w sobot\u0119 28 lutego o godz. 19.00 w ko\u015bciele pw. \u015bw. Krzy\u017ca przy ul. Westerplatte. Rozpocznie je Adoracja Naj\u015bwi\u0119tszego Sakramentu po\u0142\u0105czona z modlitw\u0105 r\u00f3\u017ca\u0144cow\u0105, a nast\u0119pnie wsp\u00f3lna litania do \u015bw. Micha\u0142a Archanio\u0142a. O godz. 20.00 rozpocznie si\u0119 Msza \u015bw. pod przewodnictwem bp. Ignacego Deca. Czuwanie zako\u0144czy si\u0119 Apelem Jasnog\u00f3rskim. Wierni b\u0119d\u0105 si\u0119 modli\u0107 za \u015awidnic\u0119, wszystkich mieszka\u0144c\u00f3w miasta oraz ca\u0142\u0105 ojczyzn\u0119.<\/p>\r\n<p>W \u015awidnicy podczas tegorocznego Wielkiego Postu, pomimo apeli i pr\u00f3\u015bb odb\u0119dzie si\u0119 koncert satanistycznego zespo\u0142u Vader.<\/p>\r\n<p>\u0179r\u00f3d\u0142o: KAI<\/p>\r\n<p>luk<\/p>","protected":false},"excerpt":{"rendered":"Pomimo apeli i pr\u00f3\u015bb w \u015awidnicy, podczas Wielkiego Postu, odb\u0119dzie si\u0119 koncert satanistycznego zespo\u0142u Vader. &#8222;Wobec tego wydarzenia, kt\u00f3rego blu\u017aniercze przes\u0142anie jest wymierzone w wierz\u0105cych w Chrystusa, nie mo\u017cemy pozosta\u0107 bierni&#8221; &#8211; przypomina bp Ignacy Dec, zapraszaj\u0105c w skierowanym do diecezjan apelu do zgromadzenia si\u0119 na czuwaniu modlitewnym w intencji uczestnik\u00f3w koncertu oraz &#8222;w trosce [&hellip;]","protected":false},"author":1,"featured_media":0,"comment_status":"closed","ping_status":"closed","sticky":false,"template":"","format":"standard","meta":{"_acf_changed":false,"_monsterinsights_skip_tracking":false,"ngg_post_thumbnail":0,"footnotes":"","_wp_rev_ctl_limit":""},"categories":[5],"tags":[132,92,39],"acf":[],"_links":{"self":[{"href":"https:\/\/www.bibula.com\/index.php?rest_route=\/wp\/v2\/posts\/80017"}],"collection":[{"href":"https:\/\/www.bibula.com\/index.php?rest_route=\/wp\/v2\/posts"}],"about":[{"href":"https:\/\/www.bibula.com\/index.php?rest_route=\/wp\/v2\/types\/post"}],"author":[{"embeddable":true,"href":"https:\/\/www.bibula.com\/index.php?rest_route=\/wp\/v2\/users\/1"}],"replies":[{"embeddable":true,"href":"https:\/\/www.bibula.com\/index.php?rest_route=%2Fwp%2Fv2%2Fcomments&post=80017"}],"version-history":[{"count":0,"href":"https:\/\/www.bibula.com\/index.php?rest_route=\/wp\/v2\/posts\/80017\/revisions"}],"wp:attachment":[{"href":"https:\/\/www.bibula.com\/index.php?rest_route=%2Fwp%2Fv2%2Fmedia&parent=80017"}],"wp:term":[{"taxonomy":"category","embeddable":true,"href":"https:\/\/www.bibula.com\/index.php?rest_route=%2Fwp%2Fv2%2Fcategories&post=80017"},{"taxonomy":"post_tag","embeddable":true,"href":"https:\/\/www.bibula.com\/index.php?rest_route=%2Fwp%2Fv2%2Ftags&post=80017"}],"curies":[{"name":"wp","href":"https:\/\/api.w.org\/{rel}","templated":true}]}}