{"id":80015,"date":"2015-02-25T10:05:01","date_gmt":"2015-02-25T15:05:01","guid":{"rendered":"http:\/\/www.bibula.com\/?p=80015"},"modified":"2015-02-25T10:05:01","modified_gmt":"2015-02-25T15:05:01","slug":"straszni-biskupi-niszcza-spokoj-spoleczny-tygodnikowe-madrosci-o-wisniewskiego","status":"publish","type":"post","link":"https:\/\/www.bibula.com\/?p=80015","title":{"rendered":"Straszni biskupi niszcz\u0105 spok\u00f3j spo\u0142eczny. Tygodnikowe \u201em\u0105dro\u015bci&#8221; o. Wi\u015bniewskiego"},"content":{"rendered":"<p><strong>Ulubieniec salonu i idol tzw. katolik\u00f3w otwartych o. Ludwik Wi\u015bniewski w najnowszym numerze \u201eTygodnika Powszechnego\u201d strofuje polskich biskup\u00f3w. Za co? Za mieszanie si\u0119 do polityki i pr\u00f3by wywierania nacisku na Bronis\u0142awa Komorowskiego.<\/strong><\/p>\r\n<p>\u201eNaciskaj\u0105c na g\u0142ow\u0119 pa\u0144stwa w sprawie konwencji antyprzemocowej, biskupi uderzaj\u0105 w konstytucyjn\u0105 zasad\u0119 rozdzia\u0142u Ko\u015bcio\u0142a od pa\u0144stwa i niszcz\u0105 pok\u00f3j spo\u0142eczny\u201d &#8211; pisze o. Wi\u015bniewski.<\/p>\r\n<p>I zn\u00f3w wszystkiemu s\u0105 winni biskupi\u2026 Ile\u017c to ju\u017c razy s\u0142yszeli\u015bmy te s\u0142owa. Pada\u0142y one cz\u0119sto z ust komunistycznych propagandzist\u00f3w. Tym argumentem pos\u0142uguj\u0105 si\u0119 tak\u017ce obecnie ich ideowi spadkobiercy. Nierzadko r\u00f3\u017cnej ma\u015bci \u201enaprawiacze\u201d Ko\u015bcio\u0142a w\u0142a\u015bnie w postawie \u201ekonserwatywnych\u201d biskup\u00f3w wci\u0105\u017c dostrzegaj\u0105 g\u0142\u00f3wn\u0105 przeszkod\u0119 na drodze unowocze\u015bnienia polskiego katolicyzmu. \u00a0Jednym z bardziej prominentnych i wp\u0142ywowych przedstawicieli tzw. otwartych jest w\u0142a\u015bnie o. Wi\u015bniewski. St\u0105d jego s\u0142owa mo\u017cna odczytywa\u0107 jak emblematyczne dla sposobu my\u015blenia tego \u015brodowiska.<\/p>\r\n<p>Ju\u017c samo przywo\u0142anie przez o. Wi\u015bniewskiego jako autorytetu w sprawach \u201erozdzia\u0142u Ko\u015bcio\u0142a od pa\u0144stwa\u201d osoby prezydenta USA J.F. Kennedy\u2019ego wzbudza spore zaskoczenie. Bo c\u00f3\u017c zadeklarowa\u0142a wspomniany polityk? \u00a0\u201eNie\u00a0jestem katolickim kandydatem na\u00a0prezydenta. Jestem kandydatem Partii Demokratycznej, kt\u00f3remu przydarzy\u0142o\u00a0si\u0119 by\u0107 katolikiem\u201d &#8211; stwierdzi\u0142 JFK. Jak\u017ce dalekie jest to od z\u0142o\u017conej przez ojca niepodleg\u0142ej Irlandii Eamona de Valery deklaracji: \u201eNajpierw jestem katolikiem, potem Irlandczykiem i\u00a0politykiem\u201d.<\/p>\r\n<p>By\u0107 mo\u017ce tak jasne postawienie sprawy oraz wy\u0142o\u017cenie kart na st\u00f3\u0142 wzbudza przyzwyczajonych do akademickiego niuansowania intelektualist\u00f3w w tj. o. Wi\u015bniewski. \u00a0\u00a0Dlatego te\u017c m. in. tak bardzo oburza publicyst\u0119 \u201eTygodnika Powszechnego\u201d list, kt\u00f3ry skierowa\u0142 do Bronis\u0142awa Komorowskiego bp. Ignacy Dec. Czytamy w nim: \u201e Panie Prezydencie jest Pan katolikiem od chwili chrztu, a zwolennikiem okre\u015blonej partii od pewnego czasu. Partie i rz\u0105dy przemijaj\u0105, a s\u0142owo Boga trwa na wieki (\u2026) Pomni na s\u0142owa pierwszego papie\u017ca, \u015bw. Piotra Aposto\u0142a, kt\u00f3ry powiedzia\u0142 przed Sanhedrynem: <em>Trzeba bardziej s\u0142ucha\u0107 Boga ni\u017c ludzi<\/em>, prosimy o niepodpisywanie aktu ratyfikacji&#8221;.<\/p>\r\n<p>Nie zaskakuje fakt, i\u017c zdaniem dominikania to &#8222;jak\u0105 konkretnie decyzj\u0119 ma podj\u0105\u0107 ustawodawca, jak\u0105 decyzj\u0119 ma podj\u0105\u0107 prezydent &#8211; jest kwesti\u0105 ich sumienia, a nie sumienia takiego czy innego biskupa&#8221;.<\/p>\r\n<p>Bez w\u0105tpienia o. Wi\u015bniewski zgadza si\u0119 z tymi wszystkim, dla kt\u00f3rych interwencja biskupa \u201ejest niedopuszczaln\u0105 pr\u00f3b\u0105 wywarcia presji na g\u0142ow\u0119 pa\u0144stwa\u201d. W opinii dominikanina \u201eprzekonanie, \u017ce Ko\u015bci\u00f3\u0142 a konkretnie biskupi najlepiej wiedz\u0105, jak powinny by\u0107 zredagowane pa\u0144stwowe ustawy, aby s\u0142u\u017cy\u0142y dobru ca\u0142ego kraju i wszystkich obywateli &#8211; to niebezpieczny mit\u201d. Wida\u0107 wyra\u017anie, jaki Ko\u015bci\u00f3\u0142 marzy si\u0119 o. Wi\u015bniewskiego\u2026milcz\u0105cy, wycofany i zgadzaj\u0105cy si\u0119 na wszystko. \u0179ywcem wyj\u0119ty z marze\u0144 sennych redaktora Michnika.<\/p>\r\n<p>luk<\/p>","protected":false},"excerpt":{"rendered":"Ulubieniec salonu i idol tzw. katolik\u00f3w otwartych o. Ludwik Wi\u015bniewski w najnowszym numerze \u201eTygodnika Powszechnego\u201d strofuje polskich biskup\u00f3w. Za co? Za mieszanie si\u0119 do polityki i pr\u00f3by wywierania nacisku na Bronis\u0142awa Komorowskiego. \u201eNaciskaj\u0105c na g\u0142ow\u0119 pa\u0144stwa w sprawie konwencji antyprzemocowej, biskupi uderzaj\u0105 w konstytucyjn\u0105 zasad\u0119 rozdzia\u0142u Ko\u015bcio\u0142a od pa\u0144stwa i niszcz\u0105 pok\u00f3j spo\u0142eczny\u201d &#8211; pisze [&hellip;]","protected":false},"author":1,"featured_media":0,"comment_status":"closed","ping_status":"closed","sticky":false,"template":"","format":"standard","meta":{"_acf_changed":false,"_monsterinsights_skip_tracking":false,"ngg_post_thumbnail":0,"footnotes":"","_wp_rev_ctl_limit":""},"categories":[5],"tags":[92,33],"acf":[],"_links":{"self":[{"href":"https:\/\/www.bibula.com\/index.php?rest_route=\/wp\/v2\/posts\/80015"}],"collection":[{"href":"https:\/\/www.bibula.com\/index.php?rest_route=\/wp\/v2\/posts"}],"about":[{"href":"https:\/\/www.bibula.com\/index.php?rest_route=\/wp\/v2\/types\/post"}],"author":[{"embeddable":true,"href":"https:\/\/www.bibula.com\/index.php?rest_route=\/wp\/v2\/users\/1"}],"replies":[{"embeddable":true,"href":"https:\/\/www.bibula.com\/index.php?rest_route=%2Fwp%2Fv2%2Fcomments&post=80015"}],"version-history":[{"count":0,"href":"https:\/\/www.bibula.com\/index.php?rest_route=\/wp\/v2\/posts\/80015\/revisions"}],"wp:attachment":[{"href":"https:\/\/www.bibula.com\/index.php?rest_route=%2Fwp%2Fv2%2Fmedia&parent=80015"}],"wp:term":[{"taxonomy":"category","embeddable":true,"href":"https:\/\/www.bibula.com\/index.php?rest_route=%2Fwp%2Fv2%2Fcategories&post=80015"},{"taxonomy":"post_tag","embeddable":true,"href":"https:\/\/www.bibula.com\/index.php?rest_route=%2Fwp%2Fv2%2Ftags&post=80015"}],"curies":[{"name":"wp","href":"https:\/\/api.w.org\/{rel}","templated":true}]}}