{"id":8001,"date":"2009-03-23T22:11:54","date_gmt":"2009-03-24T03:11:54","guid":{"rendered":"http:\/\/www.bibula.com\/?p=8001"},"modified":"2009-03-23T22:11:54","modified_gmt":"2009-03-24T03:11:54","slug":"erika-steinbach-wypedzona","status":"publish","type":"post","link":"https:\/\/www.bibula.com\/?p=8001","title":{"rendered":"Erika Steinbach wyp\u0119dzona!"},"content":{"rendered":"<div class=\"index_wiadomosc_content_pierwsze_intro\">Uda\u0142o si\u0119. Dzia\u0142acze M\u0142odzie\u017cy Wszechpolskiej dokonali symbolicznego wyp\u0119dzenie szefowej niemieckiego Zwi\u0105zku Wyp\u0119dzonych z Polski. Akcje odby\u0142y si\u0119 w kilkunastu miastach w kraju. Kuk\u0142y wyl\u0105dowa\u0142y w wodzie m. in. w Krakowie, Gda\u0144sku, Rzeszowie, Wroc\u0142awiu i Katowicach.<\/div>\r\n<!--div class=\"index_wiadomosc_content_pierwsze_img_ramka\"--> \r\n<table style=\"border: 1px double #d1d4db; float: left; clear: none; margin-right: 10px; margin-bottom: 10px;\" border=\"0\">\r\n<tbody>\r\n<tr>\r\n<td><img decoding=\"async\" class=\"index_wiadomosc_content_pierwsze_img\" src=\"http:\/\/prawy.pl\/r2_grafa_prop.php?nazwa_obrazka=.\/admin\/nowosci\/gfx\/43438.jpg\" alt=\"\" \/><\/td>\r\n<\/tr>\r\n<tr>\r\n<td><\/td>\r\n<\/tr>\r\n<\/tbody>\r\n<\/table>\r\n<!--\/div-->\r\n\r\n\r\n<p><span class=\"index_wiadomosc_content_pierwsze_tresc\">\r\n\r\n\r\n<p>W Warszawie w happeningu pod Mostem \u015awi\u0119tokrzyskim uczestniczy\u0142o ok. 40 os\u00f3b. Kuk\u0142a z podobizn\u0105 Eriki Steinbach zosta\u0142a podpalona, a nast\u0119pnie wyrzucona do Wis\u0142y, by pop\u0142yn\u0105\u0107 w kierunku Ba\u0142tyku.<br \/>\r\n <br \/>\r\n&#8211; Dzia\u0142alno\u015b\u0107 Steinbach uwa\u017cam z a niezwykle gro\u017an\u0105. Jej organizacja relatywizuje histori\u0119 II Wojny \u015awiatowej, bezczelnie i arogancko zr\u00f3wnuj\u0105c cierpienia\u00a0 Polak\u00f3w zmuszanych do przymusowej pracy na terenie III Rzeszy z losem niemieckich przesiedle\u0144c\u00f3w w 1945r.<\/p>\r\n\r\n<p>Z tego powodu \u015bwiatowa opinia publiczna zapomina, kto w 1939r. by\u0142 ofiar\u0105, a kto katem.<\/p>\r\n\r\n<p>Takie dzia\u0142ania s\u0105 oczywi\u015bcie fasad\u0105 dla roszcze\u0144 terytorialnych i maj\u0105tkowych, dlatego M\u0142odzie\u017c Wszechpolska stara si\u0119 u\u015bwiadomi\u0107 Polakom skal\u0119 i powag\u0119 zagro\u017cenia &#8211; powiedzia\u0142 Witold Tumanowicz, organizator akcji.<br \/>\r\n <br \/>\r\nErika Steinbach urodzi\u0142a si\u0119 w 1943 r.\u00a0 w Rumi, nale\u017c\u0105cej przed wybuchem wojny do Polski. Sta\u0142a si\u0119 znana od lat 70., gdy by\u0142a jedn\u0105 z najbardziej <br \/>\r\naktywnych dzia\u0142aczek przeciwko uznaniu przez w\u0142adze RFN granicy Polski na Odrze i Nysie. Od 1998 jest szefow\u0105 Zwi\u0105zku Wyp\u0119dzonych.<br \/>\r\n <br \/>\r\nRelacja medialne :<br \/>\r\n<a href=\"http:\/\/www.rp.pl\/artykul\/2,279845.html\">http:\/\/www.rp.pl\/artykul\/2,279845.html<\/a><br \/>\r\n<a href=\"http:\/\/www.radiozet.pl\/news\/news.aspx?newsid=10473\">http:\/\/www.radiozet.pl\/news\/news.aspx?newsid=10473<\/a><br \/>\r\n<a href=\"http:\/\/radiogdansk.pl\/?a=news&amp;id=43193\">http:\/\/radiogdansk.pl\/?a=news&amp;id=43193<\/a><br \/>\r\n<a href=\"http:\/\/wiadomosci.wp.pl\/kat,1342,title,Kukla-Eriki-Steinbach-zatopiona-w-rzece,wid,10965496,wiadomosc.html\">http:\/\/wiadomosci.wp.pl\/kat,1342,title,Kukla-Eriki-Steinbach-zatopiona-w-rzece,wid,10965496,wiadomosc.html<\/a><\/p>\r\n\r\n<p><br class=\"spacer_\" \/><\/p>\r\n\r\n<p>Za: <a href=\"http:\/\/prawy.pl\/r2_index.php?dz=nowosci&amp;id=43438&amp;subdz=1\" target=\"_blank\">prawy.pl<\/a><\/p>\r\n\r\n\r\n<\/span><\/p>","protected":false},"excerpt":{"rendered":"Uda\u0142o si\u0119. Dzia\u0142acze M\u0142odzie\u017cy Wszechpolskiej dokonali symbolicznego wyp\u0119dzenie szefowej niemieckiego Zwi\u0105zku Wyp\u0119dzonych z Polski. Akcje odby\u0142y si\u0119 w kilkunastu miastach w kraju. Kuk\u0142y wyl\u0105dowa\u0142y w wodzie m. in. w Krakowie, Gda\u0144sku, Rzeszowie, Wroc\u0142awiu i Katowicach. W Warszawie w happeningu pod Mostem \u015awi\u0119tokrzyskim uczestniczy\u0142o ok. 40 os\u00f3b. Kuk\u0142a z podobizn\u0105 Eriki Steinbach zosta\u0142a podpalona, a nast\u0119pnie [&hellip;]","protected":false},"author":1,"featured_media":0,"comment_status":"closed","ping_status":"closed","sticky":false,"template":"","format":"standard","meta":{"_acf_changed":false,"_monsterinsights_skip_tracking":false,"_monsterinsights_sitenote_active":false,"_monsterinsights_sitenote_note":"","_monsterinsights_sitenote_category":0,"ngg_post_thumbnail":0,"footnotes":"","_wp_rev_ctl_limit":""},"categories":[8],"tags":[59],"acf":[],"_links":{"self":[{"href":"https:\/\/www.bibula.com\/index.php?rest_route=\/wp\/v2\/posts\/8001"}],"collection":[{"href":"https:\/\/www.bibula.com\/index.php?rest_route=\/wp\/v2\/posts"}],"about":[{"href":"https:\/\/www.bibula.com\/index.php?rest_route=\/wp\/v2\/types\/post"}],"author":[{"embeddable":true,"href":"https:\/\/www.bibula.com\/index.php?rest_route=\/wp\/v2\/users\/1"}],"replies":[{"embeddable":true,"href":"https:\/\/www.bibula.com\/index.php?rest_route=%2Fwp%2Fv2%2Fcomments&post=8001"}],"version-history":[{"count":0,"href":"https:\/\/www.bibula.com\/index.php?rest_route=\/wp\/v2\/posts\/8001\/revisions"}],"wp:attachment":[{"href":"https:\/\/www.bibula.com\/index.php?rest_route=%2Fwp%2Fv2%2Fmedia&parent=8001"}],"wp:term":[{"taxonomy":"category","embeddable":true,"href":"https:\/\/www.bibula.com\/index.php?rest_route=%2Fwp%2Fv2%2Fcategories&post=8001"},{"taxonomy":"post_tag","embeddable":true,"href":"https:\/\/www.bibula.com\/index.php?rest_route=%2Fwp%2Fv2%2Ftags&post=8001"}],"curies":[{"name":"wp","href":"https:\/\/api.w.org\/{rel}","templated":true}]}}