{"id":7998,"date":"2009-03-23T22:09:17","date_gmt":"2009-03-24T03:09:17","guid":{"rendered":"http:\/\/www.bibula.com\/?p=7998"},"modified":"2009-03-23T22:09:17","modified_gmt":"2009-03-24T03:09:17","slug":"general-nil-zbyt-drastyczny-dla-tvn","status":"publish","type":"post","link":"https:\/\/www.bibula.com\/?p=7998","title":{"rendered":"&#8222;Genera\u0142 Nil&#8221; zbyt drastyczny dla TVN"},"content":{"rendered":"<p><img decoding=\"async\" src=\"http:\/\/www.naszdziennik.pl\/php\/przezr.gif\" alt=\"\" width=\"0\" height=\"4\" \/> <br \/>\r\n<strong>Telewizja TVN odm\u00f3wi\u0142a przyj\u0119cia do emisji zwiastuna filmu &#8222;Genera\u0142 Nil&#8221;. Pow\u00f3d? Uzna\u0142a go za zbyt &#8222;drastyczny&#8221;. Nie zgadza si\u0119 z tym dr hab. Marek Ney-Krwawicz, historyk z Polskiej Akademii Nauk, uznaj\u0105c ten argument za zwyk\u0142y wybieg. C\u00f3rka genera\u0142a Maria Fieldorf-Czarska wskazuje, \u017ce stacja na co dzie\u0144 emituje obrazy du\u017co drastyczniejsze. Film, kt\u00f3rego premiera odb\u0119dzie si\u0119 17 kwietnia, przedstawia ostatnie lata \u017cycia gen. Augusta Fieldorfa-Nila i jego niez\u0142omne trwanie w konfrontacji z komunistycznym systemem, kt\u00f3rego funkcjonariusze skazali go na \u015bmier\u0107.<\/strong><br \/>\r\n<br \/>\r\n&#8211; Rzeczywi\u015bcie zwraca\u0142 si\u0119 do nas Monolith Films w sprawie emisji reklam filmu &#8222;Genera\u0142 Nil&#8221; &#8211; przyznaje w rozmowie z nami Karol Smol\u0105g, rzecznik TVN. &#8211; Pojawi\u0142y si\u0119 zastrze\u017cenia co do tre\u015bci tego spotu &#8211; dodaje. Biuro reklamy TVN uzna\u0142o, \u017ce zawiera on &#8222;drastyczne sceny&#8221; i nie zgodzi\u0142o si\u0119 na emisj\u0119 reklam w okre\u015blonych godzinach.<br \/>\r\n&#8211; Sceny z filmu nie s\u0105 drastyczne, to jest wybieg TVN &#8211; uwa\u017ca historyk dr hab. Marek Ney-Krwawicz (Instytut Historii PAN), kt\u00f3ry film ju\u017c ogl\u0105da\u0142. &#8211; Zw\u0142aszcza jak si\u0119 obejrzy inne filmy, kt\u00f3re s\u0105 tam prezentowane &#8211; dodaje.<br \/>\r\nC\u00f3rka genera\u0142a &#8222;Nila&#8221; Maria Fieldorf-Czarska m\u00f3wi nam, \u017ce owszem, w filmie s\u0105 m.in. wstrz\u0105saj\u0105ce sceny przes\u0142ucha\u0144 w ubeckich katowniach, ale TVN emituje &#8222;du\u017co drastyczniejsze&#8221; obrazy. &#8211; W TVN pokazuj\u0105 du\u017co gorsze rzeczy, du\u017co drastyczniejsze &#8211; wskazuje. Pani Maria nie jest jednak zaskoczona odmow\u0105 TVN. &#8211; Dla mnie to jest oczywiste &#8211; m\u00f3wi nam c\u00f3rka &#8222;Nila&#8221;, stwierdzaj\u0105c z gorycz\u0105, \u017ce stacja nie promuje patriotycznych postaw.<br \/>\r\nO istnieniu trudno\u015bci w reklamowaniu filmu w TVN i Polsacie nieoficjalnie m\u00f3wili te\u017c przedstawiciele dystrybutora Monolith Films. Oficjalnie firma przyznaje, \u017ce nic nie wie o odmowie TVN, a w Polsacie reklam &#8222;Genera\u0142a Nila&#8221; nie b\u0119dzie w og\u00f3le.<br \/>\r\n&#8211; Mamy zarezerwowany czas w TVP i TVN, kampania ruszy od 10 kwietnia &#8211; m\u00f3wi Joanna Hanusiak, dyrektor oddzia\u0142u promocji Monolith Films. &#8211; Nic nie wiem o odmowie TVN &#8211; dodaje. &#8211; Nie ma problem\u00f3w z reklam\u0105 &#8211; wt\u00f3ruje jej Izabela Lasowy-Cibor, brand manager dystrybutora.<br \/>\r\n&#8211; Telewizja TVN nie robi\u0142a \u017cadnych trudno\u015bci &#8211; podkre\u015bla Karol Smol\u0105g. Jak zapewnia, nie by\u0142a to odmowa, lecz zg\u0142oszono pewne uwagi. Smol\u0105g m\u00f3wi, \u017ce wed\u0142ug jego wiedzy sprawa na razie jest &#8222;zawieszona&#8221;. <br \/>\r\n&#8211; Nic mi nie wiadomo, \u017ceby\u015bmy odm\u00f3wili emisji spotu reklamowego &#8211; powiedzia\u0142 nam rzecznik prasowy Polsatu Tomasz Matwiejczuk. &#8211; Nie widz\u0119 powodu, \u017ceby\u015bmy mieli odmawia\u0107. Jedyne przyczyny odmowy to z\u0142a jako\u015b\u0107 i naruszenie prawa &#8211; podkre\u015bla. I dodaje, \u017ce nic nie wie o tym, \u017ceby Monolith zwraca\u0142 si\u0119 do stacji z reklam\u0105 filmu. <br \/>\r\nUroczysta premiera obrazu &#8222;Genera\u0142 Nil&#8221; odb\u0119dzie si\u0119 17 kwietnia w Teatrze Narodowym. Zostali zaproszeni na ni\u0105 prezydent Lech Kaczy\u0144ski i premier Donald Tusk. Jednak jeszcze nie odpowiedzieli, czy przyb\u0119d\u0105.<br \/>\r\nFilm trafi do kin w 115 kopiach. W kinach b\u0119dzie kolportowany folder, w liczbie 500 tys. sztuk, przedstawiaj\u0105cy posta\u0107 genera\u0142a Fieldorfa. Trafi on r\u00f3wnie\u017c do szk\u00f3\u0142. Jest to zgodne z \u017cyczeniem c\u00f3rki &#8222;Nila&#8221;, kt\u00f3ra zg\u0142asza\u0142a wiele zastrze\u017ce\u0144 do scenariusza zawieraj\u0105cego sceny wymy\u015blone i nie\u015bcis\u0142o\u015bci historyczne. &#8211; Pogodzi\u0142am si\u0119 z tym, bo inaczej nie by\u0142oby \u017cadnego filmu &#8211; m\u00f3wi Maria Fieldorf-Czarska. Cieszy j\u0105, \u017ce wyra\u017anie pokazane jest przes\u0142anie filmu. &#8211; Pokazane jest, \u017ce ojciec nie da\u0142 si\u0119 z\u0142ama\u0107, nie poszed\u0142 na wsp\u00f3\u0142prac\u0119 z komunistami jak inni &#8211; podkre\u015bla. Pani Maria m\u00f3wi, \u017ce wprawdzie m\u00f3g\u0142 wyemigrowa\u0107, ale chcia\u0142 by\u0107 razem ze swoimi \u017co\u0142nierzami. &#8211; Nie chcia\u0142 ucieka\u0107, a m\u00f3g\u0142. M\u00f3wi\u0142: &#8222;Tutaj moi \u017co\u0142nierze s\u0105 katowani, a ja b\u0119d\u0119 ucieka\u0142? Nie&#8221; &#8211; wspomina. Na jej \u017cyczenie zosta\u0142 tak\u017ce zmieniony plakat reklamowy filmu, poniewa\u017c pierwotny przedstawia\u0142 order Virtuti Militari wisz\u0105cy na szubienicy. <br \/>\r\nNad mankamentami filmu, kt\u00f3ry wyre\u017cyserowa\u0142 Ryszard Bugajski, ubolewa dr hab. Marek Ney-Krwawicz. &#8211; Mamy tylko wycinek \u017cycia jednej z najwa\u017cniejszych postaci Polskiego Pa\u0144stwa Podziemnego, brak jego drogi \u017cyciowej, drogi do niepodleg\u0142o\u015bci &#8211; powiedzia\u0142. Dlatego dla niego jest to film &#8222;straconej szansy&#8221;. &#8211; Bugajski lubuje si\u0119 w przes\u0142uchaniu, zrobi\u0142 &#8222;przes\u0142uchanie bis&#8221; &#8211; ocenia historyk. &#8211; Bardzo dobra gra aktorska Olgierda \u0141ukaszewicza w roli genera\u0142a &#8222;Nila&#8221; &#8211; wskazuje z kolei na zalety obrazu. Dodaje, \u017ce film wyra\u017anie pokazuje, jak kryszta\u0142ow\u0105 postaci\u0105 by\u0142 gen. Fieldorf. &#8211; To jest taka filmowa posta\u0107, \u017ce niczego nie trzeba wymy\u015bla\u0107 &#8211; podkre\u015bla historyk.<\/p>\r\n\r\n<p><strong><em>Zenon Baranowski<\/em><\/strong><\/p>\r\n\r\n<p><br class=\"spacer_\" \/><\/p>\r\n\r\n<p>Za: <a href=\"http:\/\/www.naszdziennik.pl\/index.php?typ=po&amp;dat=20090323&amp;id=po11.txt\" target=\"_blank\">Nasz Dziennik, Poniedzia\u0142ek, 23 marca 2009, Nr 69 (3390)<\/a><\/p>","protected":false},"excerpt":{"rendered":"Telewizja TVN odm\u00f3wi\u0142a przyj\u0119cia do emisji zwiastuna filmu &#8222;Genera\u0142 Nil&#8221;. Pow\u00f3d? Uzna\u0142a go za zbyt &#8222;drastyczny&#8221;. Nie zgadza si\u0119 z tym dr hab. Marek Ney-Krwawicz, historyk z Polskiej Akademii Nauk, uznaj\u0105c ten argument za zwyk\u0142y wybieg. C\u00f3rka genera\u0142a Maria Fieldorf-Czarska wskazuje, \u017ce stacja na co dzie\u0144 emituje obrazy du\u017co drastyczniejsze. Film, kt\u00f3rego premiera odb\u0119dzie si\u0119 [&hellip;]","protected":false},"author":1,"featured_media":0,"comment_status":"closed","ping_status":"closed","sticky":false,"template":"","format":"standard","meta":{"_acf_changed":false,"_monsterinsights_skip_tracking":false,"_monsterinsights_sitenote_active":false,"_monsterinsights_sitenote_note":"","_monsterinsights_sitenote_category":0,"ngg_post_thumbnail":0,"footnotes":"","_wp_rev_ctl_limit":""},"categories":[8],"tags":[98,59],"acf":[],"_links":{"self":[{"href":"https:\/\/www.bibula.com\/index.php?rest_route=\/wp\/v2\/posts\/7998"}],"collection":[{"href":"https:\/\/www.bibula.com\/index.php?rest_route=\/wp\/v2\/posts"}],"about":[{"href":"https:\/\/www.bibula.com\/index.php?rest_route=\/wp\/v2\/types\/post"}],"author":[{"embeddable":true,"href":"https:\/\/www.bibula.com\/index.php?rest_route=\/wp\/v2\/users\/1"}],"replies":[{"embeddable":true,"href":"https:\/\/www.bibula.com\/index.php?rest_route=%2Fwp%2Fv2%2Fcomments&post=7998"}],"version-history":[{"count":0,"href":"https:\/\/www.bibula.com\/index.php?rest_route=\/wp\/v2\/posts\/7998\/revisions"}],"wp:attachment":[{"href":"https:\/\/www.bibula.com\/index.php?rest_route=%2Fwp%2Fv2%2Fmedia&parent=7998"}],"wp:term":[{"taxonomy":"category","embeddable":true,"href":"https:\/\/www.bibula.com\/index.php?rest_route=%2Fwp%2Fv2%2Fcategories&post=7998"},{"taxonomy":"post_tag","embeddable":true,"href":"https:\/\/www.bibula.com\/index.php?rest_route=%2Fwp%2Fv2%2Ftags&post=7998"}],"curies":[{"name":"wp","href":"https:\/\/api.w.org\/{rel}","templated":true}]}}