{"id":7995,"date":"2009-03-23T22:01:48","date_gmt":"2009-03-24T03:01:48","guid":{"rendered":"http:\/\/www.bibula.com\/?p=7995"},"modified":"2009-03-23T22:01:48","modified_gmt":"2009-03-24T03:01:48","slug":"najwazniejsze-zdanie-benedykta-xvi-zostalo-przeoczone","status":"publish","type":"post","link":"https:\/\/www.bibula.com\/?p=7995","title":{"rendered":"Najwa\u017cniejsze zdanie Benedykta XVI zosta\u0142o przeoczone?"},"content":{"rendered":"<p>Czy wiara zga\u015bnie jak p\u0142omie\u0144? &#8211; Prawdziwym problemem w obecnej chwili dziejowej jest to, \u017ce B\u00f3g znika z horyzontu ludzi &#8211; powiedzia\u0142 Benedykt, a Vittorio Messori dziwi si\u0119 na \u0142amach \u201eCorriere della Sera&#8221;, \u017ce skupiono si\u0119 na w\u0105tkach pobocznych wypowiedzi papie\u017ca ws. lefebryst\u00f3w.\r\n\r\n\r\n<p class=\"img_container\">\u00a0<\/p>\r\n\r\n<p>&#8211; Przysz\u0142y Papie\u017c od pocz\u0105tku podkre\u015bla\u0142 prawd\u0119 'oczywist\u0105&#8217;, ale zapomnian\u0105, \u017ce najwa\u017cniejsza jest wiara &#8211; Messori, autor wywiadu-rzeki z kardyna\u0142em Josephem Ratzingerem \u201eRaport o stanie wiary&#8221;.<\/p>\r\n\r\n<p><strong>Najwa\u017cniejsze zdaniem Messoriego stwierdzenie z papieskiego listu w sprawie lefebryst\u00f3w:<\/strong><\/p>\r\n\r\n<p>&#8211; Dzisiaj, gdy na rozleg\u0142ych obszarach Ziemi grozi wierze, \u017ce zga\u015bnie jak p\u0142omie\u0144, kt\u00f3ry nie jest ju\u017c podsycany&#8230; Prawdziwym problemem w obecnej chwili dziejowej jest to, \u017ce B\u00f3g znika z horyzontu ludzi.<\/p>\r\n\r\n<p>W\u0142oski komentator dziwi si\u0119, \u017ce to zdanie, tak dramatyczne w swojej wymowie, zosta\u0142o kompletnie przemilczane. Nawo\u0142uje On do tego, aby nie pozostawa\u0107 na kwestiach powierzchownych, ale jasno zdiagnozowa\u0107 istot\u0119 problemu.<\/p>\r\n\r\n<p>&#8211; W Ko\u015bciele posoborowe k\u0142\u00f3tnie skoncentrowa\u0142y si\u0119 na reorganizacji ko\u015bcielnych instytucji i Watykanu b\u0105d\u017a wok\u00f3\u0142 etycznych i spo\u0142ecznych konsekwencji Ewangelii. Gwa\u0142towne starcia wok\u00f3\u0142 takich kwestii, jak rola papiestwa, duchowie\u0144stwa, \u015bwieckich, kobiet, wok\u00f3\u0142 celibatu, w\u0142adzy konferencji episkopatu, ekumenizmu b\u0105d\u017a takich spraw, jak polityczne zaanga\u017cowanie chrze\u015bcijan, rozw\u00f3d, aborcja, in\u017cynieria genetyczna, homoseksualizm&#8230; Ma\u0142o kto ze spieraj\u0105cych si\u0119 zastanawia\u0142 si\u0119 nad problemem pierwszoplanowym: nad tym, czy wsp\u00f3\u0142czesny cz\u0142owiek mo\u017ce wierzy\u0107 jeszcze w prawd\u0119 Ewangelii &#8211; stwierdzi\u0142 Messori.<\/p>\r\n\r\n<p><strong>Na czym wed\u0142ug Niego polega kryzys wiary w Ko\u015bciele katolickim?<\/strong><\/p>\r\n\r\n<p>&#8211; Na dramatycznym &#8211; cz\u0119sto ukrywanym &#8211; pytaniu \u201eCzy to prawda?&#8221; \u201eCzy to nie z\u0142udzenie?&#8221;, kt\u00f3re t\u0142umaczy, dlaczego jedna trzecia duchownych porzuca stan kap\u0142a\u0144ski, zmniejsza si\u0119 liczba powo\u0142a\u0144 do seminari\u00f3w, s\u0142abnie napi\u0119cie misyjne i moralny g\u0142os tych, kt\u00f3rzy powinni \u015bwieci\u0107 przyk\u0142adem. To wiara wy\u0142\u0105cznie w obecny \u015bwiat, pow\u0105tpiewanie w \u017cycie pozagrobowe, doprowadzi\u0142y do wy\u0142\u0105cznego zainteresowania zaanga\u017cowaniem politycznym i spo\u0142ecznym oraz zepchni\u0119cia w sfer\u0119 milczenia tego, co Tradycja nazywa\u0142a: \u015bmierci\u0105, s\u0105dem piek\u0142a, rajem &#8211; ko\u0144czy sw\u00f3j komentarz w\u0142oski pisarz.<\/p>\r\n\r\n<p>MM\/Kai<\/p>\r\n\r\n<p>Za: <a href=\"http:\/\/fronda.pl\/news\/czytaj\/vittorio_messori_pyta\" target=\"_blank\">Fronda.pl<\/a><\/p>\r\n\r\n<p><br class=\"spacer_\" \/><\/p>","protected":false},"excerpt":{"rendered":"Czy wiara zga\u015bnie jak p\u0142omie\u0144? &#8211; Prawdziwym problemem w obecnej chwili dziejowej jest to, \u017ce B\u00f3g znika z horyzontu ludzi &#8211; powiedzia\u0142 Benedykt, a Vittorio Messori dziwi si\u0119 na \u0142amach \u201eCorriere della Sera&#8221;, \u017ce skupiono si\u0119 na w\u0105tkach pobocznych wypowiedzi papie\u017ca ws. lefebryst\u00f3w. \u00a0 &#8211; Przysz\u0142y Papie\u017c od pocz\u0105tku podkre\u015bla\u0142 prawd\u0119 'oczywist\u0105&#8217;, ale zapomnian\u0105, \u017ce [&hellip;]","protected":false},"author":1,"featured_media":0,"comment_status":"closed","ping_status":"closed","sticky":false,"template":"","format":"standard","meta":{"_acf_changed":false,"_monsterinsights_skip_tracking":false,"_monsterinsights_sitenote_active":false,"_monsterinsights_sitenote_note":"","_monsterinsights_sitenote_category":0,"ngg_post_thumbnail":0,"footnotes":"","_wp_rev_ctl_limit":""},"categories":[3],"tags":[32,41],"acf":[],"_links":{"self":[{"href":"https:\/\/www.bibula.com\/index.php?rest_route=\/wp\/v2\/posts\/7995"}],"collection":[{"href":"https:\/\/www.bibula.com\/index.php?rest_route=\/wp\/v2\/posts"}],"about":[{"href":"https:\/\/www.bibula.com\/index.php?rest_route=\/wp\/v2\/types\/post"}],"author":[{"embeddable":true,"href":"https:\/\/www.bibula.com\/index.php?rest_route=\/wp\/v2\/users\/1"}],"replies":[{"embeddable":true,"href":"https:\/\/www.bibula.com\/index.php?rest_route=%2Fwp%2Fv2%2Fcomments&post=7995"}],"version-history":[{"count":0,"href":"https:\/\/www.bibula.com\/index.php?rest_route=\/wp\/v2\/posts\/7995\/revisions"}],"wp:attachment":[{"href":"https:\/\/www.bibula.com\/index.php?rest_route=%2Fwp%2Fv2%2Fmedia&parent=7995"}],"wp:term":[{"taxonomy":"category","embeddable":true,"href":"https:\/\/www.bibula.com\/index.php?rest_route=%2Fwp%2Fv2%2Fcategories&post=7995"},{"taxonomy":"post_tag","embeddable":true,"href":"https:\/\/www.bibula.com\/index.php?rest_route=%2Fwp%2Fv2%2Ftags&post=7995"}],"curies":[{"name":"wp","href":"https:\/\/api.w.org\/{rel}","templated":true}]}}