{"id":79931,"date":"2015-02-20T09:00:24","date_gmt":"2015-02-20T14:00:24","guid":{"rendered":"http:\/\/www.bibula.com\/?p=79931"},"modified":"2015-02-20T09:38:01","modified_gmt":"2015-02-20T14:38:01","slug":"14-latka-zona-wedlug-szwedzkich-urzednikow-nie-ma-problemu","status":"publish","type":"post","link":"https:\/\/www.bibula.com\/?p=79931","title":{"rendered":"14-latka \u017con\u0105? Wed\u0142ug szwedzkich urz\u0119dnik\u00f3w nie ma problemu!"},"content":{"rendered":"<p><strong>Ma\u0142\u017ce\u0144stwo mi\u0119dzy 14-letni\u0105 dziewczynk\u0105 a 21-letnim m\u0119\u017cczyzn\u0105 zosta\u0142o po\u015brednio uznane przez szwedzkie w\u0142adze. \u201eMa\u0142\u017ce\u0144stwo\u201d otrzyma\u0142o pozwolenie na pobyt, razem mieszka, wsp\u00f3lnie te\u017c sk\u0142ada deklaracje podatkowe.<\/strong><\/p>\r\n<p>&#8211; <em>Szkoda, \u017ce do tego dosz\u0142o. To zwyk\u0142y, nieszcz\u0119\u015bliwy b\u0142\u0105d<\/em> &#8211; stwierdzi\u0142 w rozmowie z radiem Ekot przedstawiciel szwedzkiej skarb\u00f3wki, Per Skogh. Jak zauwa\u017ca jeden z lokalnej pracownik\u00f3w socjalnych, sprawa wywo\u0142a\u0142aby o wiele wi\u0119ksze poruszenie i zainteresowa\u0142aby urz\u0119dnik\u00f3w gdyby\u2026 dziewczynka przysz\u0142a na \u015bwiat w Szwecji.<\/p>\r\n<p>Od 2009 roku prawo uniemo\u017cliwia\u0142o w Szwecji zawieranie zwi\u0105zku ma\u0142\u017ce\u0144skiego przez osoby poni\u017cej 15. roku \u017cycia. W przypadku pary imigrant\u00f3w urz\u0119dnicy postanowili jednak przymkn\u0105\u0107 oko na przepisy. W zesz\u0142ym roku wprowadzono nowe przepisy maj\u0105ce chroni\u0107 ofiary przymusowych ma\u0142\u017ce\u0144stw. Uniemo\u017cliwiaj\u0105 one tak\u017ce zawieranie ma\u0142\u017ce\u0144stwa przez osoby niepe\u0142noletnie.<\/p>\r\n<p>&#8211; <em>To dobre prawodawstwo wyra\u017anie pokazuj\u0105ce, \u017ce w Szwecji ma\u0142\u017ce\u0144stwa z dzie\u0107mi nie s\u0105 legalne<\/em> &#8211; podkre\u015bla\u0142 Aleksander Gabelic. &#8211; <em>Problem polega na tym, co dla danej osoby jest bezpieczne. Bezpieczne mo\u017ce by\u0107 dla imigranta pozostanie z partnerem, z kt\u00f3rym przekroczy\u0142 granic\u0119<\/em> &#8211; kontrowa\u0142 Ragnhild Ekelund, pracownik socjalny z G\u00f6teborgu. Podkre\u015bla\u0142 przy tym, \u017ce nie chce si\u0119 wypowiada\u0107 na temat konkretnego przypadku.<\/p>\r\n<p>Okazuje si\u0119 jednak, \u017ce wed\u0142ug poprawnych politycznie urz\u0119dnik\u00f3w, prawo obowi\u0105zuj\u0105ce Szwed\u00f3w nie obowi\u0105zuje imigrant\u00f3w!<\/p>\r\n<p>\u0179r\u00f3d\u0142o: sverigesradio.se<\/p>\r\n<p>mat<\/p>","protected":false},"excerpt":{"rendered":"Ma\u0142\u017ce\u0144stwo mi\u0119dzy 14-letni\u0105 dziewczynk\u0105 a 21-letnim m\u0119\u017cczyzn\u0105 zosta\u0142o po\u015brednio uznane przez szwedzkie w\u0142adze. \u201eMa\u0142\u017ce\u0144stwo\u201d otrzyma\u0142o pozwolenie na pobyt, razem mieszka, wsp\u00f3lnie te\u017c sk\u0142ada deklaracje podatkowe. &#8211; Szkoda, \u017ce do tego dosz\u0142o. To zwyk\u0142y, nieszcz\u0119\u015bliwy b\u0142\u0105d &#8211; stwierdzi\u0142 w rozmowie z radiem Ekot przedstawiciel szwedzkiej skarb\u00f3wki, Per Skogh. Jak zauwa\u017ca jeden z lokalnej pracownik\u00f3w socjalnych, sprawa [&hellip;]","protected":false},"author":1,"featured_media":0,"comment_status":"closed","ping_status":"closed","sticky":false,"template":"","format":"standard","meta":{"_acf_changed":false,"_monsterinsights_skip_tracking":false,"_monsterinsights_sitenote_active":false,"_monsterinsights_sitenote_note":"","_monsterinsights_sitenote_category":0,"ngg_post_thumbnail":0,"footnotes":"","_wp_rev_ctl_limit":""},"categories":[12],"tags":[86,205],"acf":[],"_links":{"self":[{"href":"https:\/\/www.bibula.com\/index.php?rest_route=\/wp\/v2\/posts\/79931"}],"collection":[{"href":"https:\/\/www.bibula.com\/index.php?rest_route=\/wp\/v2\/posts"}],"about":[{"href":"https:\/\/www.bibula.com\/index.php?rest_route=\/wp\/v2\/types\/post"}],"author":[{"embeddable":true,"href":"https:\/\/www.bibula.com\/index.php?rest_route=\/wp\/v2\/users\/1"}],"replies":[{"embeddable":true,"href":"https:\/\/www.bibula.com\/index.php?rest_route=%2Fwp%2Fv2%2Fcomments&post=79931"}],"version-history":[{"count":0,"href":"https:\/\/www.bibula.com\/index.php?rest_route=\/wp\/v2\/posts\/79931\/revisions"}],"wp:attachment":[{"href":"https:\/\/www.bibula.com\/index.php?rest_route=%2Fwp%2Fv2%2Fmedia&parent=79931"}],"wp:term":[{"taxonomy":"category","embeddable":true,"href":"https:\/\/www.bibula.com\/index.php?rest_route=%2Fwp%2Fv2%2Fcategories&post=79931"},{"taxonomy":"post_tag","embeddable":true,"href":"https:\/\/www.bibula.com\/index.php?rest_route=%2Fwp%2Fv2%2Ftags&post=79931"}],"curies":[{"name":"wp","href":"https:\/\/api.w.org\/{rel}","templated":true}]}}