{"id":799,"date":"2006-12-20T00:00:00","date_gmt":"2006-12-20T00:00:00","guid":{"rendered":""},"modified":"2016-12-20T10:31:22","modified_gmt":"2016-12-20T15:31:22","slug":"david-irving-wypuszczony-z-austriackiego-wiezienia","status":"publish","type":"post","link":"https:\/\/www.bibula.com\/?p=799","title":{"rendered":"David Irving wypuszczony z austriackiego wi\u0119zienia"},"content":{"rendered":"<p><strong>S\u0105d Najwy\u017cszy w Wiedniu zdecydowa\u0142 o warunkowym zwolnieniu brytyjskiego historyka Davida Irvinga. Decyzj\u0105 s\u0105du wydan\u0105 w \u015brod\u0119, 20 grudnia 2006 roku, Irving zosta\u0142 zwolniony warunkowo po odbyciu 13 miesi\u0119cy pozbawienia wolno\u015bci z na\u0142o\u017conej kary 3 lat wi\u0119zienia.<\/strong><\/p>\r\n<p>W jednodniowym procesie pokazowym 20 lutego 2006 roku, s\u0105d wiede\u0144ski skaza\u0142 68-letniego Davida Irvinga za &#8222;zaprzeczanie Holokaustowi&#8221;. Prokurator za\u017c\u0105da\u0142 kary 10 lat pozbawienia wolno\u015bci. David Irving, kt\u00f3ry odwiedzi\u0142 Austri\u0119 celem wyg\u0142oszenia prelekcji dla student\u00f3w uniwersyteckich na temat rozm\u00f3w Adolfa Eichmanna z \u017cydowskimi przyw\u00f3dcami w Budapeszcie, zosta\u0142 11 listopada 2005 roku aresztowany przez austriack\u0105 policj\u0119 Stapo (<em>Stastspolizei<\/em>). Decyzja o aresztowaniu Irvinga podj\u0119ta zosta\u0142a 16 lat wcze\u015bniej, w pa\u017adzierniku 1989 roku, i by\u0142a reakcj\u0105 na pisemny wniosek komunistycznej organizacji <em>Dokumentationszentrum des \u00c3\u2013sterreichischen Widerstands<\/em> (Centrum Dokumentacji Austriackiego Ruchu Oporu). Aresztowanie opiera\u0142o si\u0119 na obowi\u0105zuj\u0105cych w Austrii przepisach <em>Verbotsgesetz<\/em> z 1945 roku, zabraniaj\u0105cych dyskusji na niekt\u00f3re tematy dotycz\u0105ce II Wojny \u015awiatowej. Prawo to, u\u015bci\u015blone w 1992 roku, mo\u017ce by\u0107 na\u0142o\u017cone na &#8222;ka\u017cdego kto zaprzecza, wysoce pomniejsza, popiera lub pr\u00f3buje usprawiedliwi\u0107 ludob\u00f3jstwo Narodowego Socjalizmu lub innych przest\u0119pstw Narodowego Socjalizmu przeciwko ludzko\u015bci, poprzez s\u0142owo drukowane, \u015brodki przekazu lub inne media&#8221;.<\/p>\r\n<p>Na kr\u00f3tko przed skazaniem przez s\u0105d w Wiedniu za tzw. k\u0142amstwo o\u015bwi\u0119cimskie, David Irving ju\u017c 17 lutego br. przyzna\u0142, \u017ce &#8222;w \u015bwietle obowi\u0105zuj\u0105cych przepis\u00f3w nie mam wyj\u015bcia jak przyzna\u0107 si\u0119 do winy&#8221;, jednak\u017ce kategorycznie podkre\u015bli\u0142 m\u00f3wi\u0105c: &#8222;Nie zgadzam si\u0119 z zarzutem, i\u017c jestem negacjonist\u0105. Jest to plugawe oszczerstwo.&#8221; W rzeczysto\u015bci, David Irving nigdy i nigdzie, r\u00f3wnie\u017c w kilkudziesi\u0119ciu swoich ksi\u0105\u017ckach, nie negowa\u0142 cierpienia \u017byd\u00f3w i innych narod\u00f3w podczas II Wojny \u015awiatowej. Jednak tak jak inni historycy podwa\u017caj\u0105cy oficjaln\u0105 wersj\u0119 historycznej interpretacji, odrzuca\u0142 obowi\u0105zuj\u0105c\u0105 wyk\u0142adni\u0119 Holokaustu, w tym przede wszystkim podwa\u017ca\u0142: 1) Istnienie decyzji Hitlera dotycz\u0105cej masowego i zorganizowanego unicestwienia \u017byd\u00f3w; 2) Istnienie kom\u00f3r gazowych i przez to eksterminacj\u0119 przy ich u\u017cyciu; 3) Oficjaln\u0105 liczb\u0119 6 milion\u00f3w \u017byd\u00f3w maj\u0105cych zgin\u0105\u0107 w wyniku Holokaustu. Te trzy sporne kwestie, na kt\u00f3rych zbudowana jest obowi\u0105zuj\u0105ca interpretacja wydarze\u0144 znana jako Holokaust, nie posiadaj\u0105 \u017cadnych wiarygodnych, a najcz\u0119\u015bciej \u017cadnych dowod\u00f3w &#8211; twierdzi\u0142 Irving.<\/p>\r\n<p>Na rozprawie rozpatruj\u0105cej przedterminowe zwolnienie, prokurator publiczny Marie-Luise Nittel ostrzega\u0142a, \u017ce Irving jest &#8222;jak idol, kt\u00f3rego s\u0142owa buduj\u0105 prawicow\u0105 scen\u0119&#8221;. David Irving przyprowadzony by\u0142 na rozpraw\u0119 zakuty w kajdanki. Pierwszy wywiad Irvinga spodziewany jest dopiero po powrocie do Wielkiej Brytanii, gdzie oczekuj\u0105 go \u017cona i c\u00f3rka, zd\u0105\u017cy\u0142 on jednak powiedzie\u0107 i zaapelowa\u0107: &#8222;Wracam do Anglii. Czuj\u0119 si\u0119 ca\u0142y i zdrowy, ale wsp\u00f3\u0142czuj\u0119 mojej rodzinie. <strong>Wzywam do akademickiego bojkotu a\u017c do momentu gdy rz\u0105dy Niemiec i Austrii zaprzestan\u0105 wsadzania historyk\u00f3w do wi\u0119zie\u0144.<\/strong> Ja zosta\u0142em wsadzony na trzy lata za wyra\u017con\u0105 17 lat wcze\u015bniej opini\u0119.&#8221;<\/p>\r\n<p>Organizacje, instytucje i osoby przyczyniaj\u0105ce si\u0119 do lansowania i bezwzgl\u0119dnego narzucania oficjalnej interpretacji wydarze\u0144 II Wojny \u015bwiatowej oraz znane z aktywnej walki z wolno\u015bci\u0105 s\u0142owa, ubolewaj\u0105 nad decyzj\u0105 s\u0105du wiede\u0144skiego. Dyrektor Centrum im. Szymona Wiesenthala w Izraelu, dr Efraim Zuroff powiedzia\u0142, \u017ce decyzja s\u0105du jest &#8222;najgorszym z mo\u017cliwych odpowiedzi na zesz\u0142otygodniow\u0105 konfrencj\u0119 zaprzeczaj\u0105c\u0105 Holokaustowi, kt\u00f3ra odby\u0142a si\u0119 w Teheranie, i b\u0119dzie wzmacnia\u0142a tych, kt\u00f3rzy popieraj\u0105 te szalone idee.&#8221;<\/p>\r\n<p>Wielu historyk\u00f3w z wielkim szacunkiem odnosi si\u0119 do bogatego dorobku naukowego i popularyzatorskiego Davida Irvinga. Wynika to przede wszystkim z tego, \u017ce D. Irving jako jeden z nielicznych pos\u0142ugiwa\u0142 si\u0119 tylko i wy\u0142\u0105cznie dokumentami, w przeciwie\u0144stwie do historyk\u00f3w g\u0142\u00f3wnego nurtu, kt\u00f3rzy zamiast si\u0119ga\u0107 do \u017ar\u00f3de\u0142, kopiuj\u0105 i bezkrytycznie cytuj\u0105 jeden drugiego. W czasie swej kilkudziesi\u0119cioletniej pracy, zgromadzi\u0142 on unikalne zbiory r\u0119kopis\u00f3w, pami\u0119tnik\u00f3w i dokument\u00f3w z czas\u00f3w wojny. W wyniku przegranego procesu wytoczonego o znies\u0142awienie przeciwko prof. Deborah Lipstadt, s\u0119dzia Gray w dniu 11 kwietnia 2000 roku na\u0142o\u017cy\u0142 kary, kt\u00f3re doprowadzi\u0142y do tego, i\u017c David Irving straci\u0142 mieszkanie w Londynie oraz skonfiskowano mu ca\u0142y unikalny zbi\u00f3r. W kuriozalnej decyzji, ca\u0142y zbi\u00f3r przekazany zosta\u0142 w r\u0119ce oponenta ideologicznego &#8211; prof. Deborah Lipstadt. Szykanowany przez lata, Irving ostatecznie skazany zosta\u0142 przez s\u0105d wiede\u0144ski.<\/p>\r\n<p style=\"padding-left: 30px;\">Warto przytoczy\u0107 opini\u0119 historyka prof. Paw\u0142a Wieczorkiewicza z Uniwersytetu Warszawskiego o D. Irvingu, zamieszczon\u0105 w wywiadzie dla ostatniego wydania pisma <em>Templum Novum<\/em> Nr 3 2006 r. str. 75: <br>\r\n <strong><br>\r\n &#8222;[David Irving] To najlepszy i najwybitnieszy znawca historii II wojny \u015bwiatowej. Badacz, dla kt\u00f3rego miarodajne s\u0105 \u017ar\u00f3d\u0142a, a nie pogl\u0105dy historiografii, opinie koleg\u00f3w czy wrzask medi\u00f3w. Cz\u0142owiek kt\u00f3remu z racji ogromnych zas\u0142ug: zebrania lub odtajniania i udost\u0119pniania kluczowych dokument\u00f3w III Rzeszy, czapk\u0105 buty czy\u015bci\u0107 trzeba. Historyk tej miary ma prawo napisa\u0107 i powiedzie\u0107 wszystko&#8221;. <\/strong><\/p>\r\n<p>Inni intelektuali\u015bci wypowiadaj\u0105 si\u0119 podobnie:<\/p>\r\n<p style=\"padding-left: 30px;\">&#8222;Brytyjski historyk David Irving, jest by\u0107 mo\u017ce najwi\u0119kszym \u017cyj\u0105cym autorytetem ery Nazizmu&#8221;<em> Stephen Spender, New York Times Review of Books<\/em><\/p>\r\n<p style=\"padding-left: 30px;\">&#8222;Takie postaci jak David Irving s\u0105 niezast\u0105pion\u0105 cz\u0119\u015bci\u0105 rozwoju nauk historycznych, i nie wolno nam odrzuca\u0107 ich punktu widzenia.&#8221; <em>Profesor Gordon C. Craig, The New York Review of Books, 19 wrzesie\u0144 1996.<\/em><\/p>\r\n<p style=\"padding-left: 30px;\">&#8222;Czy chcemy tego czy nie [&#8230;] najbardziej znanymi historykami ery Nazizmu s\u0105 dzisiaj [Daniel] Goldhagen i brytyjski pisarz David Irving&#8221; &#8211; <em>Holocaust and Genocide Studies,<\/em> vol. 11, no. 3 (Oxford University Press, w kooperacji z <em> U.S. Holocaust Memorial Museum<\/em>).<\/p>\r\n<p><strong>Po dzie\u0144 dzisiejszy <\/strong><a class=\"content_sz\" href=\"http:\/\/www.fpp.co.uk\/Auschwitz\/index.html\" target=\"_blank\"><strong>nagroda Davida Irvinga w wysoko\u015bci $1000.00<\/strong><\/a><strong> ustanowiona w 1977 roku jest do odebrania przez ka\u017cdego kto wska\u017ce na jakikolwiek dokument stwierdzaj\u0105cy, \u017ce &#8222;Hitler wiedzia\u0142 o Holokau\u015bcie&#8221;. <\/strong><\/p>\r\n<p>&nbsp;<\/p>\r\n<p style=\"text-align: center;\"><img fetchpriority=\"high\" decoding=\"async\" class=\"aligncenter\" src=\"http:\/\/www.bibula.com\/images\/00799_Irving_before.jpg\" width=\"599\" height=\"551\"><br>\r\n <em>David Irving podczas procesu 20 lutego 2006<\/em><\/p>\r\n<p style=\"text-align: center;\">&nbsp;<\/p>\r\n<p class=\"content_sz\" style=\"text-align: center;\"><img decoding=\"async\" class=\"\" src=\"http:\/\/www.bibula.com\/images\/00799_Irving_after.jpg\" width=\"594\" height=\"588\"><\/p>\r\n<p style=\"text-align: center;\"><em>David Irving na procesie o warunkowe zwolnienie &#8211; 20 grudnia 2006<\/em><\/p>\r\n<p class=\"podpis_sz\" style=\"text-align: center;\">Photos Source: AP<\/p>\r\n<p><strong>Oficjalna strona internetowa Davida Irvinga: <\/strong><a class=\"content_sz\" href=\"http:\/\/www.fpp.co.uk\/\" target=\"_blank\"><strong>Focal Point Publications<\/strong><\/a><\/p>\r\n<blockquote>\r\n<p><strong>KOMENTARZ <em>BIBU\u0141Y<\/em><\/strong>: Raduj\u0105c si\u0119 z mo\u017cliwo\u015bci sp\u0119dzenia nadchodz\u0105cych \u015awi\u0105t w gronie rodzinnym, \u017cyczymy panu Davidowi Irvingowi zdrowych i spokojnych \u015bwi\u0105t Bo\u017cego Narodzenia oraz B\u0142ogos\u0142awie\u0144stwa Bo\u017cego i wytrwa\u0142o\u015bci w walce z przebieg\u0142ymi si\u0142ami z\u0142a.<\/p>\r\n<\/blockquote>\r\n<h4>&nbsp;<\/h4>\r\n<hr style=\"background-color: #000000; border-width: 0; color: #000000; height: 2px; line-height: 0; text-align: center; width: 100%;\">\r\n<h4>&nbsp;<\/h4>\r\n<p><strong>ZOB. R\u00d3WNIE\u017b<\/strong>:<\/p>\r\n<ul>\r\n\t<li><a class=\"content_sz\" href=\"http:\/\/www.bibula.com\/?p=00726\">Rozpocz\u0105\u0142 si\u0119 proces Germara Rudolfa z okar\u017cenia o &#8222;negowanie Holokaustu&#8221;<\/a><\/li>\r\n\t<li><a class=\"content_sz\" href=\"http:\/\/www.bibula.com\/?p=00672\">Szwajcarski minister sprawiedliwo\u015bci rozwa\u017ca depenalizacj\u0119 tzw. k\u0142amstwa o\u015bwi\u0119cimskiego<\/a><\/li>\r\n\t<li><a class=\"content_sz\" href=\"http:\/\/www.bibula.com\/?p=00691\">Aresztowanie hiszpa\u0144skiego historyka oskar\u017conego o &#8222;negowanie Holokaustu&#8221;<\/a><\/li>\r\n\t<li><a class=\"content_sz\" href=\"http:\/\/www.bibula.com\/?p=00615\">S\u0105d francuski skaza\u0142 R. Faurissona za &#8222;k\u0142amstwo o\u015bwi\u0119cimskie&#8221;<\/a><\/li>\r\n\t<li><a class=\"content_sz\" href=\"http:\/\/www.bibula.com\/?p=00437\">Holandia kolejnym krajem \u015bcigaj\u0105cym &#8222;k\u0142amstwo o\u015bwi\u0119cimskie&#8221; ?<\/a><\/li>\r\n\t<li><a class=\"content_sz\" href=\"http:\/\/www.bibula.com\/?p=00568\">S\u0105d Najwy\u017cszy odrzuca odwo\u0142anie Davida Irvinga<\/a><\/li>\r\n\t<li><a class=\"content_sz\" href=\"http:\/\/www.bibula.com\/?p=00469\">Tomasz Winnicki skazany przez s\u0105d kanadyjski na 9 miesi\u0119cy wi\u0119zienia<\/a><\/li>\r\n\t<li><a class=\"content_sz\" href=\"http:\/\/www.bibula.com\/?p=00107\">S\u0105d skaza\u0142 Davida Irvinga na 3 lata wi\u0119zienia<\/a><\/li>\r\n\t<li><a class=\"content_sz\" href=\"http:\/\/www.bibula.com\/?p=00059\">Socjalistyczna Unia Europejska wi\u0119zi niewygodnych dzia\u0142aczy i naukowc\u00f3w<\/a><\/li>\r\n\t<li><a class=\"content_sz\" href=\"http:\/\/www.ryszardbender.pl\/publikacje\/2000\/nasz_dziennik_72.html\" target=\"_blank\">List prof. Ryszarda Bendera z 2000 roku, zawieraj\u0105cy opini\u0119 o tzw. k\u0142amstwie o\u015bwi\u0119cimskim &#8211; <em>Nasz Dziennik Nr 72, 25-26.03.2000<\/em><\/a><\/li>\r\n<\/ul>\r\n<h4>&nbsp;<\/h4>\r\n<hr style=\"background-color: #000000; border-width: 0; color: #000000; height: 2px; line-height: 0; text-align: center; width: 100%;\">\r\n<h4>&nbsp;<\/h4>","protected":false},"excerpt":{"rendered":"S\u0105d Najwy\u017cszy w Wiedniu zdecydowa\u0142 o warunkowym zwolnieniu brytyjskiego historyka Davida Irvinga. Decyzj\u0105 s\u0105du wydan\u0105 w \u015brod\u0119, 20 grudnia 2006 roku, Irving zosta\u0142 zwolniony warunkowo po odbyciu 13 miesi\u0119cy pozbawienia wolno\u015bci z na\u0142o\u017conej kary 3 lat wi\u0119zienia. W jednodniowym procesie pokazowym 20 lutego 2006 roku, s\u0105d wiede\u0144ski skaza\u0142 68-letniego Davida Irvinga za &#8222;zaprzeczanie Holokaustowi&#8221;. Prokurator [&hellip;]","protected":false},"author":1,"featured_media":0,"comment_status":"closed","ping_status":"open","sticky":false,"template":"","format":"standard","meta":{"_acf_changed":false,"_monsterinsights_skip_tracking":false,"_monsterinsights_sitenote_active":false,"_monsterinsights_sitenote_note":"","_monsterinsights_sitenote_category":0,"ngg_post_thumbnail":0,"footnotes":"","_wp_rev_ctl_limit":""},"categories":[6],"tags":[244,16,22,53],"acf":[],"_links":{"self":[{"href":"https:\/\/www.bibula.com\/index.php?rest_route=\/wp\/v2\/posts\/799"}],"collection":[{"href":"https:\/\/www.bibula.com\/index.php?rest_route=\/wp\/v2\/posts"}],"about":[{"href":"https:\/\/www.bibula.com\/index.php?rest_route=\/wp\/v2\/types\/post"}],"author":[{"embeddable":true,"href":"https:\/\/www.bibula.com\/index.php?rest_route=\/wp\/v2\/users\/1"}],"replies":[{"embeddable":true,"href":"https:\/\/www.bibula.com\/index.php?rest_route=%2Fwp%2Fv2%2Fcomments&post=799"}],"version-history":[{"count":0,"href":"https:\/\/www.bibula.com\/index.php?rest_route=\/wp\/v2\/posts\/799\/revisions"}],"wp:attachment":[{"href":"https:\/\/www.bibula.com\/index.php?rest_route=%2Fwp%2Fv2%2Fmedia&parent=799"}],"wp:term":[{"taxonomy":"category","embeddable":true,"href":"https:\/\/www.bibula.com\/index.php?rest_route=%2Fwp%2Fv2%2Fcategories&post=799"},{"taxonomy":"post_tag","embeddable":true,"href":"https:\/\/www.bibula.com\/index.php?rest_route=%2Fwp%2Fv2%2Ftags&post=799"}],"curies":[{"name":"wp","href":"https:\/\/api.w.org\/{rel}","templated":true}]}}