{"id":79892,"date":"2015-02-19T09:57:33","date_gmt":"2015-02-19T14:57:33","guid":{"rendered":"http:\/\/www.bibula.com\/?p=79892"},"modified":"2015-02-19T09:57:33","modified_gmt":"2015-02-19T14:57:33","slug":"nie-bedzie-sw-maksymiliana-beda-walentynki","status":"publish","type":"post","link":"https:\/\/www.bibula.com\/?p=79892","title":{"rendered":"Nie b\u0119dzie \u015bw. Maksymiliana, b\u0119d\u0105 walentynki"},"content":{"rendered":"<p><strong>Nie b\u0119dzie znaczka pocztowego po\u015bwi\u0119conego 100. rocznicy pobytu \u015bw. o. Maksymiliana Kolbego w San Marino. Ministerstwo Administracji i Cyfryzacji anulowa\u0142o planowan\u0105 na marzec tego roku emisj\u0119. Do obiegu wprowadzono jednak m. in temat \u00a0\u201eKocham Ci\u0119\u201d, kt\u00f3rego symbolika wyra\u017anie nawi\u0105zuje do walentynek.<\/strong><\/p>\r\n<p><img fetchpriority=\"high\" decoding=\"async\" class=\"\" style=\"border: 0px none; margin: 10px;\" src=\"http:\/\/www.pch24.pl\/images\/min_mid_big\/mid_34080.jpg\" alt=\"\" width=\"299\" height=\"177\" align=\"left\" \/>Jak informuje \u201eNasz Dziennik\u201d na marzec br. &#8211; jako wsp\u00f3lne przedsi\u0119wzi\u0119cie Poczty Polskiej SA i Poczty San Marino &#8211; planowano emisj\u0119 1. znaczka w bloku z okazji 100. rocznicy pobytu \u015bw. o. Maksymiliana Kolbego w San Marino. Z przedsi\u0119wzi\u0119cia zrezygnowa\u0142a jednak Poczta San Marino. W tej sytuacji na wniosek Poczty Polskiej minister administracji i cyfryzacji decyzj\u0105 z dnia 27 stycznia tego roku wprowadzi\u0142 zmiany w rocznym planie emisji znaczk\u00f3w pocztowych na 2015 r., anuluj\u0105c emisj\u0119 znaczka \u201eMaksymilian Kolbe\u201d.<\/p>\r\n<p>\u201eNasz Dziennik\u201d nie doczeka\u0142 si\u0119 odpowiedzi na skierowane do Poczty Polskiej pytanie, czy mimo rezygnacji Poczty San Marino &#8211; nie by\u0142o mo\u017cliwo\u015bci samodzielnego kontynuowania tematu.<\/p>\r\n<p>Zdaniem rzecznika prasowego Ministerstwa Administracji i Cyfryzacji Artura Kozio\u0142ka, to w\u0142a\u015bnie wsp\u00f3lna emisja by\u0142a g\u0142\u00f3wnym argumentem przemawiaj\u0105cym za uwzgl\u0119dnieniem tego tematu w planie emisji znaczk\u00f3w pocztowych na 2015 r. przez resort.<\/p>\r\n<p>&#8211; <em>W zwi\u0105zku z czym w sytuacji wycofania si\u0119 w 2014 r. wnioskodawcy z projektu wsp\u00f3lnej emisji, na wniosek Poczty Polskiej SA minister administracji i cyfryzacji podj\u0105\u0142 decyzj\u0119 o wy\u0142\u0105czeniu tematu z planu emisji znaczk\u00f3w pocztowych na 2015<\/em> r.\u00a0 &#8211; t\u0142umaczy Kozio\u0142ek.<\/p>\r\n<p>R\u00f3wnolegle do obiegu wprowadzono, jak donosi \u201eNasz Dziennik\u201d inne dodatkowe tematy rekomendowane przez Poczt\u0119 Polsk\u0105, jak chocia\u017cby \u201eKocham Ci\u0119\u201d, kt\u00f3rego symbolika wyra\u017anie nawi\u0105zuje do walentynek.<\/p>\r\n<p>\u0179r\u00f3d\u0142o: \u201eNasz Dziennik\u201d<\/p>\r\n<p>luk<\/p>","protected":false},"excerpt":{"rendered":"Nie b\u0119dzie znaczka pocztowego po\u015bwi\u0119conego 100. rocznicy pobytu \u015bw. o. Maksymiliana Kolbego w San Marino. Ministerstwo Administracji i Cyfryzacji anulowa\u0142o planowan\u0105 na marzec tego roku emisj\u0119. Do obiegu wprowadzono jednak m. in temat \u00a0\u201eKocham Ci\u0119\u201d, kt\u00f3rego symbolika wyra\u017anie nawi\u0105zuje do walentynek. Jak informuje \u201eNasz Dziennik\u201d na marzec br. &#8211; jako wsp\u00f3lne przedsi\u0119wzi\u0119cie Poczty Polskiej SA [&hellip;]","protected":false},"author":1,"featured_media":0,"comment_status":"closed","ping_status":"closed","sticky":false,"template":"","format":"standard","meta":{"_acf_changed":false,"_monsterinsights_skip_tracking":false,"_monsterinsights_sitenote_active":false,"_monsterinsights_sitenote_note":"","_monsterinsights_sitenote_category":0,"ngg_post_thumbnail":0,"footnotes":"","_wp_rev_ctl_limit":""},"categories":[8],"tags":[132,92,25,212],"acf":[],"_links":{"self":[{"href":"https:\/\/www.bibula.com\/index.php?rest_route=\/wp\/v2\/posts\/79892"}],"collection":[{"href":"https:\/\/www.bibula.com\/index.php?rest_route=\/wp\/v2\/posts"}],"about":[{"href":"https:\/\/www.bibula.com\/index.php?rest_route=\/wp\/v2\/types\/post"}],"author":[{"embeddable":true,"href":"https:\/\/www.bibula.com\/index.php?rest_route=\/wp\/v2\/users\/1"}],"replies":[{"embeddable":true,"href":"https:\/\/www.bibula.com\/index.php?rest_route=%2Fwp%2Fv2%2Fcomments&post=79892"}],"version-history":[{"count":0,"href":"https:\/\/www.bibula.com\/index.php?rest_route=\/wp\/v2\/posts\/79892\/revisions"}],"wp:attachment":[{"href":"https:\/\/www.bibula.com\/index.php?rest_route=%2Fwp%2Fv2%2Fmedia&parent=79892"}],"wp:term":[{"taxonomy":"category","embeddable":true,"href":"https:\/\/www.bibula.com\/index.php?rest_route=%2Fwp%2Fv2%2Fcategories&post=79892"},{"taxonomy":"post_tag","embeddable":true,"href":"https:\/\/www.bibula.com\/index.php?rest_route=%2Fwp%2Fv2%2Ftags&post=79892"}],"curies":[{"name":"wp","href":"https:\/\/api.w.org\/{rel}","templated":true}]}}