{"id":79879,"date":"2015-02-19T09:16:57","date_gmt":"2015-02-19T14:16:57","guid":{"rendered":"http:\/\/www.bibula.com\/?p=79879"},"modified":"2015-02-19T09:19:42","modified_gmt":"2015-02-19T14:19:42","slug":"orban-chcial-sie-spotkac-z-kaczynskim-kaczynski-odmowil","status":"publish","type":"post","link":"https:\/\/www.bibula.com\/?p=79879","title":{"rendered":"Orban chcia\u0142 si\u0119 spotka\u0107 z Kaczy\u0144skim. Kaczy\u0144ski odm\u00f3wi\u0142"},"content":{"rendered":"<p><strong>Szef Klubu Parlamentarnego PiS, Mariusz B\u0142aszczak, powiedzia\u0142, \u017ce Jaros\u0142aw Kaczy\u0144ski odrzuci\u0142 propozycj\u0119 spotkania z Viktorem Orbanem. Premier W\u0119gier odwiedza <del>si\u0119<\/del> Warszaw\u0119.<\/strong><\/p>\r\n<p><em>Strona w\u0119gierska zabiega\u0142a r\u00f3wnie\u017c\u00a0o dzisiejsze spotkanie Viktora Orbana\u00a0z Jaros\u0142awem Kaczy\u0144skim. Prezes PiS odm\u00f3wi\u0142 takiego spotkania\u00a0i podobnie powinna zachowa\u0107 si\u0119\u00a0Ewa\u00a0Kopacz<\/em> &#8211; powiedzia\u0142 B\u0142aszczak. Polityk PiS, pytany, czy odmowa spotkanai przez premier polskiego rz\u0105du nie by\u0142aby uznana za gest nieprzyzjazny, odpowiedzia\u0142, \u017ce &#8222;absolutnie nie&#8221;. <em>Na takich gestach r\u00f3wnie\u017c polega polska dyplomacja. Viktor Orban zosta\u0142 zaproszony przez Krajow\u0105 Izb\u0119 Gospodarcz\u0105,\u00a0a\u00a0nie polski rz\u0105d. Naprawd\u0119 mo\u017cna by\u0142o wys\u0142a\u0107\u00a0do Budapesztu czytelny sygna\u0142, \u017ce\u00a0nie podoba\u00a0nam si\u0119\u00a0ich polityka<\/em> &#8211; zaznaczy\u0142 B\u0142aszczak. Szef Klubu Parlamentarnego Prawa i Sprawiedliwo\u015bci zarzuci\u0142 Orbanowi &#8222;rozbijanie solidarno\u015bci europejskiej&#8221;:<\/p>\r\n<p><em>Uwa\u017camy, \u017ce premier W\u0119gier rozbija swoimi dzia\u0142aniami solidarno\u015b\u0107 europejsk\u0105 &#8211; cho\u0107 \u017ceby by\u0107 uczciwym, trzeba wspomnie\u0107\u00a0o\u00a0tym, \u017ce wcze\u015bniej podobne dzia\u0142ania wykonywali\u00a0i Niemcy,\u00a0i Francja. Berlin poprzez budow\u0119 Gazoci\u0105gu P\u00f3\u0142nocnego,\u00a0a Francja poprzez\u00a0sprzeda\u017c\u00a0broni <\/em>&#8211; powiedzia\u0142 polityk.<\/p>\r\n<p>wpolityce.pl \/ Kresy.pl<\/p>\r\n<p class=\"zrodlo\">Za: <a href=\"http:\/\/www.kresy.pl\/wydarzenia,polityka?zobacz\/orban-chcial-sie-spotkac-z-kaczynskim-kaczynski-odmowil\">Kresy.pl (19 lutego 2015)<\/a>\u00a0<\/p>\r\n<hr style=\"background-color: #000000; border-width: 0; color: #000000; height: 2px; line-height: 0; text-align: center; width: 100%;\" \/>\r\n<h2>Viktor Orban skrytykowa\u0142 Donalda Tuska<\/h2>\r\n<p>Premier W\u0119gier oceni\u0142, \u017ce w Unii Europejskiej panuj\u0105 r\u00f3\u017cne opinie w kwestii stosunku do Rosji. Jako zwolennika twardego kursu okre\u015bli\u0142 Donalda Tuska, przewodnicz\u0105cego Rady Europejskiej.<\/p>\r\n<p>Wed\u0142ug w\u0119gierskiego premiera takie kraje jak czechy, S\u0142owacja, Austria i W\u0119gry opowiadaj\u0105 si\u0119 za wsp\u00f3\u0142prac\u0105 z Rosj\u0105. &#8222;Naszym zdaniem bez wsp\u00f3\u0142pracy z Rosj\u0105 nie mo\u017cemy osi\u0105gn\u0105\u0107 naszych cel\u00f3w&#8221; &#8211; m\u00f3wi\u0142 Orban na konferencji prasowej dzie\u0144 po wizycie W\u0142adimira Putina w Budapeszcie. &#8222;Ten rozd\u017awi\u0119k w UE jest bardzo g\u0142\u0119boki i ma charakter strategiczny&#8221; &#8211; doda\u0142 premier W\u0119gier, kt\u00f3ry umiejscowi\u0142 po drugiej stronie linii podzia\u0142u Donalda Tuska, szefa Rady Europejskiej.<\/p>\r\n<p>PATRZ TAK\u0179E: <a href=\"http:\/\/www.kresy.pl\/wydarzenia,gospodarka?zobacz\/wegry-nie-beda-placic-za-niezuzytkowany-gaz-rosja-wyrazila-zgode-\">W\u0119gry nie b\u0119d\u0105 p\u0142aci\u0107 za niezu\u017cytkowany gaz &#8211; Rosja wyrazi\u0142a zgod\u0119 <\/a><\/p>\r\n<p>onet.pl \/ Kresy.pl<\/p>\r\n<p class=\"zrodlo\">Za: <a href=\"http:\/\/www.kresy.pl\/wydarzenia,polityka?zobacz\/viktor-orban-skrytykowal-donalda-tuska\">Kresy.pl (19 lutego 2015) <\/a><\/p>","protected":false},"excerpt":{"rendered":"Szef Klubu Parlamentarnego PiS, Mariusz B\u0142aszczak, powiedzia\u0142, \u017ce Jaros\u0142aw Kaczy\u0144ski odrzuci\u0142 propozycj\u0119 spotkania z Viktorem Orbanem. Premier W\u0119gier odwiedza si\u0119 Warszaw\u0119. Strona w\u0119gierska zabiega\u0142a r\u00f3wnie\u017c\u00a0o dzisiejsze spotkanie Viktora Orbana\u00a0z Jaros\u0142awem Kaczy\u0144skim. Prezes PiS odm\u00f3wi\u0142 takiego spotkania\u00a0i podobnie powinna zachowa\u0107 si\u0119\u00a0Ewa\u00a0Kopacz &#8211; powiedzia\u0142 B\u0142aszczak. Polityk PiS, pytany, czy odmowa spotkanai przez premier polskiego rz\u0105du nie by\u0142aby [&hellip;]","protected":false},"author":1,"featured_media":0,"comment_status":"closed","ping_status":"closed","sticky":false,"template":"","format":"standard","meta":{"_acf_changed":false,"_monsterinsights_skip_tracking":false,"_monsterinsights_sitenote_active":false,"_monsterinsights_sitenote_note":"","_monsterinsights_sitenote_category":0,"ngg_post_thumbnail":0,"footnotes":"","_wp_rev_ctl_limit":""},"categories":[8],"tags":[92,37,179],"acf":[],"_links":{"self":[{"href":"https:\/\/www.bibula.com\/index.php?rest_route=\/wp\/v2\/posts\/79879"}],"collection":[{"href":"https:\/\/www.bibula.com\/index.php?rest_route=\/wp\/v2\/posts"}],"about":[{"href":"https:\/\/www.bibula.com\/index.php?rest_route=\/wp\/v2\/types\/post"}],"author":[{"embeddable":true,"href":"https:\/\/www.bibula.com\/index.php?rest_route=\/wp\/v2\/users\/1"}],"replies":[{"embeddable":true,"href":"https:\/\/www.bibula.com\/index.php?rest_route=%2Fwp%2Fv2%2Fcomments&post=79879"}],"version-history":[{"count":0,"href":"https:\/\/www.bibula.com\/index.php?rest_route=\/wp\/v2\/posts\/79879\/revisions"}],"wp:attachment":[{"href":"https:\/\/www.bibula.com\/index.php?rest_route=%2Fwp%2Fv2%2Fmedia&parent=79879"}],"wp:term":[{"taxonomy":"category","embeddable":true,"href":"https:\/\/www.bibula.com\/index.php?rest_route=%2Fwp%2Fv2%2Fcategories&post=79879"},{"taxonomy":"post_tag","embeddable":true,"href":"https:\/\/www.bibula.com\/index.php?rest_route=%2Fwp%2Fv2%2Ftags&post=79879"}],"curies":[{"name":"wp","href":"https:\/\/api.w.org\/{rel}","templated":true}]}}