{"id":7972,"date":"2009-03-23T11:00:41","date_gmt":"2009-03-23T16:00:41","guid":{"rendered":"http:\/\/www.bibula.com\/?p=7972"},"modified":"2009-03-23T11:14:37","modified_gmt":"2009-03-23T16:14:37","slug":"kto-obroni-dobre-imie-narodu-i-panstwa-jesli-nie-sami-polacy","status":"publish","type":"post","link":"https:\/\/www.bibula.com\/?p=7972","title":{"rendered":"Kto obroni dobre imi\u0119 Narodu i Pa\u0144stwa, je\u015bli nie sami Polacy?"},"content":{"rendered":"<p>\u201ePolskie g\u00f3wno won\u2026\u201d &#8211; fotografi\u0119 z takim napisem na norweskim murze publikuje jeden z dziennik\u00f3w tytu\u0142uj\u0105cy si\u0119 \u201ePolska\u201d . Ni\u017cej pojawia si\u0119 komentarz \u201edy\u017curnego autorytetu\u201d, pani prof. Niny Witoszek, w\u0142a\u015bciwie Walentyna Witoszek, urodzona w Pszczynie, kt\u00f3ra t\u0142umaczy \u017ce ten napis nie jest dowodem rasizmu. Pani Walentyna wyk\u0142ada histori\u0119 kultury na Uniwersytecie w Oslo. Z pewno\u015bci\u0105 ma nadziej\u0119, \u017ce autor haniebnego antypolskiego \u201epolskie g\u00f3wno won\u2026\u201d nie skojarzy z Polsk\u0105 jej osoby i na wszelki wypadek zapewnia w jednym z <a class=\"ge_a\" href=\"http:\/\/pracownia.org.pl\/dzikie-zycie-numery-archiwalne,2224,article,4078\">wywiad\u00f3w<\/a>, \u017ce \u201enie czuje si\u0119 Polk\u0105 z krwi i ko\u015bci\u2026\u201d, bo du\u017co podr\u00f3\u017cowa\u0142a.<\/p>\r\n\r\n<p>Trudno jest wymieni\u0107 europejskie pa\u0144stwo, w kt\u00f3rym nie wyrz\u0105dzono krzywdy polskim emigrantom, gdzie nie pad\u0142y najbardziej okrutne, k\u0142amliwe i obra\u017aliwe s\u0142owa, wobec nas i wobec Polski. Ale jeszcze trudniej znale\u017a\u0107 przypadek, gdzie polskie s\u0142u\u017cby pa\u0144stwowe wykaza\u0142y si\u0119 reakcj\u0105 obronn\u0105. Polska z zasady nie protestuje, kiedy ubli\u017caj\u0105 Polakom, ale w\u015br\u00f3d by\u0142ych czy obecnych Polak\u00f3w zawsze znajdzie si\u0119 kto\u015b, kto uzasadni lokalne antypolskie \u201efrustracje\u201d, zawsze znajdzie si\u0119 gazeta, w kt\u00f3rej w j\u0119zyku polskim u\u015bpiony zostanie ponownie polski sprzeciw.<br \/>\r\n Takie fakty, \u017ce firma zatrudniaj\u0105ca polskich elektryk\u00f3w dawa\u0142a norweskim pracownikom pracuj\u0105cym z Polakami \u201edodatek za prac\u0119 w brudzie\u201d, \u017ce norwescy pracownicy stoczni podzielili z w\u0142asnej inicjatywy \u015bcian\u0105 zak\u0142adow\u0105 sto\u0142\u00f3wk\u0119, \u017ceby z jednej strony siedzieli Polacy, a po drugiej stronie Norwegowie, \u017ce Polacy znosz\u0105 poni\u017caj\u0105ce i niesprawiedliwe warunki socjalne, p\u0142acowe, mieszkaniowe i brak ubezpiecze\u0144 &#8211; to typowe przejawy dyskryminacji naszych Rodak\u00f3w. Ale w ubieg\u0142ym roku na skutek zaniedba\u0144 w\u0142a\u015bciciela mieszkania, kt\u00f3ry nie zamontowa\u0142 czujnik\u00f3w przeciwpo\u017carowych, spali\u0142o si\u0119 siedmiu Polak\u00f3w. Kilka lat wcze\u015bniej, zas\u0142u\u017cony opozycjonista PRL, Tomasz Wacko zosta\u0142 zabity przez policjant\u00f3w tylko dlatego, \u017ce trzyma\u0142 r\u0119ce w kieszeni w rozmowie z str\u00f3\u017cami prawa przed swoim domem. Spraw\u0119 po jakim\u015b czasie umorzono, uzasadniaj\u0105c, \u017ce policja dzia\u0142a\u0142a w obronie w\u0142asnej.<br \/>\r\n Niemcy pisz\u0105 w\u0142asn\u0105 histori\u0119 Europy, w kt\u00f3rej s\u0105 poszkodowanymi, Litwini prze\u015bladuj\u0105 polsk\u0105 mniejszo\u015b\u0107 narodow\u0105, <a class=\"ge_a\" href=\"http:\/\/miroslaw-orzechowski.blog.onet.pl\/2,ID365534618,index.html\">\u017bydzi<\/a> w blu\u017anierczych programach telewizyjnych blu\u017ani\u0105 przeciw \u015awi\u0119to\u015bciom naszej wiary i \u017c\u0105daj\u0105 restytucji mienia, a dla Norweg\u00f3w jeste\u015bmy po prostu \u201eg\u00f3wnem\u201d.<br \/>\r\n <a class=\"ge_a\" href=\"http:\/\/miroslaw-orzechowski.blog.onet.pl\/2,ID369677456,index.html\">Co na to polska szko\u0142a<\/a>, kt\u00f3ra przygotowuje do doros\u0142o\u015bci nowe pokolenia Polak\u00f3w? Ot\u00f3\u017c nic! Polska szko\u0142a wydaje w tym czasie podr\u0119cznik niemiecko-polski powielaj\u0105cy niemieckie k\u0142amstwa o II wojnie \u015bwiatowej i poradnik o antysemityzmie Polak\u00f3w. Co na to rz\u0105dowe s\u0142u\u017cby, kt\u00f3re maj\u0105 obowi\u0105zek broni\u0107 dobrego imienia Narodu i Pa\u0144stwa? Nic, prezydent odmawia patronatu uroczysto\u015bciom ku czci ofiar zbrodni ukrai\u0144skich na Wo\u0142yniu! Co na to my Polacy, kt\u00f3rzy cz\u0119sto bezmy\u015blnie powtarzamy k\u0142amstwa o nas, wpajane nam przez przebieg\u0142ych dywersant\u00f3w? Nic, my jak papugi powtarzamy k\u0142amstwa o samych sobie.\u00a0<br \/>\r\n Czy nigdy nie nab\u0119dziemy rozumu przed kolejn\u0105 szkod\u0105?<\/p>\r\n\r\n<p>Poniek\u0105d w tej samej sprawie inny \u201eDziennik\u201d podaje, \u017ce z projektu ustawy medialnej autorstwa PO-SLD-PSL wypad\u0142 zapis o ochronie warto\u015bci chrze\u015bcija\u0144skich. W ich miejsce proponuje si\u0119 przepisy o \u201eprzeciwdzia\u0142aniu dyskryminacji ze wzgl\u0119du na ras\u0119, narodowo\u015b\u0107, wyznanie, p\u0142e\u0107 i orientacj\u0119 seksualn\u0105\u201d. Oto zaprogramowana starannie \u201epolska droga do Europy\u201d. Cieszy si\u0119 PO, SLD i PSL, nie protestuje PiS.<br \/>\r\n Polska koronowana jest cierniem, mot\u0142och wrzeszczy: \u201ena krzy\u017c!\u201d, a zapieraj\u0105 si\u0119 Ojczyzny ostatni z Polak\u00f3w. Ale kur zapieje po raz trzeci.<\/p>\r\n\r\n<p><strong><em><span class=\"bl_author\"><span class=\"ge_a\">Miros\u0142aw Or<\/span><\/span><\/em><\/strong><span class=\"ge_a\"><strong><em><\/em><\/strong><\/span><strong><em><span class=\"bl_author\"><span class=\"ge_a\">zechowski<\/span><\/span> <\/em><\/strong><\/p>\r\n\r\n<p>Za: <a href=\"http:\/\/miroslaw-orzechowski.blog.onet.pl\/2,ID370145949,RS1,index.html\" target=\"_blank\">Blog Miros\u0142awa Orzechowskiego<\/a><\/p>\r\n\r\n<p><br class=\"spacer_\" \/><\/p>\r\n\r\n\r\n<blockquote>\r\n<h2>W Norwegii nienawidz\u0105 Polak\u00f3w<\/h2>\r\n\r\n\r\n<p>Tolerancyjni Norwegowie coraz bardziej okazuj\u0105 niech\u0119\u0107 wobec imigrant\u00f3w. Sprawi\u0142y to kryzys i obawa miejscowych o miejsca pracy. Odczuwaj\u0105 to tak\u017ce Polacy &#8211; czytamy w dzienniku &#8222;Polska&#8221;.<\/p>\r\n\r\n<p><br class=\"spacer_\" \/><\/p>\r\n\r\n<p>&#8222;Polskie g\u00f3wno, won z Norwegii!&#8221; &#8211; taki napis wita klient\u00f3w sklepu REMA 1000 w stolicy kraju Oslo. Norwegowie odczuwaj\u0105 bardziej ni\u017c przedtem konkurencj\u0119 Polak\u00f3w na topniej\u0105cym rynku pracy. Bezrobocie ro\u015bnie i zdaniem Haralda Magnusa Andreassena z First Securities osi\u0105gnie wkr\u00f3tce 5 proc., najwi\u0119cej od 20 lat.<\/p>\r\n\r\n<p>Bran\u017ca budowlana jest w tej chwili najbardziej nara\u017cona na ci\u0119cia finansowe i oblicza si\u0119, \u017ce straci w niej prac\u0119 ponad 60 tys. zatrudnionych. Na pierwszy ogie\u0144 id\u0105 osoby zatrudnione na kr\u00f3tkie kontrakty, mi\u0119dzy innymi robotnicy polscy. Zwolnienia zapowiadaj\u0105 ju\u017c praktycznie wszystkie wi\u0119ksze firmy.<\/p>\r\n\r\n<p>Polacy, kt\u00f3rych jest tu ok. 32 tys., stanowi\u0105 najliczniejsz\u0105 grup\u0119 obcokrajowc\u00f3w, wyprzedzaj\u0105c Pakista\u0144czyk\u00f3w, Szwed\u00f3w, Irakijczyk\u00f3w. To oficjalne statystyki, bo wed\u0142ug tych nieoficjalnych z polskiej ambasady w Oslo liczba rodak\u00f3w mo\u017ce by\u0107 czterokrotnie wy\u017csza, gdy\u017c wiele os\u00f3b przyjecha\u0142o z Wysp Brytyjskich. Norweski rasizm w stosunku do Polak\u00f3w nie jest nowym zjawiskiem. W przeciwie\u0144stwie do innych kraj\u00f3w przybiera on formy bardziej subtelne i trudniejsze do wykrycia. Niekiedy jest jednak ca\u0142kiem otwarty.<\/p>\r\n\r\n<p>Firma Forenede Montorer AS w Kongsberg zatrudniaj\u0105ca polskich elektryk\u00f3w dawa\u0142a norweskim pracownikom pracuj\u0105cym z Polakami &#8222;dodatek za prac\u0119 w brudzie&#8221; (smusstillegg) wynosz\u0105cy pi\u0119\u0107 koron (ok. 2,80 z\u0142) za godzin\u0119. Po interwencji prasy okaza\u0142o si\u0119, \u017ce to tylko niewinny &#8222;\u017cart&#8221;, a w rzeczywisto\u015bci chodzi\u0142o o dodatek administracyjny dla os\u00f3b udzielaj\u0105cych przeszkolenia osobom nieznaj\u0105cym j\u0119zyka norweskiego. Norwescy pracownicy stoczni Kleven Verft w Ulsteinvik podzielili z w\u0142asnej inicjatywy \u015bcian\u0105 zak\u0142adow\u0105 sto\u0142\u00f3wk\u0119, tak by z jednej strony siedzieli Polacy, a po drugiej stronie Norwegowie. \u015acian\u0119 usuni\u0119to dopiero, gdy spraw\u0119 nag\u0142o\u015bni\u0142y media.<\/p>\r\n\r\n<p>&#8211; Po\u0142owa moich polskich klient\u00f3w, kt\u00f3rzy przychodz\u0105 po pomoc, twierdzi, \u017ce spotka\u0142a si\u0119 z r\u00f3\u017cnymi przejawami rasizmu &#8211; m\u00f3wi dla &#8222;Polski&#8221; adwokat Thomas Benestad z Oslo. S\u0105dzi on jednak, \u017ce za tym kryje si\u0119 o wiele wy\u017csza liczba przypadk\u00f3w nigdzie niezg\u0142oszonych. Wielu Polak\u00f3w wstydzi si\u0119 przyznawa\u0107, \u017ce s\u0105 pomiatani w pracy, boj\u0105 si\u0119 kontaktu z miejscow\u0105 policj\u0105. Poni\u017caj\u0105ce i niesprawiedliwe warunki socjalne, p\u0142acowe, mieszkaniowe, brak ubezpiecze\u0144 &#8211; to zdaniem tego prawnika typowe przejawy dyskryminacji Polak\u00f3w przez norweskich pracodawc\u00f3w.<\/p>\r\n\r\n<p>\u017ar\u00f3d\u0142o informacji: INTERIA.PL\/Polska<\/p>\r\n\r\n<p><span class=\"index_wiadomosc_content_pierwsze_tresc\">Za: <a href=\"http:\/\/www.prawy.pl\/?dz=nowosci&amp;id=43451&amp;subdz=&amp;where=rss\" target=\"_blank\">prawy.pl<\/a><br \/>\r\n <\/span><\/p><\/blockquote>","protected":false},"excerpt":{"rendered":"\u201ePolskie g\u00f3wno won\u2026\u201d &#8211; fotografi\u0119 z takim napisem na norweskim murze publikuje jeden z dziennik\u00f3w tytu\u0142uj\u0105cy si\u0119 \u201ePolska\u201d . Ni\u017cej pojawia si\u0119 komentarz \u201edy\u017curnego autorytetu\u201d, pani prof. Niny Witoszek, w\u0142a\u015bciwie Walentyna Witoszek, urodzona w Pszczynie, kt\u00f3ra t\u0142umaczy \u017ce ten napis nie jest dowodem rasizmu. Pani Walentyna wyk\u0142ada histori\u0119 kultury na Uniwersytecie w Oslo. Z pewno\u015bci\u0105 [&hellip;]","protected":false},"author":1,"featured_media":0,"comment_status":"closed","ping_status":"closed","sticky":false,"template":"","format":"standard","meta":{"_acf_changed":false,"_monsterinsights_skip_tracking":false,"_monsterinsights_sitenote_active":false,"_monsterinsights_sitenote_note":"","_monsterinsights_sitenote_category":0,"ngg_post_thumbnail":0,"footnotes":"","_wp_rev_ctl_limit":""},"categories":[9],"tags":[65],"acf":[],"_links":{"self":[{"href":"https:\/\/www.bibula.com\/index.php?rest_route=\/wp\/v2\/posts\/7972"}],"collection":[{"href":"https:\/\/www.bibula.com\/index.php?rest_route=\/wp\/v2\/posts"}],"about":[{"href":"https:\/\/www.bibula.com\/index.php?rest_route=\/wp\/v2\/types\/post"}],"author":[{"embeddable":true,"href":"https:\/\/www.bibula.com\/index.php?rest_route=\/wp\/v2\/users\/1"}],"replies":[{"embeddable":true,"href":"https:\/\/www.bibula.com\/index.php?rest_route=%2Fwp%2Fv2%2Fcomments&post=7972"}],"version-history":[{"count":0,"href":"https:\/\/www.bibula.com\/index.php?rest_route=\/wp\/v2\/posts\/7972\/revisions"}],"wp:attachment":[{"href":"https:\/\/www.bibula.com\/index.php?rest_route=%2Fwp%2Fv2%2Fmedia&parent=7972"}],"wp:term":[{"taxonomy":"category","embeddable":true,"href":"https:\/\/www.bibula.com\/index.php?rest_route=%2Fwp%2Fv2%2Fcategories&post=7972"},{"taxonomy":"post_tag","embeddable":true,"href":"https:\/\/www.bibula.com\/index.php?rest_route=%2Fwp%2Fv2%2Ftags&post=7972"}],"curies":[{"name":"wp","href":"https:\/\/api.w.org\/{rel}","templated":true}]}}