{"id":79689,"date":"2015-02-11T11:42:49","date_gmt":"2015-02-11T16:42:49","guid":{"rendered":"http:\/\/www.bibula.com\/?p=79689"},"modified":"2015-02-24T19:19:08","modified_gmt":"2015-02-25T00:19:08","slug":"minister-rolnictwa-zrobil-wywiad-sam-ze-soba-i-zaplacil-za-jego-publikacje-gazecie-wyborczej","status":"publish","type":"post","link":"https:\/\/www.bibula.com\/?p=79689","title":{"rendered":"Minister rolnictwa zrobi\u0142 wywiad sam ze sob\u0105 i\u2026 zap\u0142aci\u0142 za jego publikacj\u0119 \u201eGazecie Wyborczej&#8221;"},"content":{"rendered":"<p><strong>W \u015brodowym wydaniu \u201eGazety Wyborczej\u201d znalaz\u0142a si\u0119 kuriozalna reklama: wywiad z ministrem rolnictwa, Markiem Sawickim, kt\u00f3ry t\u0142umaczy dlaczego dosz\u0142o do protestu rolnik\u00f3w w Warszawie. <br \/><\/strong><\/p>\r\n<p>W\u0142a\u015bnie w \u015brod\u0119 rozpoczyna si\u0119 strajk rolnik\u00f3w w Warszawie. Minister rolnictwa, Marek Sawicki bardzo chcia\u0142 si\u0119 z tego wyt\u0142umaczy\u0107, dlatego\u2026 postanowi\u0142 zrobi\u0107 wywiad sam ze sob\u0105 i wykupi\u0142 na jego publikacj\u0119 miejsce w \u201eGazecie Wyborczej\u201d.<\/p>\r\n<p>To pomys\u0142 kuriozalny nawet je\u015bli wzi\u0105\u0107 pod uwag\u0119 wsp\u00f3\u0142czesn\u0105 dominacj\u0119 w polityce technik marketingowych. Sawicki bowiem de facto sam zadaje pytania, na kt\u00f3re odpowiada. Sam ze sob\u0105 poruszy\u0142 m.in. kwesti\u0119 przyczyn protest\u00f3w rolnik\u00f3w oraz mo\u017cliwo\u015bci rozwi\u0105zania ich problem\u00f3w zwi\u0105zanych z regulacjami wprowadzanymi przez Uni\u0119 Europejsk\u0105 w ramach Wsp\u00f3lnej Polityki Rolnej.<\/p>\r\n<p>Sawicki zapyta\u0142 te\u017c siebie o embargo jakie Federacja Rosyjska na\u0142o\u017cy\u0142a na polskie owoce i warzywa. Zadeklarowa\u0142 sam sobie, \u017ce rz\u0105d wprowadza trzeci ju\u017c mechanizm wsparcia producent\u00f3w.<\/p>\r\n<p>\u0179r\u00f3d\u0142o: \u201eGazeta Wyborcza\u201d<\/p>\r\n<p>ged<\/p>\r\n<p class=\"zrodlo\">Za: <a href=\"http:\/\/www.pch24.pl\/minister-rolnictwa-zrobil-wywiad-sam-ze-soba-i-zaplacil-za-jego-publikacje-gazecie-wyborczej,33918,i.html\">PoloniaChristiana &#8211; pch24.pl (2015-02-11)<\/a><\/p>\r\n<hr style=\"background-color: #000000; border-width: 0; color: #000000; height: 2px; line-height: 0; text-align: center; width: 100%;\" \/>\r\n<h2>Minister rolnictwa przeprowadzi\u0142 wywiad sam ze sob\u0105 i zap\u0142aci\u0142 maj\u0105tek. Zarobi\u0142a \u201eGazeta Wyborcza\u201d<\/h2>\r\n<p><strong>A\u017c 12 tys. z\u0142 kosztowa\u0142 bud\u017cet pa\u0144stwa wywiad z Markiem Sawickim, opublikowany w jednej z gazet &#8211; poinformowa\u0142a \u201eRzeczpospolita\u201d. Chodzi o s\u0142ynn\u0105 publikacj\u0119 w \u201eGazecie Wyborczej\u201d. Co ciekawe, to nie pierwszy taki pomys\u0142 Sawickiego.<\/strong><\/p>\r\n<p>Kilka dni temu informowali\u015bmy o wywiadzie, kt\u00f3ry w formie reklamy zmie\u015bci\u0142o w \u201eGazecie Wyborczej\u201d Ministerstwo Rolnictwa. Rozmow\u0119 &#8211; opracowan\u0105 najpewniej przez doradc\u0119 ds. wizerunku &#8211; przeprowadzono z ministrem Markiem Sawickim. W kuriozalnej rozmowie, minister broni\u0142 si\u0119 m.in. przed zarzutami protestuj\u0105cych w Warszawie rolnik\u00f3w.<\/p>\r\n<p>Jak wynika z informacji uzyskanych przez \u201eRzeczpospolit\u0105\u201d, wywiad-og\u0142oszenie kosztowa\u0142 resort rolnictwa dok\u0142adnie 11 725 z\u0142. Wed\u0142ug rzecznika resortu, pieni\u0105dze pochodzi\u0142y ze \u201e\u015brodk\u00f3w bud\u017cetowych przeznaczonych na dzia\u0142ania informacyjne i promocyjne dotycz\u0105ce rolnictwa i gospodarki \u017cywno\u015bciowej\u201d.<\/p>\r\n<p>Jak si\u0119 okazuje, Sawicki nie pierwszy ju\u017c raz s\u0142ono zap\u0142aci\u0142 za wywiad z samym sob\u0105. W pa\u017adzierniku 2011 roku, rozmowa w \u201eGali\u201d kosztowa\u0142o go 25 tys. z\u0142.<\/p>\r\n<p>\u0179r\u00f3d\u0142o: wpolityce.pl<\/p>\r\n<p>ged<\/p>\r\n<p class=\"zrodlo\">Za: <a href=\"http:\/\/www.pch24.pl\/minister-rolnictwa-przeprowadzil-wywiad-sam-ze-soba-i-zaplacil-majatek--zarobila-gazeta-wyborcza,34182,i.html\">Polonia Christiana &#8211; pch24.pl (2015-02-24)<\/a><\/p>","protected":false},"excerpt":{"rendered":"W \u015brodowym wydaniu \u201eGazety Wyborczej\u201d znalaz\u0142a si\u0119 kuriozalna reklama: wywiad z ministrem rolnictwa, Markiem Sawickim, kt\u00f3ry t\u0142umaczy dlaczego dosz\u0142o do protestu rolnik\u00f3w w Warszawie. W\u0142a\u015bnie w \u015brod\u0119 rozpoczyna si\u0119 strajk rolnik\u00f3w w Warszawie. Minister rolnictwa, Marek Sawicki bardzo chcia\u0142 si\u0119 z tego wyt\u0142umaczy\u0107, dlatego\u2026 postanowi\u0142 zrobi\u0107 wywiad sam ze sob\u0105 i wykupi\u0142 na jego publikacj\u0119 [&hellip;]","protected":false},"author":1,"featured_media":0,"comment_status":"closed","ping_status":"closed","sticky":false,"template":"","format":"standard","meta":{"_acf_changed":false,"_monsterinsights_skip_tracking":false,"ngg_post_thumbnail":0,"footnotes":"","_wp_rev_ctl_limit":""},"categories":[8],"tags":[92,159,20],"acf":[],"_links":{"self":[{"href":"https:\/\/www.bibula.com\/index.php?rest_route=\/wp\/v2\/posts\/79689"}],"collection":[{"href":"https:\/\/www.bibula.com\/index.php?rest_route=\/wp\/v2\/posts"}],"about":[{"href":"https:\/\/www.bibula.com\/index.php?rest_route=\/wp\/v2\/types\/post"}],"author":[{"embeddable":true,"href":"https:\/\/www.bibula.com\/index.php?rest_route=\/wp\/v2\/users\/1"}],"replies":[{"embeddable":true,"href":"https:\/\/www.bibula.com\/index.php?rest_route=%2Fwp%2Fv2%2Fcomments&post=79689"}],"version-history":[{"count":0,"href":"https:\/\/www.bibula.com\/index.php?rest_route=\/wp\/v2\/posts\/79689\/revisions"}],"wp:attachment":[{"href":"https:\/\/www.bibula.com\/index.php?rest_route=%2Fwp%2Fv2%2Fmedia&parent=79689"}],"wp:term":[{"taxonomy":"category","embeddable":true,"href":"https:\/\/www.bibula.com\/index.php?rest_route=%2Fwp%2Fv2%2Fcategories&post=79689"},{"taxonomy":"post_tag","embeddable":true,"href":"https:\/\/www.bibula.com\/index.php?rest_route=%2Fwp%2Fv2%2Ftags&post=79689"}],"curies":[{"name":"wp","href":"https:\/\/api.w.org\/{rel}","templated":true}]}}