{"id":79591,"date":"2015-02-07T18:51:54","date_gmt":"2015-02-07T23:51:54","guid":{"rendered":"http:\/\/www.bibula.com\/?p=79591"},"modified":"2015-02-07T18:51:54","modified_gmt":"2015-02-07T23:51:54","slug":"prezydent-serbii-tomislaw-nikolic-nie-mozemy-sprzedac-wiary-za-kolacje","status":"publish","type":"post","link":"https:\/\/www.bibula.com\/?p=79591","title":{"rendered":"Prezydent Serbii Tomis\u0142aw Nikoli\u0107: Nie mo\u017cemy \u201esprzeda\u0107 wiary za kolacj\u0119&#8221;"},"content":{"rendered":"<p><em><strong>&#8222;Nie mo\u017cemy sobie pozwoli\u0107 na zepsucie stosunk\u00f3w z Rosj\u0105, s\u0142uchaj\u0105c cudzych polece\u0144. Dlatego, \u017ce niedopuszczalna jest taka sytuacja, kiedy staj\u0105c si\u0119 cz\u0142onkiem jakiej\u015b organizacji, zatracasz samego siebie&#8221;.<\/strong><\/em><\/p>\r\n<p><strong>&#8211; Panie Prezydencie, jak d\u0142ugo, uwzgl\u0119dniaj\u0105c nacisk i wprowadzenie sankcji przeciwko Rosji, Serbii uda si\u0119 zajmowa\u0107 prorosyjskie pozycje?<\/strong><\/p>\r\n<p>&#8211; Nie mamy innej drogi. Nie mo\u017cemy, jak g\u0142osi stare serbsjkie przys\u0142owie, \u201esprzeda\u0107 wiary za kolacj\u0119\u201d. Nie mo\u017cemy sobie pozwoli\u0107 na zepsucie stosunk\u00f3w z Rosj\u0105, s\u0142uchaj\u0105c cudzych polece\u0144. Dlatego, \u017ce niedopuszczalna jest taka sytuacja, kiedy staj\u0105c si\u0119 cz\u0142onkiem jakiej\u015b organizacji, zatracasz samego siebie. I ja nie mog\u0119 zrozumie\u0107 niekt\u00f3rych pa\u0144stw Unii Europejskiej, kt\u00f3re by\u0142y przeciw Gazoci\u0105gowi Po\u0142udniowemu tylko dlatego, \u017ce w Brukseli zdecydowano, \u017ce nie jest on nikomu potrzebny.<\/p>\r\n<p><strong>&#8211; To ci, kt\u00f3rzy ju\u017c mieli Gazoci\u0105g P\u00f3\u0142nocny.<\/strong><\/p>\r\n<p>-Tak, i jeszcze chcieli drugi ruroci\u0105g, \u017ceby si\u0119 zabezpieczy\u0107. Dlaczego milcz\u0105 Francja, W\u0142ochy, Austria, W\u0119gry, Chorwacja, S\u0142owenia, Bu\u0142garia? Co one otrzymaj\u0105 w ramach rekompensaty? A co otrzyma\u0142aby Serbia jako rekompensat\u0119 za utracone pieni\u0105dze w wyniku wprowadzenia sankcji przeciwko Rosji? A ju\u017c odszkodowania za stracony honor nie otrzymaliby\u015bmy nigdy. Nie mo\u017cemy powiedzie\u0107 sobie, patrz\u0105c w lustro, w oczy dzieciom i rodzicom, \u017ce mo\u017cna dosta\u0107 odszkodowanie, kiedy zdradzisz przyjaciela, albo tego, kto nigdy w \u017cyciu na ciebie nie napad\u0142, nawet je\u015bli nie m\u00f3g\u0142 obroni\u0107.<\/p>\r\n<p>Byliby\u015bmy przeciwko swojemu narodowi, jesli przy\u0142\u0105czyliby\u015bmy si\u0119 do sankcji. A je\u015bli nar\u00f3d zmienia swoje pogl\u0105dy? Pami\u0119tam trzy pokolenia rodziny Nikolici\u00f3w &#8211; innego zdania nikt tam nigdy nie mia\u0142. I moje dzieci i wnuki te\u017c nic innego ode mnie nie s\u0142ysza\u0142y. Serbowie przekazuj\u0105 to z pokolenia w pokolenie. Interesuj\u0105cy moment: dosta\u0142em prezent od W\u0142adimira Putina: obraz na kt\u00f3rym przedstawiono bitw\u0119 pod naszym miastem Nisz. To lipiec 1876 roku, Serbowie walcz\u0105 przeciwko Turkom, a g\u0142\u00f3wnodowodz\u0105cy serbsk\u0105 armi\u0105 to rosyjski genera\u0142 Czerniajew. Nasze wi\u0119zi s\u0105 nierozerwalne.<\/p>\r\n<p><strong>&#8211; Serbia przewodniczy w OBWE. Problemy maj\u0105 teraz wszyscy, i Rosja, i Ukraina, i ca\u0142a Europa. Czy od pa\u0144stwa b\u0119d\u0105cego przedstawicielem mo\u017ce zale\u017ce\u0107 rozwi\u0105zanie takich powa\u017cnych problem\u00f3w?<\/strong><\/p>\r\n<p id=\"p_70\">To, co dzieje si\u0119 na Ukrainie to tragedia. To pa\u0144stwo, kt\u00f3remu trzeba da\u0107 mo\u017cliwo\u015b\u0107 \u017cy\u0107 i pracowa\u0107, samemu wybiera\u0107 w\u0142adze. Nie pogr\u0105\u017ca\u0107 sie w tak\u0105 trudn\u0105 sytuacj\u0119, kt\u00f3ra bardzo przypomina rozpad Jugos\u0142awii. Ka\u017cdy, kto d\u0105\u017cy do tego, powinien najpierw popatrze\u0107 na sceny wojen, kt\u00f3re wtedy prowadzili\u015bmy, \u017ceby zrozumie\u0107, \u017ce to do niczego nie prowadzi. Zawsze istnieje inne rozwi\u0105zanie, rozwi\u0105zanie, kt\u00f3re mo\u017cna osi\u0105gn\u0105\u0107 z pomoc\u0105 dialogu.<\/p>\r\n<p id=\"p_80\">W tej chwili wychodzi na to, \u017ce nasi trzej przyjaciele znajduj\u0105 si\u0119 w konflikcie &#8211; Unia Europejska, Ukraina i Rosja. I nie b\u0119dziemy wybiera\u0107, kto jest nam bli\u017cszy, a kto dalszy, albo, nie daj Bo\u017ce, kto jest mniej wrogi, a kto bardziej.<\/p>\r\n<p id=\"p_90\"><strong>&#8211; A czy mo\u017cemy ich pogodzi\u0107, jesli wszyscy oni to nasi przyjaciele?<\/strong><\/p>\r\n<p id=\"p_100\">Mogliby\u015bmy, jesli by nam na to pozwolili, poniewa\u017c jeste\u015bmy niewielkim pa\u0144stwem. Czy pozwol\u0105, \u017ceby niewielkie pa\u0144stwo, nar\u00f3d, kt\u00f3ry tyle prze\u017cy\u0142 i dlatego ma do\u015bwiadczenie, zaj\u0105\u0142 si\u0119 tym? W ka\u017cdym razie, jesli nie pozwol\u0105 i nawet, je\u015bli problem nie zostanie rozwi\u0105zany, to my\u015bl\u0119, \u017ce niezadowolonych z naszego przewodnictwa nie b\u0119dzie.<\/p>\r\n<p id=\"p_110\"><strong>&#8211; Zdaniem niemieckiego pisma Der Spiegel, sytuacja jest teraz gorsza ni\u017c w epoce kryzysu kuba\u0144skiego. Jak ocenia Pan konflikt pomiedzy Rosj\u0105 i USA?<\/strong><\/p>\r\n<p id=\"p_120\">To po prostu stwierdzenie faktu. Spiegel powinien przeanalizowa\u0107 sytuacj\u0119, rozpatrze\u0107 przyczyny. Jeszcze dwa lata temu, szczeg\u00f3lnie w Niemczech, nie mo\u017cna by\u0142o us\u0142ysze\u0107 z\u0142ego s\u0142owa o Rosjanach, dlatego, \u017ce uwa\u017cano, \u017ce w ko\u0144cu stosunki gospodarcze zaprowadz\u0105 pok\u00f3j i wsp\u00f3\u0142prac\u0119 na ca\u0142ej planecie. Kto sprowokowa\u0142 tyle wojen, wojen domowych, fali terroryzmu na ca\u0142ym \u015bwiecie? Kto ni\u00f3s\u0142 sprawiedliwo\u015b\u0107, mierzon\u0105 w\u0142asn\u0105 miar\u0105, nie ogl\u0105daj\u0105c si\u0119 na prawo mi\u0119dzynarodowe, ani na decyzje ONZ? Kto nie cofn\u0105\u0142 si\u0119 przed bombardowaniem Serbii, cho\u0107 nie by\u0142o ani jednego dokumentu, kt\u00f3ry w jakikolwiek spos\u00f3b usprawiedliwia\u0142by to dzia\u0142anie? Sk\u0105d wzi\u0105\u0142 si\u0119 terroryzm na \u015bwiecie, w Afryce? Kto uzbraja\u0142, kto dawa\u0142 bro\u0144&#8230;?<\/p>\r\n<p id=\"p_130\"><strong>&#8211; Wielu uwa\u017ca, \u017ce w tej chwili trwa nie \u201ezimna wojna\u201d, ale prawdziwa&#8230;<\/strong><\/p>\r\n<p id=\"p_140\">&#8211; Niestety, wiele pa\u0144stw znajduje si\u0119 w stanie wojny, w tym i tej, w kt\u00f3rej jest jeszcze trzeci uczestnik &#8211; si\u0142y mi\u0119dzynarodowe, kt\u00f3re pomagaj\u0105 jednej ze stron. Oczywiste, \u017ce gdziekolwiek nie pojawi\u0142by si\u0119 terroryzm, nikt nie ma prawa go wspiera\u0107. Ka\u017cde pa\u0144stwo, jakiekolwiek stosunki by nas nie \u0142\u0105czy\u0142y, nale\u017cy wspiera\u0107 w walce z terroryzmem. Dlatego, \u017ce nie mo\u017cna d\u0142u\u017cej usprawiedliwia\u0107 operacji tym, \u017ce w Iraku by\u0142a bro\u0144 mog\u0105ca zniszczy\u0107 \u015bwiat. Tak by\u0142o w Libii, w Syrii. Bro\u0144, kt\u00f3rej nigdy nie by\u0142o i kt\u00f3rej nigdy nie b\u0119dzie.<span id=\"ctrlcopy\"><\/span><\/p>\r\n<p><span id=\"ctrlcopy\"><strong><em>Ljubinka Milincic<\/em> <\/strong><br \/><\/span><\/p>","protected":false},"excerpt":{"rendered":"&#8222;Nie mo\u017cemy sobie pozwoli\u0107 na zepsucie stosunk\u00f3w z Rosj\u0105, s\u0142uchaj\u0105c cudzych polece\u0144. Dlatego, \u017ce niedopuszczalna jest taka sytuacja, kiedy staj\u0105c si\u0119 cz\u0142onkiem jakiej\u015b organizacji, zatracasz samego siebie&#8221;. &#8211; Panie Prezydencie, jak d\u0142ugo, uwzgl\u0119dniaj\u0105c nacisk i wprowadzenie sankcji przeciwko Rosji, Serbii uda si\u0119 zajmowa\u0107 prorosyjskie pozycje? &#8211; Nie mamy innej drogi. Nie mo\u017cemy, jak g\u0142osi stare [&hellip;]","protected":false},"author":1,"featured_media":0,"comment_status":"closed","ping_status":"closed","sticky":false,"template":"","format":"standard","meta":{"_acf_changed":false,"_monsterinsights_skip_tracking":false,"_monsterinsights_sitenote_active":false,"_monsterinsights_sitenote_note":"","_monsterinsights_sitenote_category":0,"ngg_post_thumbnail":0,"footnotes":"","_wp_rev_ctl_limit":""},"categories":[6],"tags":[141,285],"acf":[],"_links":{"self":[{"href":"https:\/\/www.bibula.com\/index.php?rest_route=\/wp\/v2\/posts\/79591"}],"collection":[{"href":"https:\/\/www.bibula.com\/index.php?rest_route=\/wp\/v2\/posts"}],"about":[{"href":"https:\/\/www.bibula.com\/index.php?rest_route=\/wp\/v2\/types\/post"}],"author":[{"embeddable":true,"href":"https:\/\/www.bibula.com\/index.php?rest_route=\/wp\/v2\/users\/1"}],"replies":[{"embeddable":true,"href":"https:\/\/www.bibula.com\/index.php?rest_route=%2Fwp%2Fv2%2Fcomments&post=79591"}],"version-history":[{"count":0,"href":"https:\/\/www.bibula.com\/index.php?rest_route=\/wp\/v2\/posts\/79591\/revisions"}],"wp:attachment":[{"href":"https:\/\/www.bibula.com\/index.php?rest_route=%2Fwp%2Fv2%2Fmedia&parent=79591"}],"wp:term":[{"taxonomy":"category","embeddable":true,"href":"https:\/\/www.bibula.com\/index.php?rest_route=%2Fwp%2Fv2%2Fcategories&post=79591"},{"taxonomy":"post_tag","embeddable":true,"href":"https:\/\/www.bibula.com\/index.php?rest_route=%2Fwp%2Fv2%2Ftags&post=79591"}],"curies":[{"name":"wp","href":"https:\/\/api.w.org\/{rel}","templated":true}]}}