{"id":7958,"date":"2009-03-23T10:23:32","date_gmt":"2009-03-23T15:23:32","guid":{"rendered":"http:\/\/www.bibula.com\/?p=7958"},"modified":"2009-03-23T10:23:32","modified_gmt":"2009-03-23T15:23:32","slug":"ofiary-fritzla-beda-go-utrzymywac","status":"publish","type":"post","link":"https:\/\/www.bibula.com\/?p=7958","title":{"rendered":"Ofiary Fritzla b\u0119d\u0105 go utrzymywa\u0107!"},"content":{"rendered":"<p>Proces Josefa Fritzla przeprowadzony zosta\u0142 sprawnie. W Polsce trwa\u0142by pewnie cztery, pi\u0119\u0107 lat &#8211; powiedzia\u0142 NCz! Bogdan Borkowski, adwokat rodziny Krzysztofa Olewnika. Po skazaniu Fritzla na do\u017cywocie w zak\u0142adzie psychiatrycznym okaza\u0142o si\u0119, \u017ce to \u201epotw\u00f3r z Amstetten\u201d jest ofiar\u0105.<\/p>\r\n\r\n<p>&#8211; Fritzl to ofiara bardzo silnych wewn\u0119trznych nacisk\u00f3w swej chorej osobowo\u015bci. Nikt z nas nie jest pewien, co by by\u0142o, gdyby\u015bmy sami byli tak chorzy &#8211; broni\u0142a gwa\u0142ciciela Halina Bortnowska z Helsi\u0144skiej Fundacji Praw Cz\u0142owieka, dodaj\u0105c, \u017ce na szcz\u0119\u015bcie postulaty ludzi domagaj\u0105cych si\u0119 kary \u015bmierci nie zosta\u0142y zrealizowane. &#8211; Kara \u015bmierci jest niegodna nowoczesnego spo\u0142ecze\u0144stwa, kt\u00f3re jest oparte na fundamencie, jakim s\u0105 niezbywalne prawa cz\u0142owieka, w tym prawo do \u017cycia &#8211; skwitowa\u0142a Bortnowska.<\/p>\r\n\r\n<p>Nikt nie zauwa\u017cy\u0142 jednak, \u017ce przez 24 lata gwa\u0142cona c\u00f3rka i dzieci sp\u0142odzone w wyniku gwa\u0142tu przez d\u0142ugie lata b\u0119d\u0105 musia\u0142y pracowa\u0107 i utrzymywa\u0107 swojego oprawc\u0119, bo przecie\u017c wikt i opierunek zapewni mu pa\u0144stwo z podatk\u00f3w! Fritzl przez 24 lata wi\u0119zi\u0142 c\u00f3rk\u0119 w zbudowanej pod domem kryj\u00f3wce w piwnicy, gwa\u0142ci\u0142 j\u0105 i sta\u0142 si\u0119 ojcem siedmiorga jej dzieci. Jedno z nich zmar\u0142o wkr\u00f3tce po urodzeniu z braku pomocy lekarskiej.<\/p>\r\n\r\n<p>Wielu ludzi wyda\u0142oby na Fritzla jeden wyrok: kar\u0119 \u015bmierci. Inni zamieniliby ten wyrok na prac\u0119 w kamienio\u0142omach. Tymczasem zbrodniarz z Amstetten zosta\u0142 skazany na do\u017cywocie, kt\u00f3re w praktyce oznacza, \u017ce b\u0119dzie m\u00f3g\u0142 wyj\u015b\u0107 na wolno\u015b\u0107 po 15 latach! &#8211; 15 lat odbytego wyroku to standard europejski, je\u015bli chodzi o przedterminowe zwolnienie &#8211; t\u0142umaczy\u0142 prof. Zbigniew Ho\u0142da z Uniwersytetu Jagiello\u0144skiego.<\/p>\r\n\r\n<p>Zatem przez 15 lat na Fritzla b\u0119d\u0105 \u0142o\u017cy\u0107 podatnicy (w tym jego ofiary!), a je\u015bli do\u017cyje on s\u0119dziwego wieku, wyjdzie na wolno\u015b\u0107 skonsumowa\u0107 g\u00f3r\u0119 pieni\u0119dzy, jakie bez w\u0105tpienia zarobi, je\u015bli wpadnie na pomys\u0142 napisania ksi\u0105zki\u2026<\/p>\r\n\r\n<p>Na koniec trzy cytaty za \u015bw. Tomaszem:<\/p>\r\n\r\n\r\n<ul>\r\n\t\t<li>\u201e\u015amier\u0107 na\u0142o\u017cona za winy usuwa ca\u0142\u0105 nale\u017cn\u0105 kar\u0119 za winy w tamtym \u017cyciu albo cz\u0119\u015b\u0107 kary wed\u0142ug ilo\u015bci winy, cierpliwo\u015bci i skruchy &#8211; nie za\u015b \u015bmier\u0107 naturalna\u201d. <strong>\u015bw. Tomasz z Akwinu<\/strong><\/li>\r\n\t\t<li>\u201eJe\u017celi zdrowie ca\u0142ego cia\u0142a wymaga usuni\u0119cia jednego z jego cz\u0142onk\u00f3w, ze wzgl\u0119du na jego zepsucie lub zara\u017aliwy wp\u0142yw na inne cz\u0142onki, to b\u0119dzie zar\u00f3wno godnym pochwa\u0142y, jak i korzystnym jego odci\u0119cie. Ale ka\u017cd\u0105 osob\u0119 mo\u017cna odnie\u015b\u0107 do ca\u0142ej spo\u0142eczno\u015bci jako cz\u0119\u015b\u0107 ca\u0142o\u015bci. Dlatego je\u015bli jaki\u015b cz\u0142owiek jest niebezpieczny lub zara\u017aliwy dla spo\u0142eczno\u015bci, z uwagi na sw\u00f3j grzech, godnym pochwa\u0142y i korzystnym b\u0119dzie pozbawienie go \u017cycia, w celu ochrony wsp\u00f3lnego dobra, gdy\u017c odrobina kwasu ca\u0142e ciasto zakwasza\u201d. <strong>\u015bw. Tomasz z Akwinu<\/strong><\/li>\r\n\t\t<li>\u201eFakt, i\u017c nikczemnicy, p\u00f3ki \u017cyj\u0105, mog\u0105 si\u0119 nawr\u00f3ci\u0107, nie wyklucza mo\u017cliwo\u015bci sprawiedliwego wykonania na nich kary \u015bmierci, poniewa\u017c niebezpiecze\u0144stwo zagra\u017caj\u0105ce spo\u0142eczno\u015bci z faktu pozostawienia ich przy \u017cyciu jest wi\u0119ksze i pewniejsze ni\u017c dobro oczekiwane z ich nawr\u00f3cenia. Ponadto w godzin\u0119 \u015bmierci maj\u0105 oni wszelkie \u015brodki konieczne do nawr\u00f3cenia si\u0119 do Boga poprzez akt \u017calu\u201d. <strong>\u015bw. Tomasz z Akwinu<\/strong><\/li>\r\n<\/ul>\r\n\r\n\r\n<p><strong><em>Robert Wit Wyrostkiewicz<\/em><\/strong><\/p>\r\n\r\n<p><br class=\"spacer_\" \/><\/p>\r\n\r\n\r\n<blockquote><p>Najwy\u017cszy Czas! pisa\u0142:<\/p>\r\n\r\n\r\n<ul>\r\n\t\t<li>Kr\u00f3tki artyku\u0142 &#8222;<a href=\"http:\/\/nczas.com\/wiadomosci\/europa\/luksusowe-wiezienie-dla-fritzla\/\">Luksusowe wi\u0119zienie dla Fritzla<\/a>&#8222;: W wi\u0119zienie w Garsten zbrodniarze mog\u0105 uczy\u0107 si\u0119 obcych j\u0119zyk\u00f3w, \u015bpiewa\u0107 w ch\u00f3rze oraz trenowa\u0107 na si\u0142owni (<a href=\"http:\/\/nczas.com\/wiadomosci\/europa\/luksusowe-wiezienie-dla-fritzla\/\">czytaj dalej<\/a>).<\/li>\r\n<\/ul>\r\n<ul>\r\n\t\t<li>Przypominamy r\u00f3wnie\u017c dwie ilustrowane wiadomo\u015bci. Pierwsza (22.02.08) pokazuje, \u017ce w niekt\u00f3rych krajach Europy warto by\u0107 kryminalist\u0105\u2026 Zw\u0142aszcza je\u015bli wywodz\u0105cy si\u0119 z nizin spo\u0142ecznych przest\u0119pca trafi do jednego z norweskich zak\u0142ad\u00f3w karnych (dla kryminalist\u00f3w tzw. &#8222;\u015bredniego kalibru\u201d). <a href=\"http:\/\/nczas.com\/europa\/luskusowe-wiezienie-europa-niewiescieje-zdjecia\/\">Kliknij tutaj, aby przeczyta\u0107 wiadomo\u015b\u0107 oraz komentarze<\/a>.<\/li>\r\n<\/ul>\r\n<div id=\"ngg-gallery-31\" class=\"ngg-galleryoverview\"><\/div>\r\n<ul>\r\n\t\t<li>W artykule &#8222;<a href=\"http:\/\/nczas.com\/wiadomosci\/europa\/piecogwiazdkowe-wiezienie-europa-niewiescieje-ciag-dalszy\/\">Pi\u0119ciogwiazdkowe wi\u0119zienie. Europa niewie\u015bcieje? (ci\u0105g dalszy)<\/a>\u201d poci\u0105gn\u0119li\u015bmy kwesti\u0119 &#8222;hotelowego wi\u0119ziennictwa\u201d (<a href=\"http:\/\/nczas.com\/wiadomosci\/europa\/piecogwiazdkowe-wiezienie-europa-niewiescieje-ciag-dalszy\/\">artyku\u0142 wraz z komentarzami dost\u0119pny tutaj<\/a>). Poni\u017cej przypominamy zdj\u0119cia ilustruj\u0105ce rzeczon\u0105 wiadomo\u015b\u0107 z o\u015brodka karnego w Austrii\u2026<\/li>\r\n<\/ul>\r\n<\/blockquote>\r\n\r\n\r\n<p>Za: <a href=\"http:\/\/nczas.com\/publicystyka\/ofiary-fritzla-beda-go-utrzymywac\/\" target=\"_blank\">Najwy\u017cszy Czas!<\/a><br \/>\r\n &#8222;Ofiary Fritzla b\u0119d\u0105 go utrzymywa\u0107!<\/p>\r\n\r\n<p><br class=\"spacer_\" \/><\/p>\r\n\r\n<p>ZOB. R\u00d3WNIE\u017b:<\/p>\r\n\r\n\r\n<ul>\r\n\t\t<li><a href=\"http:\/\/www.bibula.com\/?p=3\" target=\"_blank\"><strong>Kara \u015bmierci dla morderc\u00f3w! &#8211; celowa, sprawiedliwa, konieczna, skuteczna<\/strong><\/a><\/li>\r\n<\/ul>","protected":false},"excerpt":{"rendered":"Proces Josefa Fritzla przeprowadzony zosta\u0142 sprawnie. W Polsce trwa\u0142by pewnie cztery, pi\u0119\u0107 lat &#8211; powiedzia\u0142 NCz! Bogdan Borkowski, adwokat rodziny Krzysztofa Olewnika. Po skazaniu Fritzla na do\u017cywocie w zak\u0142adzie psychiatrycznym okaza\u0142o si\u0119, \u017ce to \u201epotw\u00f3r z Amstetten\u201d jest ofiar\u0105. &#8211; Fritzl to ofiara bardzo silnych wewn\u0119trznych nacisk\u00f3w swej chorej osobowo\u015bci. Nikt z nas nie jest [&hellip;]","protected":false},"author":1,"featured_media":0,"comment_status":"closed","ping_status":"closed","sticky":false,"template":"","format":"standard","meta":{"_acf_changed":false,"_monsterinsights_skip_tracking":false,"_monsterinsights_sitenote_active":false,"_monsterinsights_sitenote_note":"","_monsterinsights_sitenote_category":0,"ngg_post_thumbnail":0,"footnotes":"","_wp_rev_ctl_limit":""},"categories":[6],"tags":[23],"acf":[],"_links":{"self":[{"href":"https:\/\/www.bibula.com\/index.php?rest_route=\/wp\/v2\/posts\/7958"}],"collection":[{"href":"https:\/\/www.bibula.com\/index.php?rest_route=\/wp\/v2\/posts"}],"about":[{"href":"https:\/\/www.bibula.com\/index.php?rest_route=\/wp\/v2\/types\/post"}],"author":[{"embeddable":true,"href":"https:\/\/www.bibula.com\/index.php?rest_route=\/wp\/v2\/users\/1"}],"replies":[{"embeddable":true,"href":"https:\/\/www.bibula.com\/index.php?rest_route=%2Fwp%2Fv2%2Fcomments&post=7958"}],"version-history":[{"count":0,"href":"https:\/\/www.bibula.com\/index.php?rest_route=\/wp\/v2\/posts\/7958\/revisions"}],"wp:attachment":[{"href":"https:\/\/www.bibula.com\/index.php?rest_route=%2Fwp%2Fv2%2Fmedia&parent=7958"}],"wp:term":[{"taxonomy":"category","embeddable":true,"href":"https:\/\/www.bibula.com\/index.php?rest_route=%2Fwp%2Fv2%2Fcategories&post=7958"},{"taxonomy":"post_tag","embeddable":true,"href":"https:\/\/www.bibula.com\/index.php?rest_route=%2Fwp%2Fv2%2Ftags&post=7958"}],"curies":[{"name":"wp","href":"https:\/\/api.w.org\/{rel}","templated":true}]}}