{"id":7955,"date":"2009-03-23T09:27:37","date_gmt":"2009-03-23T14:27:37","guid":{"rendered":"http:\/\/www.bibula.com\/?p=7955"},"modified":"2009-03-23T09:27:37","modified_gmt":"2009-03-23T14:27:37","slug":"diecezja-wloclawska-codzienna-modlitwa-do-sw-michala-archaniola","status":"publish","type":"post","link":"https:\/\/www.bibula.com\/?p=7955","title":{"rendered":"Diecezja w\u0142oc\u0142awska: codzienna modlitwa do \u015bw. Micha\u0142a Archanio\u0142a"},"content":{"rendered":"<p><strong>W uroczysto\u015b\u0107 \u015bw. J\u00f3zefa, patrona Ko\u015bcio\u0142a powszechnego i diecezji w\u0142oc\u0142awskiej, bp Wies\u0142aw Mering, podczas uroczystej Eucharystii sprawowanej w Osi\u0119cinach zapowiedzia\u0142 wprowadzenie codziennej modlitwy do \u015bw. Micha\u0142a Archanio\u0142a w parafiach diecezji.<\/strong><br \/>\r\n <br \/>\r\n &#8211; <em>Zwr\u00f3c\u0119 si\u0119 w najbli\u017cszych dniach do kap\u0142an\u00f3w diecezji w\u0142oc\u0142awskiej z zaleceniem, by w ka\u017cdej parafii, po sprawowanej Mszy \u015bw. odm\u00f3wiona zosta\u0142a modlitwa, tak bardzo zakorzeniona w tradycji Ko\u015bcio\u0142a, do \u015bw. Micha\u0142a Archanio\u0142a<\/em> &#8211; powiedzia\u0142 biskup w\u0142oc\u0142awski. <br \/>\r\n <br \/>\r\n Jak t\u0142umaczy\u0142, dzi\u015b w \u017cyciu ludzi wierz\u0105cych, w rodzinach katolickich, w\u015br\u00f3d ludzi Ko\u015bcio\u0142a, wkrada si\u0119 coraz wi\u0119kszy zam\u0119t, obserwuje si\u0119 odej\u015bcie od zasad wyznawanej wiary i sprzeniewierzenie nauce Ko\u015bcio\u0142a. Zapominamy, \u017ce zam\u0119t i grzech maj\u0105 swojego autora, z\u0142ego ducha, kt\u00f3ry dzia\u0142a i mami pozorami szcz\u0119\u015bcia, pr\u00f3buj\u0105c niszczy\u0107 Ko\u015bci\u00f3\u0142 i odwr\u00f3ci\u0107 cz\u0142owieka od Chrystusa. Dlatego potrzeba modlitwy o uchronienie Ko\u015bcio\u0142a od zgubnego dzia\u0142ania szatana, kt\u00f3ry chce rozbi\u0107 jego jedno\u015b\u0107. Ta modlitwa, znana przez wieki i otaczaj\u0105ca pancerzem ochronnym Ko\u015bci\u00f3\u0142, dzi\u015b wydaje si\u0119 potrzebna bardziej ni\u017c kiedykolwiek, doda\u0142 biskup w\u0142oc\u0142awski.<br \/>\r\n <br \/>\r\n <span><span>Specjaln\u0105 modlitw\u0119 do \u015bw. Micha\u0142a Archanio\u0142a napisa\u0142 papie\u017c Leon XIII pod wp\u0142ywem przera\u017caj\u0105cego widzenia demon\u00f3w, kt\u00f3re gromadzi\u0142y si\u0119 nad Wiecznym Miastem, aby je osaczy\u0107. Sta\u0142o si\u0119 to 29 lipca 1886 r. Nast\u0119pnie Ojciec \u015awi\u0119ty poleci\u0142 Sekretarzowi Kongregacji Obrz\u0119d\u00f3w rozes\u0142a\u0107 j\u0105 do wszystkich Ordynariuszy \u015bwiata, aby kap\u0142ani odmawiali j\u0105 wraz z wiernymi, kl\u0119cz\u0105c, po ka\u017cdej tzw. Mszy \u015bw, cichej, tzn. nie \u015bpiewanej. Inwokacj\u0119 do \u015bw. Micha\u0142a Archanio\u0142a poprzedza\u0142y modlitwy do Matki Bo\u017cej<br \/>\r\n <br \/>\r\n Sob\u00f3r Watyka\u0144ski II, dokonuj\u0105c reformy liturgicznej, zni\u00f3s\u0142 modlitwy wprowadzone przez papie\u017ca Leona XIII.<br \/>\r\n <br \/>\r\n \u0179r\u00f3d\u0142o: KAI\/Katolik.pl<\/span><\/span><\/p>\r\n\r\n<p>Za: <a href=\"http:\/\/www.piotrskarga.pl\/ps,3293,2,0,1,I,informacje.html\" target=\"_blank\">PiotrSkarga.pl<\/a><\/p>","protected":false},"excerpt":{"rendered":"W uroczysto\u015b\u0107 \u015bw. J\u00f3zefa, patrona Ko\u015bcio\u0142a powszechnego i diecezji w\u0142oc\u0142awskiej, bp Wies\u0142aw Mering, podczas uroczystej Eucharystii sprawowanej w Osi\u0119cinach zapowiedzia\u0142 wprowadzenie codziennej modlitwy do \u015bw. Micha\u0142a Archanio\u0142a w parafiach diecezji. &#8211; Zwr\u00f3c\u0119 si\u0119 w najbli\u017cszych dniach do kap\u0142an\u00f3w diecezji w\u0142oc\u0142awskiej z zaleceniem, by w ka\u017cdej parafii, po sprawowanej Mszy \u015bw. odm\u00f3wiona zosta\u0142a modlitwa, tak bardzo [&hellip;]","protected":false},"author":1,"featured_media":0,"comment_status":"closed","ping_status":"closed","sticky":false,"template":"","format":"standard","meta":{"_acf_changed":false,"_monsterinsights_skip_tracking":false,"_monsterinsights_sitenote_active":false,"_monsterinsights_sitenote_note":"","_monsterinsights_sitenote_category":0,"ngg_post_thumbnail":0,"footnotes":"","_wp_rev_ctl_limit":""},"categories":[5],"tags":[],"acf":[],"_links":{"self":[{"href":"https:\/\/www.bibula.com\/index.php?rest_route=\/wp\/v2\/posts\/7955"}],"collection":[{"href":"https:\/\/www.bibula.com\/index.php?rest_route=\/wp\/v2\/posts"}],"about":[{"href":"https:\/\/www.bibula.com\/index.php?rest_route=\/wp\/v2\/types\/post"}],"author":[{"embeddable":true,"href":"https:\/\/www.bibula.com\/index.php?rest_route=\/wp\/v2\/users\/1"}],"replies":[{"embeddable":true,"href":"https:\/\/www.bibula.com\/index.php?rest_route=%2Fwp%2Fv2%2Fcomments&post=7955"}],"version-history":[{"count":0,"href":"https:\/\/www.bibula.com\/index.php?rest_route=\/wp\/v2\/posts\/7955\/revisions"}],"wp:attachment":[{"href":"https:\/\/www.bibula.com\/index.php?rest_route=%2Fwp%2Fv2%2Fmedia&parent=7955"}],"wp:term":[{"taxonomy":"category","embeddable":true,"href":"https:\/\/www.bibula.com\/index.php?rest_route=%2Fwp%2Fv2%2Fcategories&post=7955"},{"taxonomy":"post_tag","embeddable":true,"href":"https:\/\/www.bibula.com\/index.php?rest_route=%2Fwp%2Fv2%2Ftags&post=7955"}],"curies":[{"name":"wp","href":"https:\/\/api.w.org\/{rel}","templated":true}]}}