{"id":79518,"date":"2015-02-05T08:45:00","date_gmt":"2015-02-05T13:45:00","guid":{"rendered":"http:\/\/www.bibula.com\/?p=79518"},"modified":"2020-09-23T19:55:55","modified_gmt":"2020-09-23T23:55:55","slug":"viktor-orban-opowiedzial-sie-za-scisla-wspolpraca-z-rosja","status":"publish","type":"post","link":"https:\/\/www.bibula.com\/?p=79518","title":{"rendered":"Viktor Orban opowiedzia\u0142 si\u0119 za \u015bcis\u0142\u0105 wsp\u00f3\u0142prac\u0105 z Rosj\u0105"},"content":{"rendered":"<p>P<strong>remier W\u0119gier Viktor Orban opowiedzia\u0142 si\u0119 na \u0142amach niemieckiego dziennika &#8222;Frankfurter Allgemeine Zeitung&#8221; za \u015bcis\u0142\u0105 wsp\u00f3\u0142prac\u0105 z Rosj\u0105 w zakresie energetyki i gospodarki, niezale\u017cnie od obecnych konflikt\u00f3w &#8211; podaje Polska Agencja Prasowa.<\/strong><\/p>\r\n<div class=\"cut1\">[&#8230;] <span class=\"podpis_sz\">Ca\u0142y tekst dost\u0119pny w materiale \u017ar\u00f3d\u0142owym<\/span><\/div>\r\n<p>onet.pl \/ Kresy.pl<\/p>","protected":false},"excerpt":{"rendered":"Premier W\u0119gier Viktor Orban opowiedzia\u0142 si\u0119 na \u0142amach niemieckiego dziennika &#8222;Frankfurter Allgemeine Zeitung&#8221; za \u015bcis\u0142\u0105 wsp\u00f3\u0142prac\u0105 z Rosj\u0105 w zakresie energetyki i gospodarki, niezale\u017cnie od obecnych konflikt\u00f3w &#8211; podaje Polska Agencja Prasowa. [&#8230;] Ca\u0142y tekst dost\u0119pny w materiale \u017ar\u00f3d\u0142owym onet.pl \/ Kresy.pl","protected":false},"author":1,"featured_media":0,"comment_status":"closed","ping_status":"closed","sticky":false,"template":"","format":"standard","meta":{"_acf_changed":false,"_monsterinsights_skip_tracking":false,"_monsterinsights_sitenote_active":false,"_monsterinsights_sitenote_note":"","_monsterinsights_sitenote_category":0,"ngg_post_thumbnail":0,"footnotes":"","_wp_rev_ctl_limit":""},"categories":[6],"tags":[448,179,141],"acf":[],"_links":{"self":[{"href":"https:\/\/www.bibula.com\/index.php?rest_route=\/wp\/v2\/posts\/79518"}],"collection":[{"href":"https:\/\/www.bibula.com\/index.php?rest_route=\/wp\/v2\/posts"}],"about":[{"href":"https:\/\/www.bibula.com\/index.php?rest_route=\/wp\/v2\/types\/post"}],"author":[{"embeddable":true,"href":"https:\/\/www.bibula.com\/index.php?rest_route=\/wp\/v2\/users\/1"}],"replies":[{"embeddable":true,"href":"https:\/\/www.bibula.com\/index.php?rest_route=%2Fwp%2Fv2%2Fcomments&post=79518"}],"version-history":[{"count":1,"href":"https:\/\/www.bibula.com\/index.php?rest_route=\/wp\/v2\/posts\/79518\/revisions"}],"predecessor-version":[{"id":118811,"href":"https:\/\/www.bibula.com\/index.php?rest_route=\/wp\/v2\/posts\/79518\/revisions\/118811"}],"wp:attachment":[{"href":"https:\/\/www.bibula.com\/index.php?rest_route=%2Fwp%2Fv2%2Fmedia&parent=79518"}],"wp:term":[{"taxonomy":"category","embeddable":true,"href":"https:\/\/www.bibula.com\/index.php?rest_route=%2Fwp%2Fv2%2Fcategories&post=79518"},{"taxonomy":"post_tag","embeddable":true,"href":"https:\/\/www.bibula.com\/index.php?rest_route=%2Fwp%2Fv2%2Ftags&post=79518"}],"curies":[{"name":"wp","href":"https:\/\/api.w.org\/{rel}","templated":true}]}}