{"id":79321,"date":"2015-01-25T15:46:05","date_gmt":"2015-01-25T20:46:05","guid":{"rendered":"http:\/\/www.bibula.com\/?p=79321"},"modified":"2015-01-25T15:46:05","modified_gmt":"2015-01-25T20:46:05","slug":"nikt-nie-wyzwalal-auschwitz-i-birkenau-oswiadczenie-sp-pplk-kazimierza-kemmera","status":"publish","type":"post","link":"https:\/\/www.bibula.com\/?p=79321","title":{"rendered":"Nikt nie wyzwala\u0142 Auschwitz i Birkenau! &#8211; <em>O\u015bwiadczenie \u015bp. pp\u0142k Kazimierza Kemmera<\/em>"},"content":{"rendered":"<p><strong>Mo\u017ce trzeba to wreszcie g\u0142o\u015bno powiedzie\u0107 za \u015bp. pp\u0142k Kazimierzem Kemmerem: \u201eNikt nie wyzwoli\u0142 ani oboz\u00f3w, ani ich wi\u0119\u017ani\u00f3w. (\u2026) Mo\u017cna m\u00f3wi\u0107 jedynie o wkroczeniu \u017co\u0142nierzy Armii Czerwonej do opuszczonych przez Niemc\u00f3w fabryk \u015bmierci\u201d.<\/strong><\/p>\r\n<p>Rosjanie chc\u0105 przeprosin za s\u0142owa Grzegorza Schetyny, \u017ce to pierwszy front ukrai\u0144ski i \u017co\u0142nierze ukrai\u0144scy otwierali bramy i wyzwalali ob\u00f3z zag\u0142ady w Auschwitz-Birkenau.<\/p>\r\n<p>\u201eBy\u0142o to uderzenie w nasz\u0105 narodow\u0105 to\u017csamo\u015b\u0107,\u00a0histori\u0119\u201d-\u00a0o\u015bwiadczy\u0142a reczniczka\u00a0MSZ\u00a0Rosji Maria Zacharowa.<\/p>\r\n<p>W Rosji rozp\u0119ta\u0142a si\u0119 po s\u0142owach szefa polskiego MSZ prawdziwa burza. Ca\u0142y nadawany na \u017cywo w pa\u0144stwowym Kanale 1 program publicystyczny \u201eWremia poka\u017cet\u201d (\u201eCzas poka\u017ce\u201d) by\u0142 niemal w ca\u0142o\u015bci po\u015bwi\u0119cony wypowiedzi Schetyny. W programie uczestniczyli, opr\u00f3cz rzeczniczki rosyjskiego MSZ, rosyjscy politycy, politolodzy,\u00a0historycy\u00a0i\u00a0dziennikarze. M\u00f3wili\u00a0o zak\u0142amywaniu historii, rewidowaniu wynik\u00f3w\u00a0II\u00a0wojny \u015bwiatowej, podwa\u017caniu warto\u015bci duchowych Rosjan,\u00a0a nawet\u00a0o pr\u00f3bie doprowadzenia\u00a0do zmiany\u00a0w\u0142adzy\u00a0w\u00a0Rosji.<\/p>\r\n<p>Po stronie polskiej te\u017c odezwa\u0142y si\u0119 wszelkiej ma\u015bci autorytety, ale nikt nie o\u015bmieli\u0142 si\u0119 przywo\u0142a\u0107 tego, co mia\u0142 do powiedzenia na temat \u201ewyzwalania\u201d Auschwitz i Birkenau przez Armi\u0119 Czerown\u0105 \u015bp. pp\u0142k Kazimierz Kemmer, \u00a0ps. Kruk, Halny, wieloletni prezes Fundacji Muzeum Historii Armii Krajowej oraz wiceprzewodnicz\u0105cy Rady Muzeum Armii Krajowej w Krakowie im. Genera\u0142a Emila Fieldorfa \u201eNila\u201d.<\/p>\r\n<p>W 2005 roku pp\u0142k Kemmer napisa\u0142 w tej sprawie o\u015bwiadczenie. Publikujemy je za archiwalnym wydaniem tygodnika \u201eNiedziela\u201d)<\/p>\r\n<blockquote>\r\n<h2><strong>Nikt nie wyzwala\u0142 Auschwitz i Birkenau<\/strong><\/h2>\r\n<p><em>27 stycznia 2005 r. z ca\u0142ego \u015bwiata przyby\u0142y do O\u015bwi\u0119cimia delegacje tych, kt\u00f3rym los pozwoli\u0142 prze\u017cy\u0107 piek\u0142o oboz\u00f3w koncentracyjnych Auschwitz i Birkenau. Lansowane przez media has\u0142o: 60. rocznica wyzwolenia oboz\u00f3w wywo\u0142a\u0142o w\u015br\u00f3d nich nie\u015bmia\u0142e uwagi, ale nikt nie powa\u017cy\u0142 si\u0119 w\u00f3wczas, w podnios\u0142ej atmosferze uroczysto\u015bci, na g\u0142o\u015bny protest co do fa\u0142szywego okre\u015blenia \u201ewyzwolenie\u201d. A przecie\u017c jest to ewidentna nieprawda, jako \u017ce nikt nie wyzwoli\u0142 przed 60 laty ani oboz\u00f3w, ani ich wi\u0119\u017ani\u00f3w. Mo\u017cna m\u00f3wi\u0107 jedynie o wkroczeniu \u017co\u0142nierzy Armii Czerwonej do opuszczonych przez Niemc\u00f3w fabryk \u015bmierci.\u00a0<\/em><br \/> <em> Zastanawia nas, komu zale\u017cy na tym, aby ta sama propaganda, kt\u00f3r\u0105 komuni\u015bci karmili polskie spo\u0142ecze\u0144stwo przez 44 powojenne lata, by\u0142a kontynuowana w niepodleg\u0142ej Rzeczypospolitej. Kto odpowiada za to, \u017ce nasza historia jest nadal interpretowana pod k\u0105tem potrzeb i interes\u00f3w innego pa\u0144stwa?\u00a0<\/em><br \/> <em> Najwy\u017cszy czas przedstawi\u0107 prawd\u0119 o tamtych wydarzeniach zgodnie ze \u015bwiadectwem \u017cyj\u0105cych jeszcze wi\u0119\u017ani\u00f3w i ustaleniami naukowc\u00f3w.\u00a0<\/em><br \/> <em> Ostatnie apele odby\u0142y si\u0119 w obozach Auschwitz i Birkenau 17 stycznia 1945 r. Nast\u0119pnego dnia sformowani w kolumny wi\u0119\u017aniowie opu\u015bcili &#8211; eskortowani przez za\u0142og\u0119 SS &#8211; teren obu oboz\u00f3w w ramach ich planowanej ewakuacji. Wieczorem 18 stycznia nieliczni pozostali w obozach wi\u0119\u017aniowie byli ju\u017c wolni.\u00a0<\/em><br \/> <em> Min\u0119\u0142o d\u0142ugich 9 dni, gdy 27 stycznia do Auschwitz i Birkenau wkroczy\u0142y pierwsze oddzia\u0142y Armii Czerwonej. Nie mo\u017ce by\u0107 wi\u0119c mowy o \u017cadnym wyzwoleniu oboz\u00f3w.\u00a0<\/em><br \/> <em> Oburzaj\u0105cym gestem by\u0142o w tej sytuacji wr\u0119czenie przez prezydenta Aleksandra Kwa\u015bniewskiego na r\u0119ce prezydenta W\u0142adimira Putina medalu dla upami\u0119tnienia tych, kt\u00f3rzy zgin\u0119li przy uwolnieniu oboz\u00f3w. Odbieramy to jako kpin\u0119 z historii, a w szczeg\u00f3lno\u015bci z wi\u0119\u017ani\u00f3w, kt\u00f3rzy prze\u017cyli i mog\u0105 \u015bwiadczy\u0107 prawd\u0119 o zdarzeniach ze stycznia 1945 r.\u00a0<\/em><br \/> <em> Fa\u0142sz o rzekomym wyzwoleniu Auschwitz i Birkenau przez Armi\u0119 Czerwon\u0105 jest szeroko kolportowany na ca\u0142y \u015bwiat. Trzeba po\u0142o\u017cy\u0107 temu kres. Polska &#8211; jako suwerenny kraj &#8211; powinna sama pisa\u0107 swoj\u0105 histori\u0119 bez wzgl\u0119du na aktualne polityczne uwarunkowania, nie pozwalaj\u0105c nikomu na jej zniekszta\u0142canie.<\/em><\/p>\r\n<p><strong><em>Kazimierz Kemmer<\/em><\/strong><\/p>\r\n<p><em>Przewodnicz\u0105cy Rady Porozumienia Organizacji Kombatanckich i Niepodleg\u0142o\u015bciowych w Krakowie<\/em><\/p>\r\n<\/blockquote>\r\n<p>Podpu\u0142kownik Kazimierz Kemmer ps. Kruk, Halny, wieloletni prezes Fundacji Muzeum Historii Armii Krajowej oraz wiceprzewodnicz\u0105cy Rady Muzeum Armii Krajowej w Krakowie im. Genera\u0142a Emila Fieldorfa \u201eNila\u201d, zmar\u0142 w Krakowie w wieku 91 lat 23 czerwca 2014 r.<\/p>\r\n<p><a href=\"http:\/\/kresy24.pl\/wp-content\/uploads\/2015\/01\/kazimierz-kemmer.jpg\"><img decoding=\"async\" class=\"alignleft size-thumbnail wp-image-62987\" style=\"border: 0px none; margin: 10px;\" src=\"http:\/\/kresy24.pl\/wp-content\/uploads\/2015\/01\/kazimierz-kemmer-250x188.jpg\" alt=\"kazimierz-kemmer\" width=\"250\" height=\"188\" align=\"left\" \/><\/a>Urodzi\u0142 si\u0119 21 czerwca 1923 r. w Zamku ko\u0142o Lwowa. W czasie okupacji ucz\u0119szcza\u0142 na tajne komplety. W konspiracji s\u0142u\u017cy\u0142 w Szarych Szeregach. W maju 1940 r. zosta\u0142 przyj\u0119ty do Sztafety Konspiracyjnej ZWZ-AK. Uko\u0144czy\u0142 Szko\u0142\u0119 Podchor\u0105\u017cych w D\u0119bicy. By\u0142 adiutantem dow\u00f3dcy plac\u00f3wki \u201eDzia\u0142o\u201d w Obwodzie D\u0119bica \u201eDeser\u201d. Wyk\u0142ada\u0142 minerstwo w Szkole Podoficerskiej; by\u0142 zwi\u0105zany z wywiadem lotniczym poligonu do\u015bwiadczalnego V-2 Blizna-Kochan\u00f3wka. Bra\u0142 udzia\u0142 w organizowaniu dywersji i w walkach partyzanckich w szeregach 5. pu\u0142ku strzelc\u00f3w konnych AK.<\/p>\r\n<p>W czasie akcji \u201eBurza\u201d walczy\u0142 na Ka\u0142u\u017c\u00f3wce razem z bratem Tadeuszem ps. Zodiak, kt\u00f3ry zmar\u0142 na skutek ran odniesionych w czasie bitwy. Nast\u0119pnie s\u0142u\u017cy\u0142 w 1 pu\u0142ku strzelc\u00f3w podhala\u0144skich, do specjalnego oddzia\u0142u Kedywu, dowodzonego przez Adama Winnickiego ps. Pazur. Bra\u0142 udzia\u0142 w jego ostatniej bitwie ko\u0142o Kamienicy nad Dunajcem (22-23 stycznia 1945 r.). Poszukiwany przez NKWD, ujawni\u0142 si\u0119 w pa\u017adzierniku 1945 r.<\/p>\r\n<p>Po wojnie sko\u0144czy\u0142 Wydzia\u0142 Lotniczy Akademii G\u00f3rniczo-Hutniczej i pracowa\u0142 m.in. jako kierownik O\u015brodka Technicznego PZMot. By\u0142 cz\u0142onkiem komisji, kt\u00f3rej zadaniem by\u0142o uporz\u0105dkowanie pomnik\u00f3w i grob\u00f3w wojennych. Pracowa\u0142 tak\u017ce przy projektowaniu uporz\u0105dkowania terenu obozu zag\u0142ady w Krakowie-P\u0142aszowie.<\/p>\r\n<p>By\u0142 cz\u0142onkiem NSZZ \u201eSolidarno\u015b\u0107\u201d w Biurze Studi\u00f3w i Projekt\u00f3w Hutnictwa \u201eBiprostal\u201d w Krakowie.<\/p>\r\n<p>W 1989 r. by\u0142 jednym z za\u0142o\u017cycieli Zwi\u0105zku \u0179o\u0142nierzy Armii Krajowej w Krakowie, pracowa\u0142 w Komisji Weryfikacyjnej. Po powstaniu \u015awiatowego Zwi\u0105zku \u0179o\u0142nierzy Armii Krajowej by\u0142 cz\u0142onkiem G\u0142\u00f3wnego S\u0105du Kole\u017ce\u0144skiego w Warszawie. Od 2009 r. by\u0142 Cz\u0142onkiem Rady Honorowej Jednostki Wsparcia Dowodzenia i Zaopatrzenia Wojsk Specjalnych NIL.<\/p>\r\n<p>Nale\u017ca\u0142 go grona wsp\u00f3\u0142organizator\u00f3w Muzeum Historii Armii Krajowej w Krakowie, by\u0142 prezesem Fundacji Muzeum Historii Armii Krajowej. W 2000 r. jako Prezes Fundacji Muzeum Historii Armii Krajowej bra\u0142 udzia\u0142 w przekazaniu zbior\u00f3w Fundacji na rzecz Muzeum Armii Krajowej. Zabiega\u0142 tak\u017ce o pozyskanie eksponat\u00f3w dla Muzeum Armii Krajowej r\u00f3wnie\u017c poza granicami m.in. w USA i Anglii gdzie wyg\u0142asza\u0142 wyk\u0142ady po\u015bwi\u0119cone Muzeum. By\u0142 wieloletnim wiceprzewodnicz\u0105cym Rady Muzeum Armii Krajowej, od 14 lat s\u0142u\u017cy\u0142 Dyrekcji Muzeum \u017cyczliwo\u015bci\u0105 i rad\u0105. Aktywny do samego ko\u0144ca.<\/p>\r\n<p>Pp\u0142k Kazimierz Kemmer zosta\u0142 wyr\u00f3\u017cniony wieloma odznaczeniami pa\u0144stwowymi i resortowymi m.in. Krzy\u017cem Walecznych, Krzy\u017cem Oficerskim Orderu Odrodzenia Polski, Z\u0142otym Krzy\u017cem Zas\u0142ugi, Krzy\u017cem Partyzanckim, Krzy\u017cem Armii Krajowej, Odznak\u0105 Akcji \u201eBurza\u201d, Patentem Weterana, Medalem Pro Memoria, Odznak\u0105 Honoris Gratia.<\/p>\r\n<p>Kresy24.pl<\/p>","protected":false},"excerpt":{"rendered":"Mo\u017ce trzeba to wreszcie g\u0142o\u015bno powiedzie\u0107 za \u015bp. pp\u0142k Kazimierzem Kemmerem: \u201eNikt nie wyzwoli\u0142 ani oboz\u00f3w, ani ich wi\u0119\u017ani\u00f3w. (\u2026) Mo\u017cna m\u00f3wi\u0107 jedynie o wkroczeniu \u017co\u0142nierzy Armii Czerwonej do opuszczonych przez Niemc\u00f3w fabryk \u015bmierci\u201d. Rosjanie chc\u0105 przeprosin za s\u0142owa Grzegorza Schetyny, \u017ce to pierwszy front ukrai\u0144ski i \u017co\u0142nierze ukrai\u0144scy otwierali bramy i wyzwalali ob\u00f3z zag\u0142ady [&hellip;]","protected":false},"author":1,"featured_media":0,"comment_status":"closed","ping_status":"closed","sticky":false,"template":"","format":"standard","meta":{"_acf_changed":false,"_monsterinsights_skip_tracking":false,"_monsterinsights_sitenote_active":false,"_monsterinsights_sitenote_note":"","_monsterinsights_sitenote_category":0,"ngg_post_thumbnail":0,"footnotes":"","_wp_rev_ctl_limit":""},"categories":[8],"tags":[92,141,20,59],"acf":[],"_links":{"self":[{"href":"https:\/\/www.bibula.com\/index.php?rest_route=\/wp\/v2\/posts\/79321"}],"collection":[{"href":"https:\/\/www.bibula.com\/index.php?rest_route=\/wp\/v2\/posts"}],"about":[{"href":"https:\/\/www.bibula.com\/index.php?rest_route=\/wp\/v2\/types\/post"}],"author":[{"embeddable":true,"href":"https:\/\/www.bibula.com\/index.php?rest_route=\/wp\/v2\/users\/1"}],"replies":[{"embeddable":true,"href":"https:\/\/www.bibula.com\/index.php?rest_route=%2Fwp%2Fv2%2Fcomments&post=79321"}],"version-history":[{"count":0,"href":"https:\/\/www.bibula.com\/index.php?rest_route=\/wp\/v2\/posts\/79321\/revisions"}],"wp:attachment":[{"href":"https:\/\/www.bibula.com\/index.php?rest_route=%2Fwp%2Fv2%2Fmedia&parent=79321"}],"wp:term":[{"taxonomy":"category","embeddable":true,"href":"https:\/\/www.bibula.com\/index.php?rest_route=%2Fwp%2Fv2%2Fcategories&post=79321"},{"taxonomy":"post_tag","embeddable":true,"href":"https:\/\/www.bibula.com\/index.php?rest_route=%2Fwp%2Fv2%2Ftags&post=79321"}],"curies":[{"name":"wp","href":"https:\/\/api.w.org\/{rel}","templated":true}]}}