{"id":79278,"date":"2015-01-23T10:24:45","date_gmt":"2015-01-23T15:24:45","guid":{"rendered":"http:\/\/www.bibula.com\/?p=79278"},"modified":"2015-01-23T10:24:45","modified_gmt":"2015-01-23T15:24:45","slug":"pod-warszawska-tecze-wrocily-pikiety-modlitewne-ks-jerzy-garda-zaprasza-na-plac-zbawiciela","status":"publish","type":"post","link":"https:\/\/www.bibula.com\/?p=79278","title":{"rendered":"Pod warszawsk\u0105 \u201et\u0119cz\u0119&#8221; wr\u00f3ci\u0142y pikiety modlitewne. Ks. Jerzy Garda zaprasza na plac Zbawiciela"},"content":{"rendered":"<p><strong>Na placu Zbawiciela zn\u00f3w gromadz\u0105 si\u0119 ludzie na modlitewnych pikietach przeciwko deprawacji dzieci i m\u0142odzie\u017cy poprzez wdra\u017canie do przedszkoli i szk\u00f3\u0142 ideologii gender, a tak\u017ce przeciwko atakom na Ko\u015bci\u00f3\u0142 i rodzin\u0119. Ka\u017cdego dnia &#8211; a\u017c do 27 lutego &#8211; pikieta rozpoczyna si\u0119 o godz. 12.00 modlitw\u0105 \u201eAnio\u0142 Pa\u0144ski\u201d, a ko\u0144czy o godz. 13.30 Koronk\u0105 do Bo\u017cego Mi\u0142osierdzia.<\/strong><\/p>\r\n<table class=\"outset\" style=\"height: 276px;\" width=\"340\" align=\"left\">\r\n<tbody>\r\n<tr>\r\n<td><img fetchpriority=\"high\" decoding=\"async\" class=\"\" src=\"http:\/\/www.pch24.pl\/images\/min_mid_big\/mid_33448.jpg\" alt=\"\" width=\"326\" height=\"193\" \/><\/td>\r\n<\/tr>\r\n<tr>\r\n<td>\r\n<p class=\"zrodlo\"><em>fot. Adrian Grycuk, Creative Commons Uznanie autorstwa &#8211; Na tych samych warunkach 3.0 Polska, via wikimedia commons<\/em><\/p>\r\n<\/td>\r\n<\/tr>\r\n<\/tbody>\r\n<\/table>\r\n<p>Inicjatorem i organizatorem pikiet modlitewnych jest ks. Jerzy Garda. Jak m\u00f3wi kap\u0142an, modlitwa wraca na plac Zbawiciela po kr\u00f3tkiej przerwie. &#8211; <em>B\u0119dziemy gromadzi\u0107 si\u0119 od poniedzia\u0142ku do pi\u0105tku w godzinie modlitwy \u201eAnio\u0142 Pa\u0144ski\u201d a\u017c do 27 lutego br.<\/em> &#8211; m\u00f3wi ks. Garda i dodaje, \u017ce przez te akcje po raz kolejny organizatorzy chc\u0105 zwr\u00f3ci\u0107 uwag\u0119 na szkodliwe dla przysz\u0142o\u015bci naszej Ojczyzny skutki wprowadzania ideologii gender do przedszkoli i szk\u00f3\u0142.<\/p>\r\n<p>&#8211; <em>Nasz\u0105 modlitw\u0105 chcemy\u00a0 tak\u017ce otacza\u0107 polskie rodziny i Ko\u015bci\u00f3\u0142. Prosi\u0107 b\u0119dziemy Pana Boga r\u00f3wnie\u017c w intencji dzieci nienarodzonych i ka\u017cdego zagro\u017conego \u017cycia<\/em> &#8211; wyja\u015bnia ks. Garda, zapraszaj\u0105c wszystkich, kt\u00f3rym nieoboj\u0119tne s\u0105 te wa\u017cne sprawy na pikiet\u0119 modlitewn\u0105 na plac Zbawiciela.<\/p>\r\n<p>pam<\/p>","protected":false},"excerpt":{"rendered":"Na placu Zbawiciela zn\u00f3w gromadz\u0105 si\u0119 ludzie na modlitewnych pikietach przeciwko deprawacji dzieci i m\u0142odzie\u017cy poprzez wdra\u017canie do przedszkoli i szk\u00f3\u0142 ideologii gender, a tak\u017ce przeciwko atakom na Ko\u015bci\u00f3\u0142 i rodzin\u0119. Ka\u017cdego dnia &#8211; a\u017c do 27 lutego &#8211; pikieta rozpoczyna si\u0119 o godz. 12.00 modlitw\u0105 \u201eAnio\u0142 Pa\u0144ski\u201d, a ko\u0144czy o godz. 13.30 Koronk\u0105 do [&hellip;]","protected":false},"author":1,"featured_media":0,"comment_status":"closed","ping_status":"closed","sticky":false,"template":"","format":"standard","meta":{"_acf_changed":false,"_monsterinsights_skip_tracking":false,"ngg_post_thumbnail":0,"footnotes":"","_wp_rev_ctl_limit":""},"categories":[8],"tags":[314,26,92,201],"acf":[],"_links":{"self":[{"href":"https:\/\/www.bibula.com\/index.php?rest_route=\/wp\/v2\/posts\/79278"}],"collection":[{"href":"https:\/\/www.bibula.com\/index.php?rest_route=\/wp\/v2\/posts"}],"about":[{"href":"https:\/\/www.bibula.com\/index.php?rest_route=\/wp\/v2\/types\/post"}],"author":[{"embeddable":true,"href":"https:\/\/www.bibula.com\/index.php?rest_route=\/wp\/v2\/users\/1"}],"replies":[{"embeddable":true,"href":"https:\/\/www.bibula.com\/index.php?rest_route=%2Fwp%2Fv2%2Fcomments&post=79278"}],"version-history":[{"count":0,"href":"https:\/\/www.bibula.com\/index.php?rest_route=\/wp\/v2\/posts\/79278\/revisions"}],"wp:attachment":[{"href":"https:\/\/www.bibula.com\/index.php?rest_route=%2Fwp%2Fv2%2Fmedia&parent=79278"}],"wp:term":[{"taxonomy":"category","embeddable":true,"href":"https:\/\/www.bibula.com\/index.php?rest_route=%2Fwp%2Fv2%2Fcategories&post=79278"},{"taxonomy":"post_tag","embeddable":true,"href":"https:\/\/www.bibula.com\/index.php?rest_route=%2Fwp%2Fv2%2Ftags&post=79278"}],"curies":[{"name":"wp","href":"https:\/\/api.w.org\/{rel}","templated":true}]}}