{"id":79163,"date":"2015-01-16T17:54:56","date_gmt":"2015-01-16T22:54:56","guid":{"rendered":"http:\/\/www.bibula.com\/?p=79163"},"modified":"2015-01-16T19:29:21","modified_gmt":"2015-01-17T00:29:21","slug":"niemieckie-polskojezyczne-pismo-wydawane-w-szczecinie-dzwony-kosciola-bija-za-glosno","status":"publish","type":"post","link":"https:\/\/www.bibula.com\/?p=79163","title":{"rendered":"Niemieckie polskoj\u0119zyczne pismo wydawane w Szczecinie: &#8222;Dzwony ko\u015bcio\u0142a bij\u0105 za g\u0142o\u015bno&#8221;"},"content":{"rendered":"<p><strong>&#8222;Dzwony ko\u015bcio\u0142a bij\u0105 za g\u0142o\u015bno? Mieszka\u0144cy narzekaj\u0105 na ha\u0142as.&#8221; &#8211; alarmuje post-komunistyczny i b\u0119d\u0105cy w r\u0119kach niemieckich dziennik <em>G\u0142os szczeci\u0144ski<\/em> w tek\u015bcie Anny Folkman.<\/strong><\/p>\r\n<p>Dziennik og\u0142osi\u0142 te\u017c od razu na swojej stronie internetowej Sond\u0119 Czytelnik\u00f3w, kt\u00f3rzy w wi\u0119kszo\u015bci odpowiedzieli twierdz\u0105co na pytanie &#8222;Czy bicie ko\u015bcielnych dzwon\u00f3w jest uci\u0105\u017cliwe?&#8221; Spo\u015br\u00f3d 512 g\u0142osuj\u0105cych (stan na wiecz\u00f3r 16 stycznia) dla 55 %\u00a0 bicie dzwon\u00f3w &#8222;jest uci\u0105\u017cliwe&#8221;, a dla 21 % nie jest. By\u0142y te\u017c inne mo\u017cliwe do wybrania odpowiedzi, np. 3% stwierdzi\u0142o, \u017ce &#8222;unikam ko\u015bcio\u0142\u00f3w, nawet z daleka mieszkam&#8221;, a dla 5 % &#8222;najgorzej jest w czasie weekend\u00f3w&#8221;.<\/p>\r\n<p>Gazeta zareagowa\u0142a tekstem po li\u015bcie do redakcji anonimowego &#8222;pana Edwarda&#8221;, kt\u00f3ry zaproponowa\u0142 przeprowadzenie sondy w sprawie g\u0142o\u015bno\u015bci dzwon\u00f3w ko\u015bcio\u0142a przy ul. Przyjaci\u00f3\u0142 \u0179o\u0142nierza.&#8221;Zrealizowali\u015bmy t\u0119 propozycj\u0119&#8221; &#8211; stwierdzi\u0142a z trosk\u0105 o czytelnika gazeta. Nie zatrzyma\u0142a si\u0119 jednak na tym i pochwali\u0142a si\u0119, \u017ce &#8222;Problem zg\u0142osili\u015bmy kurii.&#8221;<\/p>\r\n<p>Na &#8222;interwencj\u0119&#8221; <em>Glosu szczeci\u0144skiego<\/em> rzecznik Kurii uda\u0142 si\u0119 na rozmow\u0119 z ksi\u0119dzem proboszczem, kt\u00f3ry wyja\u015bni\u0142, \u017ce dzwony w Parafii pw. Mi\u0142osierdzia Bo\u017cego w Szczecinie dzwoni\u0105 od 22 wrze\u015bnia 2001 roku, bez zmian co do czasu i si\u0142y ich dzwonienia, i jako\u015b nikt nie zg\u0142asza\u0142 problemu. &#8222;Te bij\u0105 najcz\u0119\u015bciej przed mszami \u015bwi\u0119tymi oraz na modlitw\u0119 Anio\u0142 Pa\u0144ski czyli o godz. 12 i 18.&#8221;<\/p>\r\n<p>Wida\u0107 jednak, &#8222;problem&#8221; pojawi\u0142 si\u0119, bo mo\u017cna stworzy\u0107 go z niczego powo\u0142uj\u0105c si\u0119 na &#8211; rzeczywistego b\u0105d\u017a nie &#8211; czytelnika. Wida\u0107 r\u00f3wnie\u017c, \u017ce w kreowaniu tego typu &#8222;problem\u00f3w&#8221; celuj\u0105 antypolskie i antykatolickie media.<\/p>\r\n<p>Przypomnijmy, \u017ce dziennik <em>G\u0142os szczeci\u0144ski<\/em> jest pismem z korzeniami antypolskimi, bo komunistycznymi: by\u0142 najpierw organem PPR-u, a p\u00f3\u017aniej PZPR-u. Dzisiaj nale\u017cy do og\u00f3lnopolskiej grupy prasowego &#8222;Media Regionalne&#8221;, kt\u00f3ra nale\u017cy z kolei do Grupy Wydawniczej Polskapresse, b\u0119d\u0105cej w r\u0119kach niemieckiego koncernu medialnego <b>Verlagsgruppe Passau GmbH<\/b><em>. <\/em><\/p>\r\n<p>A jako ciekawostk\u0119 mo\u017cna doda\u0107, \u017ce np. w nowojorskiej dzielnicy Williamsburg oraz innych skupiskach \u017cydowskich na \u015bwiecie, w ka\u017cdy pi\u0105tek przed rozpocz\u0119ciem szabasu i przed innymi \u017cydowskimi \u015bwi\u0119tami, rozlegaj\u0105 si\u0119 przera\u017aliwe syreny stra\u017cackie. W innych regionach \u015bwiata zachodniego zaw\u0142adni\u0119tego przez muzu\u0142man\u00f3w Muezzin dziewi\u0119\u0107 razy dziennie wzywa do modlitwy, g\u0142o\u015bno zawodz\u0105c b\u0105d\u017a wyj\u0105c przez g\u0142o\u015bniki. Warto da\u0107 to pod rozwag\u0119 wszystkim t\u0119skni\u0105cym za multikulturalizmem, bo maj\u0105c do wyboru wycie Muezzina b\u0105d\u017a syren stra\u017cackich, by\u0107 mo\u017ce zat\u0119skni\u0105 za pi\u0119knym d\u017awi\u0119kiem dzwon\u00f3w ko\u015bcio\u0142\u00f3w katolickich. Ale wtedy b\u0119dzie ju\u017c za p\u00f3\u017ano.<\/p>","protected":false},"excerpt":{"rendered":"&#8222;Dzwony ko\u015bcio\u0142a bij\u0105 za g\u0142o\u015bno? Mieszka\u0144cy narzekaj\u0105 na ha\u0142as.&#8221; &#8211; alarmuje post-komunistyczny i b\u0119d\u0105cy w r\u0119kach niemieckich dziennik G\u0142os szczeci\u0144ski w tek\u015bcie Anny Folkman. Dziennik og\u0142osi\u0142 te\u017c od razu na swojej stronie internetowej Sond\u0119 Czytelnik\u00f3w, kt\u00f3rzy w wi\u0119kszo\u015bci odpowiedzieli twierdz\u0105co na pytanie &#8222;Czy bicie ko\u015bcielnych dzwon\u00f3w jest uci\u0105\u017cliwe?&#8221; Spo\u015br\u00f3d 512 g\u0142osuj\u0105cych (stan na wiecz\u00f3r 16 [&hellip;]","protected":false},"author":1,"featured_media":0,"comment_status":"closed","ping_status":"closed","sticky":false,"template":"","format":"standard","meta":{"_acf_changed":false,"_monsterinsights_skip_tracking":false,"_monsterinsights_sitenote_active":false,"_monsterinsights_sitenote_note":"","_monsterinsights_sitenote_category":0,"ngg_post_thumbnail":0,"footnotes":"","_wp_rev_ctl_limit":""},"categories":[8],"tags":[132,92],"acf":[],"_links":{"self":[{"href":"https:\/\/www.bibula.com\/index.php?rest_route=\/wp\/v2\/posts\/79163"}],"collection":[{"href":"https:\/\/www.bibula.com\/index.php?rest_route=\/wp\/v2\/posts"}],"about":[{"href":"https:\/\/www.bibula.com\/index.php?rest_route=\/wp\/v2\/types\/post"}],"author":[{"embeddable":true,"href":"https:\/\/www.bibula.com\/index.php?rest_route=\/wp\/v2\/users\/1"}],"replies":[{"embeddable":true,"href":"https:\/\/www.bibula.com\/index.php?rest_route=%2Fwp%2Fv2%2Fcomments&post=79163"}],"version-history":[{"count":0,"href":"https:\/\/www.bibula.com\/index.php?rest_route=\/wp\/v2\/posts\/79163\/revisions"}],"wp:attachment":[{"href":"https:\/\/www.bibula.com\/index.php?rest_route=%2Fwp%2Fv2%2Fmedia&parent=79163"}],"wp:term":[{"taxonomy":"category","embeddable":true,"href":"https:\/\/www.bibula.com\/index.php?rest_route=%2Fwp%2Fv2%2Fcategories&post=79163"},{"taxonomy":"post_tag","embeddable":true,"href":"https:\/\/www.bibula.com\/index.php?rest_route=%2Fwp%2Fv2%2Ftags&post=79163"}],"curies":[{"name":"wp","href":"https:\/\/api.w.org\/{rel}","templated":true}]}}