{"id":79096,"date":"2015-01-13T14:04:27","date_gmt":"2015-01-13T19:04:27","guid":{"rendered":"http:\/\/www.bibula.com\/?p=79096"},"modified":"2015-01-15T16:15:40","modified_gmt":"2015-01-15T21:15:40","slug":"papiez-w-kolombo-triumfalny-przejazd-przez-miasto-rezygnacja-ze-spotkania-z-biskupami","status":"publish","type":"post","link":"https:\/\/www.bibula.com\/?p=79096","title":{"rendered":"Papie\u017c w Kolombo: triumfalny przejazd przez miasto, rezygnacja ze spotkania z biskupami"},"content":{"rendered":"<p>Z lotniska papieska kolumna przejecha\u0142a blisko trzydziestokilometrow\u0105 tras\u0119 do nuncjatury w Kolombo, kt\u00f3ra b\u0119dzie przez najbli\u017csze dni rezydencj\u0105 Franciszka. Tu\u017c za bramami portu lotniczego go\u015bcia pozdrowi\u0142 szpaler specjalnie ubranych czterdziestu s\u0142oni. Na ca\u0142ej trasie papieskiemu przejazdowi towarzyszy\u0142y ogromne t\u0142umy pozdrawiaj\u0105cych i wiwatuj\u0105cych ludzi. Witali go nie tylko katolicy, ale tak\u017ce wyznawcy innych religii. Wszyscy podkre\u015blaj\u0105, \u017ce przyjecha\u0142 do nich cz\u0142owiek o ogromnym \u015bwiatowym autorytecie, siewca pokoju, pojednania, a przy tym symbol prostoty i pokory, zw\u0142aszcza w sposobie sprawowania w\u0142adzy.<\/p>\r\n<p>W pewnym momencie, przy jednej z buddyjskich \u015bwi\u0105ty\u0144, s\u0142u\u017cbom odpowiedzialnym za bezpieczny przejazd kolumny samochod\u00f3w nie uda\u0142o si\u0119 opanowa\u0107 napieraj\u0105cego t\u0142umu. Nie trzeba by\u0142o d\u0142ugo czeka\u0107. Franciszek wykorzysta\u0142 ten moment, wyszed\u0142 na chwile z papamobile i przywita\u0142 si\u0119 z rozentuzjazmowanym t\u0142umem. Lankijska ochrona wydawa\u0142a si\u0119 bezradna.<\/p>\r\n<p>W siedzibie nuncjatury Ojciec \u015awi\u0119ty m\u00f3g\u0142 chwil\u0119 odpocz\u0105\u0107 po m\u0119cz\u0105cej podr\u00f3\u017cy. W tamtejszej kaplicy odprawi\u0142 tak\u017ce Msz\u0119. Z powodu poslizgu czasowego oraz zm\u0119czenia Papie\u017ca zrezygnowano te\u017c ze spotkania z episkopatem Sri Lanki. Biskupi tego kraju go\u015bcili zreszt\u0105 niedawno w Rzymie w ramach wizyty \u201ead limina\u201d.<\/p>\r\n<p>ks. Leszek G\u0119siak, rv, Kolombo<\/p>\r\n<p class=\"zrodlo\">Za: <a href=\"http:\/\/pl.radiovaticana.va\/articolo.asp?c=843653\">Radio Watykanskie (2015-01-13)<\/a><\/p>\r\n<blockquote>\r\n<p><strong>KOMENTARZ <em>BIBU\u0141Y<\/em><\/strong>: &#8222;<em>Z powodu poslizgu czasowego oraz zm\u0119czenia Papie\u017ca zrezygnowano te\u017c ze spotkania z episkopatem Sri Lanki.<\/em> &#8221; &#8211; doprawdy zabawny jest ten Franciszek: przylatuje z daleka, znajduje czas na &#8222;przywitanie si\u0119 z rozentuzjazmowanym t\u0142umem przy jednej z buddyjskich \u015bwi\u0105ty\u0144&#8221;, lecz z powodu &#8222;po\u015blizgu czasowego&#8221; oraz zm\u0119czenia nie znajduje czasu na spotkanie z biskupami.<br \/>Ciekawe jednak, \u017ce &#8211; jak podaje <span style=\"text-decoration: underline;\"><a href=\"http:\/\/www.bbc.com\/news\/world-asia-30789124\">BBC Asia<\/a><\/span> &#8211; &#8222;potem jednak spotka\u0142 si\u0119 z prezydentem Sirisena w jego oficjalnej rezydencji oraz <strong>uczestniczy\u0142 w mi\u0119dzyreligijnym spotkaniu<\/strong>&#8222;. Tak wi\u0119c, nie mia\u0142 czasu dla katolickich biskup\u00f3w, lecz znalaz\u0142 czas na spotkanie z jakimi\u015b heretykami i szamanami.<br \/>O niebezpiecznym dla Ko\u015bcio\u0142a i \u015bwiata papiestwie, czyli o &#8222;bergoglializmie&#8221;, czytaj <span style=\"text-decoration: underline;\"><a href=\"http:\/\/www.bibula.com\/?p=79068\">tutaj<\/a><\/span>.<\/p>\r\n<\/blockquote>\r\n<hr style=\"background-color: #000000; border-width: 0; color: #000000; height: 2px; line-height: 0; text-align: center; width: 100%;\" \/>\r\n<p><strong>Uzupe\u0142nienie:<\/strong> Na drugi dzie\u0144 Radio Watyka\u0144skie poda\u0142o kolejn\u0105 informacj\u0119 (poni\u017cej), m\u00f3wi\u0105c\u0105, \u017ce Franciszek jednak spotka\u0142 si\u0119 z Episkopatem, jednak &#8211; co wielce symptomatyczne &#8211; by\u0142o to &#8222;spotkanie nieplanowane&#8221;, w przeciwie\u0144stwie do zaplanowanej &#8222;wizyty jednej z buddyjskich \u015bwi\u0105ty\u0144 &#8211; Mahabodhi Viharaya&#8221;.<\/p>\r\n<blockquote>\r\n<h4>Sri Lanka: nieplanowane spotkania Franciszka<\/h4>\r\n<p>Po powrocie z Madhu do nuncjatury mia\u0142y miejsce jeszcze trzy nieplanowane wcze\u015bniej wydarzenia. W watyka\u0144skiej plac\u00f3wce dyplomatycznej na Franciszka czeka\u0142 by\u0142y prezydent Sri Lanki. Towarzyszy\u0142a mu jedynie \u017cona i brat z ma\u0142\u017conk\u0105. Spotkanie trwa\u0142o 20 minut i mia\u0142o charakter \u015bci\u015ble prywatny. To w\u0142a\u015bnie Mahinda Rajapaksa zaprosi\u0142 Franciszka do z\u0142o\u017cenia wizyty w tym kraju, ale na skutek przegranych wybor\u00f3w sw\u00f3j urz\u0105d opu\u015bci\u0142 cztery dni przed przylotem Ojca \u015awi\u0119tego.<\/p>\r\n<p>Franciszek odwiedzi\u0142 te\u017c jedn\u0105 z buddyjskich \u015bwi\u0105ty\u0144 &#8211; Mahabodhi Viharaya. Tam zosta\u0142 przyj\u0119ty przez jej prze\u0142o\u017conego Banagal\u0119 Upathiss\u0119. By\u0142a to zatem b\u0142yskawiczna odpowied\u017a Franciszka na zaproszenie, kt\u00f3re mnich z\u0142o\u017cy\u0142 mu podczas ceremonii powitalnej na lotnisku w Kolombo. Banagala Upathissa otworzy\u0142 przed Ojcem \u015awi\u0119tym tzw. <i>s<\/i><i>tup\u0119<\/i>, czyli relikwi\u0119 b\u0119d\u0105c\u0105 symbolem obecno\u015bci samego Buddy, a o\u015bmiu towarzysz\u0105cych mnich\u00f3w od\u015bpiewa\u0142o stosow\u0105 na t\u0119 okoliczno\u015b\u0107 pie\u015b\u0144. Wizyt\u0119 w buddyjskiej \u015bwi\u0105tyni watyka\u0144ski rzecznik nazwa\u0142 wielkim wydarzeniem, gdy chodzi o dialog mi\u0119dzyreligijny mi\u0119dzy czterema najwa\u017cniejszymi religiami Sri Lanki. W czasie swej wizyty w tym kraju Jan Pawe\u0142 II nie odwiedzi\u0142 buddyjskiej \u015bwi\u0105tyni, st\u0105d obecna wizyta ma charakter bezprecedensowy.<\/p>\r\n<p>Trzecim nieplanowanym wydarzeniem by\u0142o spotkanie Franciszka z episkopatem. Mia\u0142o ono miejsce w siedzibie arcybiskupa Kolombo. Ta wizyta by\u0142a przewidziana na wczoraj, ale zosta\u0142a anulowana ze wzgl\u0119du na du\u017ce op\u00f3\u017anienie w programie i zm\u0119czenie Franciszka podr\u00f3\u017c\u0105. Ojciec \u015awi\u0119ty poczeka\u0142, a\u017c biskupi wracaj\u0105cy z uroczysto\u015bci kanonizacyjnych zbior\u0105 si\u0119 w komplecie. Rozmawiano m.in. o tym wydarzeniu. Franciszek m\u00f3wi\u0142 o nowym \u015bwi\u0119tym w kontek\u015bcie ewangelizacji. Przypomnia\u0142 te\u017c \u015bwi\u0119tych innych kontynent\u00f3w, kt\u00f3rzy byli gorliwymi g\u0142osicielami Ewangelii.<\/p>\r\n<p>L. G\u0119siak SJ, Kolombo<\/p>\r\n<p class=\"zrodlo\">Za: <a href=\"http:\/\/pl.radiovaticana.va\/articolo.asp?c=843653\">Radio Watyka\u0144skie (2015-01-14)<\/a><\/p>\r\n<\/blockquote>","protected":false},"excerpt":{"rendered":"Z lotniska papieska kolumna przejecha\u0142a blisko trzydziestokilometrow\u0105 tras\u0119 do nuncjatury w Kolombo, kt\u00f3ra b\u0119dzie przez najbli\u017csze dni rezydencj\u0105 Franciszka. Tu\u017c za bramami portu lotniczego go\u015bcia pozdrowi\u0142 szpaler specjalnie ubranych czterdziestu s\u0142oni. Na ca\u0142ej trasie papieskiemu przejazdowi towarzyszy\u0142y ogromne t\u0142umy pozdrawiaj\u0105cych i wiwatuj\u0105cych ludzi. Witali go nie tylko katolicy, ale tak\u017ce wyznawcy innych religii. Wszyscy podkre\u015blaj\u0105, [&hellip;]","protected":false},"author":1,"featured_media":0,"comment_status":"closed","ping_status":"closed","sticky":false,"template":"","format":"standard","meta":{"_acf_changed":false,"_monsterinsights_skip_tracking":false,"ngg_post_thumbnail":0,"footnotes":"","_wp_rev_ctl_limit":""},"categories":[3],"tags":[333,301,33],"acf":[],"_links":{"self":[{"href":"https:\/\/www.bibula.com\/index.php?rest_route=\/wp\/v2\/posts\/79096"}],"collection":[{"href":"https:\/\/www.bibula.com\/index.php?rest_route=\/wp\/v2\/posts"}],"about":[{"href":"https:\/\/www.bibula.com\/index.php?rest_route=\/wp\/v2\/types\/post"}],"author":[{"embeddable":true,"href":"https:\/\/www.bibula.com\/index.php?rest_route=\/wp\/v2\/users\/1"}],"replies":[{"embeddable":true,"href":"https:\/\/www.bibula.com\/index.php?rest_route=%2Fwp%2Fv2%2Fcomments&post=79096"}],"version-history":[{"count":0,"href":"https:\/\/www.bibula.com\/index.php?rest_route=\/wp\/v2\/posts\/79096\/revisions"}],"wp:attachment":[{"href":"https:\/\/www.bibula.com\/index.php?rest_route=%2Fwp%2Fv2%2Fmedia&parent=79096"}],"wp:term":[{"taxonomy":"category","embeddable":true,"href":"https:\/\/www.bibula.com\/index.php?rest_route=%2Fwp%2Fv2%2Fcategories&post=79096"},{"taxonomy":"post_tag","embeddable":true,"href":"https:\/\/www.bibula.com\/index.php?rest_route=%2Fwp%2Fv2%2Ftags&post=79096"}],"curies":[{"name":"wp","href":"https:\/\/api.w.org\/{rel}","templated":true}]}}