{"id":78981,"date":"2015-01-09T10:00:04","date_gmt":"2015-01-09T15:00:04","guid":{"rendered":"http:\/\/www.bibula.com\/?p=78981"},"modified":"2015-01-09T13:51:02","modified_gmt":"2015-01-09T18:51:02","slug":"ochojska-krytykujesz-owsiaka-podpisz-deklaracje-ze-nie-chcesz-ratowac-zycia-swojego-dziecka","status":"publish","type":"post","link":"https:\/\/www.bibula.com\/?p=78981","title":{"rendered":"Katolicy a WO\u015aP"},"content":{"rendered":"<p><strong>W niedziel\u0119 kolejny \u201efina\u0142\u201d WO\u015aP. Cho\u0107 Jerzy Owsiak zyska\u0142 w wielkich polskich mediach status nietykalnego czy wr\u0119cz \u015bwieckiego \u015bwi\u0119tego, coraz liczniejsze grono Polak\u00f3w &#8211; pr\u00f3cz zachwytu &#8211; sta\u0107 r\u00f3wnie\u017c na refleksj\u0119 nad jego dzia\u0142alno\u015bci\u0105. Dotyczy to r\u00f3wnie\u017c katolik\u00f3w.<\/strong><\/p>\r\n<p>Ostatnie \u201efina\u0142y Wielkiej Orkiestry \u015awi\u0105tecznej Pomocy\u201d nie przebieg\u0142y w tak hurraoptymistycznej atmosferze jak poprzednie. To dzi\u0119ki rozwojowi Internetu, w kt\u00f3rym zaroi\u0142o si\u0119 od analiz owsiakowej dzia\u0142alno\u015bci, znacznie g\u0142\u0119bszych ni\u017c ta serwowana w g\u0142\u00f3wnych kana\u0142ach telewizyjnych. W\u0142\u0105cznie odbiornika telewizyjnego w dniu koncert\u00f3w spod znaku serduszka wi\u0105\u017ce si\u0119 wszak wy\u0142\u0105cznie z nieustannym informowaniem o tym, gdzie w tej chwili jest Owsiak i o kt\u00f3rej godzinie pobity zostanie zesz\u0142oroczny rekord. W sieci natomiast bez trudu mo\u017cna znale\u017a\u0107 liczne artyku\u0142y rzucaj\u0105ce zupe\u0142nie inne \u015bwiat\u0142o na dzia\u0142alno\u015b\u0107 WO\u015aP.<\/p>\r\n<p>W\u015br\u00f3d mainstreamowych dziennikarzy panuje przekonanie, \u017ce jako pierwszy Owsiaka wypunktowa\u0142 \u0141ukasz Warzecha. Publicysta zosta\u0142 nawet z tej okazji zaproszony do programu \u201eTomasz Lis Na \u0179ywo\u201d, gdzie m\u00f3g\u0142 przedstawi\u0107 sw\u00f3j punkt widzenia. Jednak katoliccy dziennikarze ju\u017c wiele lat temu przestrzegali przed powszechnym uwielbieniem dla Jerzego Owsiaka. Zarzut\u00f3w wobec szefa WO\u015aP jest bardzo wiele, w Internecie s\u0105 bardzo ch\u0119tnie czytane. Celnie opisa\u0142 je na naszych \u0142amach m.in. Roman Moto\u0142a (<a href=\"http:\/\/www.pch24.pl\/wielka-orkiestra-deta,11553,i.html\">http:\/\/www.pch24.pl\/wielka-orkiestra-deta,11553,i.html<\/a>), liczne komentarze wywo\u0142a\u0142 te\u017c materia\u0142 por\u00f3wnuj\u0105cy zas\u0142ugi Orkiestry i Caritasu (<a href=\"http:\/\/www.pch24.pl\/owsiak-vs--caritas,11516,i.html\">http:\/\/www.pch24.pl\/owsiak-vs&#8211;caritas,11516,i.html<\/a>).<\/p>\r\n<p>Nie ma potrzeby powtarza\u0107 tych argument\u00f3w, zawartych r\u00f3wnie\u017c w artyku\u0142ach na naszym portalu. Wydaje si\u0119 jednak, \u017ce czytelnikom PCh24.pl &#8211; katolikom &#8211; warto przypomnie\u0107 stosunek Jerzego Owsiaka do Ko\u015bcio\u0142a.<\/p>\r\n<p>Szef WO\u015aP to ten sam cz\u0142owiek, kt\u00f3ry wyrzuci\u0142 z Przystanku Woodstock ksi\u0119\u017cy, ewangelizuj\u0105cych na\u0144 m\u0142odzie\u017c pod szyldem Przystanek Jezus. Wp\u0142yw na jego decyzj\u0119 mog\u0142a mie\u0107 wsp\u00f3\u0142praca kap\u0142an\u00f3w z dziennikarzami TV Trwam, chc\u0105cymi pokaza\u0107 prawd\u0119 na temat tej pe\u0142nej nihilizmu imprezy. W p\u00f3\u017aniejszej rozmowie z \u201eTygodnikiem Powszechnym\u201d powiedzia\u0142, \u017ce zakaz s\u0142u\u017cby duchownych katolickich na wynaj\u0119tym przez niego terenie to \u201edmuchanie na zimne\u201d i reakcja na \u201ezmasowany atak\u201d wspomnianej telewizji.<\/p>\r\n<p>Jerzy Owsiak to r\u00f3wnie\u017c cz\u0142owiek, kt\u00f3ry promuj\u0105c sw\u0105 Wielk\u0105 Orkiestr\u0119, potrafi\u0142 namawia\u0107 Polak\u00f3w do niep\u0142acenia abonamentu telewizyjnego. Pow\u00f3d? W 2010 r. TVP 2 nie chcia\u0142a prowadzi\u0107 akcji zbierania pieni\u0119dzy dla powodzian z WO\u015aP, gdy\u017c wcze\u015bniej podj\u0119\u0142a takie starania wesp\u00f3\u0142 z ko\u015bcieln\u0105 fundacj\u0105 Caritas. Dla Owsiaka by\u0142 to dow\u00f3d, \u017ce telewizja \u201enie realizuje swych podstawowych dzia\u0142a\u0144\u201d. Poczu\u0142 si\u0119 ura\u017cony, \u017ce wybrano nie jego a instytucj\u0119 ko\u015bcieln\u0105.<\/p>\r\n<p>Pod koniec ubieg\u0142ego roku Owsiak do\u0142\u0105czy\u0142 r\u00f3wnie\u017c do grona spec\u00f3w od Ko\u015bcio\u0142a, w mocnych s\u0142owach komentuj\u0105c wypowied\u017a abp Michalika po wybuchu afery pedofilskiej. Zasugerowa\u0142, \u017ce szef Episkopatu \u017cyje \u201ew sferze guse\u0142\u201d. Sw\u0105 wypowied\u017a &#8211; pami\u0119taj\u0105c zapewne, \u017ce wielu ksi\u0119\u017cy z rado\u015bci\u0105 podejmuje wolontariuszy WO\u015aP na terenie swoich parafii w coroczne, \u201efina\u0142owe\u201d niedziele &#8211; stara\u0142 si\u0119 ug\u0142adzi\u0107 oczywi\u015bcie \u201etrosk\u0105 o wiarygodno\u015b\u0107 Ko\u015bcio\u0142a\u201d.<\/p>\r\n<p>Nie jest znana natomiast \u017cadna krytyczna wypowied\u017a Jerzego Owsiaka na temat Mi\u0119dzynarodowego Towarzystwa \u015awiadomo\u015bci Kryszny. Przedstawicieli tej niezwykle gro\u017anej sekty nikt r\u00f3wnie\u017c nie wyrzuca\u0142 z kolejnych Przystank\u00f3w Woodstock. Szef Wielkiej Orkiestry \u015awi\u0105tecznej Pomocy przedstawia ich jako wegetarian \u201ebombarduj\u0105cych mi\u0142o\u015bci\u0105\u201d. S\u0142owem nie wspomina natomiast, \u017ce ci z pozoru sympatyczni, ogoleni na \u0142yso m\u0119\u017cczy\u017ani nie do\u015b\u0107, \u017ce duchowo zniewalaj\u0105 nowopozyskanych naiwnych sekciarzy, to w dodatku ub\u00f3stwiaj\u0105 de facto demoniczn\u0105 posta\u0107 z hinduskiej mitologii, kt\u00f3rej przymioty nie maj\u0105 nic wsp\u00f3lnego z dobrem i mi\u0142o\u015bci\u0105. Ci, kt\u00f3rzy byli na organizowanej przez Owsiaka imprezie potwierdzaj\u0105, \u017ce krysznaici odgrywaj\u0105 na niej jedn\u0105 z g\u0142\u00f3wnych r\u00f3l!<\/p>\r\n<p>W\u015br\u00f3d go\u015bci Jerzego Owsiaka na Przystanku Woodstock, nierzadko wykazuj\u0105cych si\u0119 nienawi\u015bci\u0105 lub &#8211; ujmuj\u0105c rzecz delikatnie &#8211; g\u0142\u0119bokim dystansem do katolicyzmu i Ko\u015bcio\u0142a, by\u0142y takie tuzy intelektu jak Piotr Najsztub, Jakub Wojew\u00f3dzki, Monika Olejnik, Kazimiera Szczuka czy Tomasz Lis. Szef WO\u015aP d\u0142ugo czeka\u0142, a\u017c b\u0119dzie m\u00f3g\u0142 zaprosi\u0107 na scen\u0119 jakiego\u015b kap\u0142ana. W ko\u0144cu w roku 2013 do Kostrzyna nad Odr\u0105 przyjecha\u0142 ksi\u0105dz Adam Boniecki &#8211; duchowny, kt\u00f3ry sta\u0142 si\u0119 swoist\u0105 maskotk\u0105 wrog\u00f3w Ko\u015bcio\u0142a. Kap\u0142an d\u0142ugo musia\u0142 czeka\u0107 na zaproszenie od promotora sekty spod znaku Kryszny &#8211; dosta\u0142 je jednak dopiero po tym, jak wzi\u0105\u0142 w obron\u0119 dr\u0105cego Bibli\u0119 w \u201eartystycznym\u201d, satanistycznym amoku Nergala.<\/p>\r\n<p>W wylewaj\u0105cym si\u0119 z telewizji potoku zachwyt\u00f3w w najbli\u017csz\u0105 niedziel\u0119, warto pami\u0119ta\u0107 jedno. Za pieni\u0105dze, kt\u00f3re wielu z nas przekazuje do owsiakowej puszki, dostajemy w zamian nie tylko papierowe serduszko, ale r\u00f3wnie\u017c gar\u015b\u0107 zakamuflowanej nienawi\u015bci do naszej matki, Ko\u015bcio\u0142a. Serduszko odklei si\u0119 na drugi dzie\u0144, nienawi\u015b\u0107 pozostanie. Warto j\u0105 finansowa\u0107?<\/p>\r\n<p><strong><em>\u0141ukasz Sitan<\/em><\/strong>\u00a0\u00a0\u00a0\u00a0\u00a0\u00a0\u00a0\u00a0\u00a0\u00a0\u00a0\u00a0\u00a0\u00a0\u00a0\u00a0\u00a0\u00a0\u00a0\u00a0\u00a0\u00a0\u00a0\u00a0\u00a0\u00a0\u00a0\u00a0\u00a0\u00a0\u00a0\u00a0\u00a0\u00a0\u00a0\u00a0\u00a0\u00a0\u00a0\u00a0\u00a0\u00a0\u00a0\u00a0\u00a0\u00a0\u00a0\u00a0\u00a0\u00a0\u00a0\u00a0\u00a0\u00a0\u00a0\u00a0\u00a0\u00a0\u00a0\u00a0\u00a0\u00a0\u00a0\u00a0\u00a0\u00a0\u00a0\u00a0\u00a0\u00a0\u00a0\u00a0\u00a0\u00a0\u00a0\u00a0\u00a0\u00a0\u00a0\u00a0\u00a0\u00a0\u00a0\u00a0\u00a0\u00a0\u00a0\u00a0\u00a0\u00a0\u00a0\u00a0\u00a0\u00a0\u00a0\u00a0\u00a0\u00a0\u00a0\u00a0\u00a0\u00a0\u00a0\u00a0\u00a0\u00a0\u00a0\u00a0\u00a0\u00a0\u00a0\u00a0\u00a0\u00a0\u00a0\u00a0<\/p>\r\n<p><strong>Tekst ukaza\u0142 si\u0119 na pocz\u0105tku 2014 roku. Kilka miesi\u0119cy po nim Jerzy Owsiak popar\u0142 blu\u017anierczy spektakl &#8222;Golgota Picnic&#8221;.<\/strong><\/p>\r\n<p class=\"zrodlo\">Za: <a href=\"http:\/\/www.pch24.pl\/katolicy-a-wosp,20387,i.html\">Polonia Christiana &#8211; pch24.pl (2015-01-08)<\/a><\/p>\r\n<p>&nbsp;<\/p>\r\n<hr style=\"background-color: #000000; border-width: 0; color: #000000; height: 2px; line-height: 0; text-align: center; width: 100%;\" \/>\r\n<h2>Ochojska: krytykujesz Owsiaka? Podpisz deklaracj\u0119, \u017ce nie chcesz ratowa\u0107 \u017cycia swojego dziecka<\/h2>\r\n<p><strong>Za\u0142o\u017cycielka Polskiej Akcji Humanitarnej, Janina Ochojska stan\u0119\u0142a w obronie krytykowanego Jerzego Owsiaka, ewidentnie przekraczaj\u0105c granice zdrowego rozs\u0105dku.<\/strong><\/p>\r\n<p>\u201eJe\u015bli uwa\u017casz \u017ce Owsiak czyni z\u0142o to podpisz deklaracj\u0119 nieratowania Twojego dziecka tym sprz\u0119tem\u201d &#8211; napisa\u0142a Ochojska na Twitterze, za\u0142\u0105czaj\u0105c informacje o sprz\u0119cie, zakupionym do szpitali przez WO\u015aP.<\/p>\r\n<p>Ochojska odnios\u0142a si\u0119 w ten spos\u00f3b do propozycji niekt\u00f3rych internaut\u00f3w, by podpisywa\u0107 specjaln\u0105 deklaracj\u0119 zawieraj\u0105c\u0105 odmow\u0119 leczenia sprz\u0119tem zakupionym przez WO\u015aP.<\/p>\r\n<p>Jednak inni, krytyczni wobec inicjatywy Owsiaka internauci pytali Ochojsk\u0105 o r\u00f3\u017cnice mi\u0119dzy ocen\u0105 moraln\u0105 szefa WO\u015aP, a prawem do korzystania ze sprz\u0119tu, kt\u00f3ry nabyto z funduszy zebranych przez Fundacj\u0119.<\/p>\r\n<p>Z kolei publicysta \u201eDo Rzeczy\u201d, Wojciech Wybranowski przypomnia\u0142, \u017ce \u201ezbi\u00f3rka Owsiaka odbywa si\u0119 z olbrzymim zaanga\u017cowaniem \u015brodk\u00f3w publicznych, na kt\u00f3re sk\u0142adaj\u0105 si\u0119 tak\u017ce krytycy Owsiaka\u201d. Publicysta, Robert Mazurek w li\u015bcie otwartym do Ochojskiej zwr\u00f3ci\u0142 uwag\u0119 na oczywisto\u015b\u0107, kt\u00f3rej szefowa PAH zdaje si\u0119 nie dostrzega\u0107 &#8211; ka\u017cdy, kto p\u0142aci sk\u0142adki NFZ powinien mie\u0107 prawo do korzystania z podstawowego sprz\u0119tu medycznego. &#8222;Czy nie mam prawa oczekiwa\u0107, \u017ce w najlepszej klinice dzieci\u0119cej w Polsce b\u0119dzie dzia\u0142a\u0142 podstawowy sprz\u0119t medyczny? I czy ponosz\u0119 odpowiedzialno\u015b\u0107 za to, \u017ce pa\u0144stwo\/NFZ ze swych obowi\u0105zk\u00f3w abdykuje przerzucaj\u0105c je na barki fundacji? Nikt mi nie daje wyboru: aparat \u201eowsiakowy\u201d czy \u201enieowsiakowy\u201d, nawet je\u015bli wyb\u00f3r taki mia\u0142by dla mnie jakiekolwiek znaczenie. A nie ma&#8221; &#8211; napisa\u0142 Mazurek.<\/p>\r\n<p>\u0179r\u00f3d\u0142o: natemat.pl<\/p>\r\n<p>ged<\/p>\r\n<blockquote>\r\n<p>[<strong>Wybrane komentarze internaut\u00f3w pod w\/w wpisem na stronie \u017ar\u00f3d\u0142owej:<\/strong>]<\/p>\r\n<p><em>pinokio<\/em><br \/>ochojska nie chcialas pomagac mieszkancom donbasu ,wiec milcz.<\/p>\r\n<p><em>maki<\/em><br \/> jej waln\u0119\u0142o. ka\u017cdego miesi\u0105ca podpisuj\u0119 deklaracj\u0119 w obronie \u017cycia najbli\u017cszych p\u0142ac\u0105c sk\u0142adk\u0119 na ubezpieczenie zdrowotne. ale nie chce p\u0142aci\u0107 na przekr\u0119ty p. owsiaka<\/p>\r\n<p><em>Observator<\/em><br \/> Pani\u0105 Janin\u0119 Ochojsk\u0105 uznawa\u0142em dotychczas za wz\u00f3r kobiety aktywnej i rozs\u0105dnej. Jej &#8222;apel&#8221; o podpisywanie o\u015bwiadcze\u0144 na temat nieleczenia dzieci przy u\u017cyciu &#8222;Owsiakowego&#8221; sprz\u0119tu uwa\u017cam za prymitywn\u0105 demagogi\u0119 wyra\u017con\u0105 w &#8222;najlepszym&#8221; PRL-wskim stylu. Poniewa\u017c ju\u017c inni internauci wcze\u015bniej opisali bardzo trafnie \u017ar\u00f3d\u0142a tej patologii, czuj\u0119 si\u0119 zwolniony z obowi\u0105zku uzasadnienia wyra\u017conego pogl\u0105du. Natomiast deklaracja pani Janiny zawiera wszelkie cechy korporacyjnej solidarno\u015bci.<\/p>\r\n<p><em>Leo<\/em><br \/> Ochojska i Owsiak stali si\u0119 gazowym parawanem III RP. I nic nie zrobisz. Nawet nie podejdziesz.<\/p>\r\n<\/blockquote>\r\n<p class=\"zrodlo\">Za: <a href=\"http:\/\/www.pch24.pl\/ochojska--krytykujesz-owsiaka--podpisz-deklaracje--ze-nie-chcesz-ratowac-zycia-swojego-dziecka,33223,i.html\">Polonia Christiana &#8211; pch24.pl (2015-01-09)<\/a><\/p>\r\n<p>&nbsp;<\/p>\r\n<hr style=\"background-color: #000000; border-width: 0; color: #000000; height: 2px; line-height: 0; text-align: center; width: 100%;\" \/>\r\n<h2>Stanis\u0142aw Michalkiewicz: \u015arodowisko dziennikarskie w Polsce to kupa g\u00f3wna! \u015amierdz\u0105cego! Banda zasra\u0144c\u00f3w!<\/h2>\r\n<p>[youtube W0SmE87ZgbI]<\/p>","protected":false},"excerpt":{"rendered":"W niedziel\u0119 kolejny \u201efina\u0142\u201d WO\u015aP. Cho\u0107 Jerzy Owsiak zyska\u0142 w wielkich polskich mediach status nietykalnego czy wr\u0119cz \u015bwieckiego \u015bwi\u0119tego, coraz liczniejsze grono Polak\u00f3w &#8211; pr\u00f3cz zachwytu &#8211; sta\u0107 r\u00f3wnie\u017c na refleksj\u0119 nad jego dzia\u0142alno\u015bci\u0105. Dotyczy to r\u00f3wnie\u017c katolik\u00f3w. Ostatnie \u201efina\u0142y Wielkiej Orkiestry \u015awi\u0105tecznej Pomocy\u201d nie przebieg\u0142y w tak hurraoptymistycznej atmosferze jak poprzednie. To dzi\u0119ki rozwojowi [&hellip;]","protected":false},"author":1,"featured_media":0,"comment_status":"closed","ping_status":"closed","sticky":false,"template":"","format":"standard","meta":{"_acf_changed":false,"_monsterinsights_skip_tracking":false,"_monsterinsights_sitenote_active":false,"_monsterinsights_sitenote_note":"","_monsterinsights_sitenote_category":0,"ngg_post_thumbnail":0,"footnotes":"","_wp_rev_ctl_limit":""},"categories":[8],"tags":[105,92,226,20],"acf":[],"_links":{"self":[{"href":"https:\/\/www.bibula.com\/index.php?rest_route=\/wp\/v2\/posts\/78981"}],"collection":[{"href":"https:\/\/www.bibula.com\/index.php?rest_route=\/wp\/v2\/posts"}],"about":[{"href":"https:\/\/www.bibula.com\/index.php?rest_route=\/wp\/v2\/types\/post"}],"author":[{"embeddable":true,"href":"https:\/\/www.bibula.com\/index.php?rest_route=\/wp\/v2\/users\/1"}],"replies":[{"embeddable":true,"href":"https:\/\/www.bibula.com\/index.php?rest_route=%2Fwp%2Fv2%2Fcomments&post=78981"}],"version-history":[{"count":0,"href":"https:\/\/www.bibula.com\/index.php?rest_route=\/wp\/v2\/posts\/78981\/revisions"}],"wp:attachment":[{"href":"https:\/\/www.bibula.com\/index.php?rest_route=%2Fwp%2Fv2%2Fmedia&parent=78981"}],"wp:term":[{"taxonomy":"category","embeddable":true,"href":"https:\/\/www.bibula.com\/index.php?rest_route=%2Fwp%2Fv2%2Fcategories&post=78981"},{"taxonomy":"post_tag","embeddable":true,"href":"https:\/\/www.bibula.com\/index.php?rest_route=%2Fwp%2Fv2%2Ftags&post=78981"}],"curies":[{"name":"wp","href":"https:\/\/api.w.org\/{rel}","templated":true}]}}