{"id":7891,"date":"2009-03-20T11:56:07","date_gmt":"2009-03-20T16:56:07","guid":{"rendered":"http:\/\/www.bibula.com\/?p=7891"},"modified":"2009-03-20T11:56:07","modified_gmt":"2009-03-20T16:56:07","slug":"w-niemieckich-mediach-ponownie-pojawilo-sie-okreslenie-%e2%80%9epolski-oboz%e2%80%9d","status":"publish","type":"post","link":"https:\/\/www.bibula.com\/?p=7891","title":{"rendered":"W niemieckich mediach ponownie pojawi\u0142o si\u0119 okre\u015blenie \u201epolski ob\u00f3z&#8221;"},"content":{"rendered":"<div class=\"index_wiadomosc_content_pierwsze_intro\">W niemieckich mediach ponownie pojawi\u0142o si\u0119 okre\u015blenie \u201epolski ob\u00f3z\u201d w odniesieniu do hitlerowskiego obozu koncentracyjnego. Takiego sformu\u0142owania najpierw u\u017cy\u0142a Niemiecka Agencja Prasowa DPA, p\u00f3\u017aniej pojawi\u0142o si\u0119 ono na kilku portalach internetowych.<\/div>\r\n<div class=\"index_wiadomosc_content_pierwsze_intro\"><br \/>\r\n<\/div>\r\n<div><span class=\"index_wiadomosc_content_pierwsze_tresc\"> DPA nazwa\u0142a \u201epolskim obozem pracy\u201d ob\u00f3z w Trawnikach. Wczoraj w depeszy z Waszyngtonu na temat ekstradycji by\u0142ego SS-mana Josiasa Kumpfa ze Stan\u00f3w Zjednoczonych do Austrii niemiecka agencja napisa\u0142a, \u017ce bra\u0142 on udzia\u0142 w masakrze o\u015bmiu tysi\u0119cy \u017byd\u00f3w w \u201epolskim obozie pracy w Trawnikach\u201d. DPA pisze, \u017ce tak\u0105 informacj\u0119 przekaza\u0142 departament sprawiedliwo\u015bci Stan\u00f3w Zjednoczonych.<br \/>\r\nW redakcji DPA interweniowa\u0142a ju\u017c polska ambasada w Berlinie. Jak powiedzia\u0142a rzeczniczka plac\u00f3wki Maria Bartczak, polskich dyplomat\u00f3w zapewniono, \u017ce b\u0142\u0119dna informacja zostanie natychmiast poprawiona.<br \/>\r\n<br \/>\r\nWcze\u015bniej jednak w wersji opublikowanej przez DPA umie\u015bci\u0142o j\u0105 w internecie kilka portali informacyjnych, w tym internetowe wydania niekt\u00f3rych niemieckich dziennik\u00f3w.<br \/>\r\n<br \/>\r\nJosias Kumpf jest oskar\u017cony o dokonanie masakry na \u017cydowskich wi\u0119\u017aniach obozu w Trawnikach. W listopadzie 1943 roku w ramach akcji likwidacyjnej \u201eDo\u017cynki\u201d zamordowano w nim osiem tysi\u0119cy os\u00f3b.<br \/>\r\n<br \/>\r\nIAR\/GJ <\/span><\/div>\r\n<div><br \/>\r\n<\/div>\r\n<div><span class=\"index_wiadomosc_content_pierwsze_tresc\">Za: <a href=\"http:\/\/www.prawy.pl\/?dz=nowosci&amp;id=43423&amp;subdz=&amp;where=rss\" target=\"_blank\">prawy.pl<\/a><\/span><\/div>\r\n<div><span class=\"index_wiadomosc_content_pierwsze_tresc\"><br \/>\r\n<\/span><\/div>\r\n<!--a class=\"index_wiadomosc_content_pierwsze_wiecej_link\" href=\"http:\/\/prawy.pl\/send_artykul.php?dz=nowosci&amp;id=43423&amp;subdz=\"-->\r\n\r\n\r\n<p><a class=\"index_wiadomosc_content_pierwsze_wiecej_link\" onclick=\"javascript:window.open('send_artykul.php?dzial=nowosci&amp;id=43423&amp;title=W niemieckich mediach ponownie pojawi\u0142o si\u0119 okre\u015blenie &amp;#8222;polski ob\u00f3z&amp;#8221;','wyslij_artykul','width=500,height=400')\" href=\"http:\/\/www.prawy.pl\/?dz=nowosci&amp;id=43423&amp;subdz=&amp;where=rss#\"> <\/a><\/p>","protected":false},"excerpt":{"rendered":"W niemieckich mediach ponownie pojawi\u0142o si\u0119 okre\u015blenie \u201epolski ob\u00f3z\u201d w odniesieniu do hitlerowskiego obozu koncentracyjnego. Takiego sformu\u0142owania najpierw u\u017cy\u0142a Niemiecka Agencja Prasowa DPA, p\u00f3\u017aniej pojawi\u0142o si\u0119 ono na kilku portalach internetowych. DPA nazwa\u0142a \u201epolskim obozem pracy\u201d ob\u00f3z w Trawnikach. Wczoraj w depeszy z Waszyngtonu na temat ekstradycji by\u0142ego SS-mana Josiasa Kumpfa ze Stan\u00f3w Zjednoczonych do [&hellip;]","protected":false},"author":1,"featured_media":0,"comment_status":"closed","ping_status":"closed","sticky":false,"template":"","format":"standard","meta":{"_acf_changed":false,"_monsterinsights_skip_tracking":false,"_monsterinsights_sitenote_active":false,"_monsterinsights_sitenote_note":"","_monsterinsights_sitenote_category":0,"ngg_post_thumbnail":0,"footnotes":"","_wp_rev_ctl_limit":""},"categories":[6],"tags":[65,59],"acf":[],"_links":{"self":[{"href":"https:\/\/www.bibula.com\/index.php?rest_route=\/wp\/v2\/posts\/7891"}],"collection":[{"href":"https:\/\/www.bibula.com\/index.php?rest_route=\/wp\/v2\/posts"}],"about":[{"href":"https:\/\/www.bibula.com\/index.php?rest_route=\/wp\/v2\/types\/post"}],"author":[{"embeddable":true,"href":"https:\/\/www.bibula.com\/index.php?rest_route=\/wp\/v2\/users\/1"}],"replies":[{"embeddable":true,"href":"https:\/\/www.bibula.com\/index.php?rest_route=%2Fwp%2Fv2%2Fcomments&post=7891"}],"version-history":[{"count":0,"href":"https:\/\/www.bibula.com\/index.php?rest_route=\/wp\/v2\/posts\/7891\/revisions"}],"wp:attachment":[{"href":"https:\/\/www.bibula.com\/index.php?rest_route=%2Fwp%2Fv2%2Fmedia&parent=7891"}],"wp:term":[{"taxonomy":"category","embeddable":true,"href":"https:\/\/www.bibula.com\/index.php?rest_route=%2Fwp%2Fv2%2Fcategories&post=7891"},{"taxonomy":"post_tag","embeddable":true,"href":"https:\/\/www.bibula.com\/index.php?rest_route=%2Fwp%2Fv2%2Ftags&post=7891"}],"curies":[{"name":"wp","href":"https:\/\/api.w.org\/{rel}","templated":true}]}}