{"id":7867,"date":"2009-03-19T21:29:29","date_gmt":"2009-03-20T02:29:29","guid":{"rendered":"http:\/\/www.bibula.com\/?p=7867"},"modified":"2009-03-19T21:29:29","modified_gmt":"2009-03-20T02:29:29","slug":"zbrodniarz-wojenny-nowym-ministrem-izraela","status":"publish","type":"post","link":"https:\/\/www.bibula.com\/?p=7867","title":{"rendered":"Zbrodniarz wojenny nowym ministrem Izraela?"},"content":{"rendered":"<p>Izraelski genera\u0142, kt\u00f3ry 4 lata temu odwo\u0142a\u0142 swoja wizyt\u0119 w Anglii w obawie przed aresztowaniem i oskar\u017ceniem o zbrodnie wojenne zostanie prawdopodobnie nowym ministrem obrony Izraela.Nie b\u0119dzie to pierwszy zbrodniarz na wysokim stanowisku w tym kraju.                                                                  \t\t\t\t\t  58-letni Moshe &#8222;Boogie&#8221; Ya&#8217;alon zgodzi\u0142 si\u0119 przyj\u0105\u0107 pozycje ministra obrony w rz\u0105dzie Benjamina Netanyahu. Problemy prawne genera\u0142a zaczely si\u0119 od decyzji o zamordowaniu jednego z lider\u00f3w Hamasu Salaha Shehadeha w 2002 roku. Shehadeh wg Izraela by\u0142 odpowiedzialny za produkcje rakiet wystrzeliwanych na terytorium Izraela. Zgin\u0105\u0142 podczas bombardowania jego domu gdzie ukrywa\u0142 si\u0119 wraz z rodzina. Zgin\u0119\u0142o wtedy 14 os\u00f3b w tym zona Shehadeha i jego 9 dzieci. Ya&#8217;alon zosta\u0142 oskar\u017cony przez grupy palesty\u0144skie o pomoc w planowaniu ekspansji na Stref\u0119 Gazy. Z obawy przed aresztowaniem w Wlk Brytanii musia\u0142 on odwola\u0107 swoj\u0105 wizyt\u0119 w tym kraju w 2005 roku, gdzie mia\u0142 uczestniczy\u0107 w imprezie organizowanej na rzecz opieki socjalnej nad izraelskimi \u017co\u0142nierzami (!).<br \/>\r\nRozw\u015bcieczony ta sytuacja Ya&#8217;alon, kt\u00f3ry jest absolwentem brytyjskiej akademii wojskowej w Camberley, pisa\u0142 w otwartym li\u015bcie do Tony&#8217;ego Blaira: &#8222;Tak d\u0142ugo jak ja, syn zolnierza \u017cydowskiej brygady w armii brytyjskiej, kt\u00f3ry po\u015bwi\u0119ci\u0142 swoje \u017cycie walce z tymi, kt\u00f3rzy atakuj\u0105 Izrael, zach\u00f3d i jego kultur\u0119 <strong>(kultura zachodnia=kultura \u017cydowska? -red)<\/strong>, jestem zmuszony do rezygnacji z plan\u00f3w podr\u00f3\u017cy do Wlk Brytanii w obawie przed aresztowaniem na podstawie bezpodstawnych, propagandowych zarzut\u00f3w o zbrodnie wojenne, tak d\u0142ugo nie ma szans na sukces w naszej walce przeciwko wojuj\u0105cemu islamowi&#8221;.<br \/>\r\nGor\u0105cy or\u0119downik bombardowania ira\u0144skich obiekt\u00f3w nuklearnych, Ya&#8217;alon byl szefem Sayaret Matkal, elity izraelskich komandos\u00f3w, w czasie gdy Netanyahu byl rezerwista tej brygady. Po wst\u0105pieniu do partii Likud zosta\u0142 wybrany do Knessetu.<br \/>\r\nYa&#8217;alon powrocil do wojska po wojnie Yom Kippur w 1973 roku, i s\u0142uzy\u0142 jako rezerwista.W 1988 dowodzi\u0142 rajdem na wille lidera Organizacji Wyzwolenia Palestyny Khalila al-Wazira. Ludzie Ya&#8217;alona poder\u017cn\u0119li gard\u0142o ochroniarzowi willi, a po wdarciu si\u0119 do \u015brodka zastrzelili palesty\u015bskiego lidera na oczach jego dzieci.<br \/>\r\nSpecyficzna sytuacja Izraela skutkuje tym ze na najwy\u017cszych stanowiskach pa\u0144stwowych cz\u0119sto zasiadaj\u0105 wysocy ranga wojskowi, cz\u0119sto maj\u0105cy na swym koncie masakry ludno\u015bci cywilnej, kt\u00f3rzy powinni by\u0107 sadzeni jako zbrodniarze wojenni. Tymczasem za kratki trafi\u0107 mo\u017cna za nazywanie bandyckim pa\u0144stwa w kt\u00f3rym w\u0142adz\u0119 sprawuj\u0105 mordercy.<\/p>\r\n\r\n<p class=\"zrodlo\" style=\"text-align: left;\">za: eseswu.blogspot.com<\/p>\r\n\r\n<p class=\"zrodlo\" style=\"text-align: left;\">Za: <a href=\"http:\/\/www.nacjonalista.org\/wiadomosci.php?id=6006\" target=\"_blank\">Nacjonalista.pl<\/a><\/p>\r\n\r\n<p class=\"zrodlo\" style=\"text-align: left;\">\u00a0<\/p>","protected":false},"excerpt":{"rendered":"Izraelski genera\u0142, kt\u00f3ry 4 lata temu odwo\u0142a\u0142 swoja wizyt\u0119 w Anglii w obawie przed aresztowaniem i oskar\u017ceniem o zbrodnie wojenne zostanie prawdopodobnie nowym ministrem obrony Izraela.Nie b\u0119dzie to pierwszy zbrodniarz na wysokim stanowisku w tym kraju. 58-letni Moshe &#8222;Boogie&#8221; Ya&#8217;alon zgodzi\u0142 si\u0119 przyj\u0105\u0107 pozycje ministra obrony w rz\u0105dzie Benjamina Netanyahu. Problemy prawne genera\u0142a zaczely si\u0119 [&hellip;]","protected":false},"author":1,"featured_media":0,"comment_status":"closed","ping_status":"closed","sticky":false,"template":"","format":"standard","meta":{"_acf_changed":false,"_monsterinsights_skip_tracking":false,"_monsterinsights_sitenote_active":false,"_monsterinsights_sitenote_note":"","_monsterinsights_sitenote_category":0,"ngg_post_thumbnail":0,"footnotes":"","_wp_rev_ctl_limit":""},"categories":[6],"tags":[61],"acf":[],"_links":{"self":[{"href":"https:\/\/www.bibula.com\/index.php?rest_route=\/wp\/v2\/posts\/7867"}],"collection":[{"href":"https:\/\/www.bibula.com\/index.php?rest_route=\/wp\/v2\/posts"}],"about":[{"href":"https:\/\/www.bibula.com\/index.php?rest_route=\/wp\/v2\/types\/post"}],"author":[{"embeddable":true,"href":"https:\/\/www.bibula.com\/index.php?rest_route=\/wp\/v2\/users\/1"}],"replies":[{"embeddable":true,"href":"https:\/\/www.bibula.com\/index.php?rest_route=%2Fwp%2Fv2%2Fcomments&post=7867"}],"version-history":[{"count":0,"href":"https:\/\/www.bibula.com\/index.php?rest_route=\/wp\/v2\/posts\/7867\/revisions"}],"wp:attachment":[{"href":"https:\/\/www.bibula.com\/index.php?rest_route=%2Fwp%2Fv2%2Fmedia&parent=7867"}],"wp:term":[{"taxonomy":"category","embeddable":true,"href":"https:\/\/www.bibula.com\/index.php?rest_route=%2Fwp%2Fv2%2Fcategories&post=7867"},{"taxonomy":"post_tag","embeddable":true,"href":"https:\/\/www.bibula.com\/index.php?rest_route=%2Fwp%2Fv2%2Ftags&post=7867"}],"curies":[{"name":"wp","href":"https:\/\/api.w.org\/{rel}","templated":true}]}}