{"id":78590,"date":"2014-12-18T08:59:39","date_gmt":"2014-12-18T13:59:39","guid":{"rendered":"http:\/\/www.bibula.com\/?p=78590"},"modified":"2020-09-19T17:38:23","modified_gmt":"2020-09-19T21:38:23","slug":"lasy-panstwowe-uratowane-przed-szkodliwymi-zmianami-w-konstytucji","status":"publish","type":"post","link":"https:\/\/www.bibula.com\/?p=78590","title":{"rendered":"Lasy Pa\u0144stwowe uratowane przed szkodliwymi zmianami w konstytucji"},"content":{"rendered":"<p><strong>Sejm nie wprowadzi\u0142 do konstytucji zmiany, kt\u00f3ra mog\u0142aby stanowi\u0107 zagro\u017cenie dla Las\u00f3w Pa\u0144stwowych. Zmiana, kt\u00f3rej nie przyj\u0119to, stanowi\u0142a, \u017ce lasy stanowi\u0105ce w\u0142asno\u015b\u0107 Skarbu Pa\u0144stwa nie podlegaj\u0105 przekszta\u0142ceniom w\u0142asno\u015bciowym z wyj\u0105tkiem uzasadnionego celu publicznego.<\/strong><\/p>\r\n<div class=\"cut1\">[&#8230;] <span class=\"podpis_sz\">Ca\u0142y tekst dost\u0119pny w materiale \u017ar\u00f3d\u0142owym<\/span><\/div>\r\n<p><em>PAP\/mall<\/em><br \/>\r\n<em><a href=\"http:\/\/wpolityce.pl\/polityka\/226338-lasy-panstwowe-uratowane-przed-szkodliwymi-zmianami-w-konstytucji\" target=\"_blank\" rel=\"noopener noreferrer\">http:\/\/wpolityce.pl<\/a><\/em><\/p>\r\n<p><em>Nie ma si\u0119 z czego cieszy\u0107.<\/em><br \/>\r\n<em> Po pierwsze du\u017ca wi\u0119kszo\u015b\u0107 pos\u0142\u00f3w by\u0142a za wyprzeda\u017c\u0105 las\u00f3w i wszystkiego, na czym stoj\u0105: ziemi, g\u00f3r, rzek, jezior, bogactw naturalnych. Nie b\u0119dzie problemem powt\u00f3rzy\u0107 &#8211; zgodnie z wzorcami Unii Europejskiej &#8211; g\u0142osowanie tyle razy, a\u017c da wynik zgodny z za\u0142o\u017ceniami bandy agent\u00f3w i \u0142ajdak\u00f3w rz\u0105dz\u0105cych Polsk\u0105.<\/em><br \/>\r\n<em> Po drugie &#8211; co to znaczy \u201e<strong>z wyj\u0105tkiem uzasadnionego celu publicznego<\/strong>\u201e? Kto b\u0119dzie decydowa\u0142 o wyj\u0105tkowo\u015bci celu publicznego? Ot\u00f3\u017c b\u0119dzie to m\u00f3g\u0142 zrobi\u0107 Sejm zwyk\u0142\u0105 wi\u0119kszo\u015bci\u0105 jednego g\u0142osu, co te\u017c i bez trudu uczyni. Mo\u017ce si\u0119 okaza\u0107, \u017ce uzasadnionym\u00a0\u00a0celem publicznym jest jaki\u015b zagraniczny biznesmen z korzeniami.<\/em><br \/>\r\n<em> Chod\u017acie po lasach, zbierajcie grzyby i jagody, oddychajcie dobrym powietrzem &#8211; zanim poszczuj\u0105 was rotweilerami.<\/em><br \/>\r\n<em> Admin<\/em><\/p>\r\n<p class=\"zrodlo\">Za: <a href=\"http:\/\/marucha.wordpress.com\/2014\/12\/18\/lasy-panstwowe-uratowane-przed-szkodliwymi-zmianami-w-konstytucji\/\">Dziennik gajowego Maruchy (2014-12-18)<\/a><\/p>\r\n<hr style=\"background-color: #000000; border-width: 0; color: #000000; height: 2px; line-height: 0; text-align: center; width: 100%;\" \/>\r\n<h2 class=\"article-title\">Pokr\u0119tne dzia\u0142ania koalicji ws. Polskich Las\u00f3w<\/h2>\r\n<p><a href=\"http:\/\/www.radiomaryja.pl\/multimedia\/pokretne-dzialania-koalicji-ws-polskich-lasow\/\">Radio Maryja<\/a><\/p>\r\n<p>Prof. Jan Szyszko (pose\u0142 PiS, by\u0142y minister \u015brodowiska); Dariusz B\u0105k\u00a0(pose\u0142 PiS)<\/p>\r\n<div class=\"audio_wrap html5audio\">\r\n<p><object id=\"f-html5audio-0\" data=\"http:\/\/www.radiomaryja.pl\/wp-content\/plugins\/degradable-html5-audio-and-video\/incl\/player.swf\" type=\"application\/x-shockwave-flash\" name=\"f-html5audio-0\" width=\"290\" height=\"24\"><\/object><\/p>\r\n<p><span style=\"text-decoration: underline;\"><a href=\"http:\/\/www.radiomaryja.pl\/wp-content\/uploads\/2014\/12\/2014.12.18.akt-szyszko-bak.mp3\">Pobierz<\/a><\/span><\/p>\r\n<hr style=\"background-color: #000000; border-width: 0; color: #000000; height: 2px; line-height: 0; text-align: center; width: 100%;\" \/>\r\n<p><strong><em>Artykul opublikowany przed glosowniem<\/em><\/strong><\/p>\r\n<blockquote>\r\n<h2>O le\u015bnikach<\/h2>\r\n<p><strong>Dzi\u015b w nocy, w sejmie ma si\u0119 odby\u0107 g\u0142osowanie nad referendum w sprawie las\u00f3w. Nie wiem jaki b\u0119dzie efekt tego g\u0142osowania, ale sam fakt, \u017ce zosta\u0142o zaplanowane na godziny nocne, kilka dni przed \u015bwi\u0119tami zalatuje zamachem stanu. Konstytucja 3 maja na odwyrtk\u0119 po prostu. Kto\u015b liczy na nieobecno\u015b\u0107 pos\u0142\u00f3w PiS albo na ich og\u0142upienie i brak dyscypliny. <\/strong><\/p>\r\n<p>Nie wiem, jak powiadam jak to si\u0119 sko\u0144czy, ale postanowi\u0142em napisa\u0107 kilka s\u0142\u00f3w o le\u015bnikach przy tej okazji. By\u0107 mo\u017ce to ju\u017c ostatni moment, by co\u015b o nich napisa\u0107.<br \/>\r\nIn\u017cynierowie pracuj\u0105cy w lasach pa\u0144stwowych s\u0105 w mojej ocenie jedn\u0105 z ostatnich grup zawodowych w Polsce, kt\u00f3re odebra\u0142y gruntowne wykszta\u0142cenie. Tak zawodowe jak i og\u00f3lne.<\/p>\r\n<p><span id=\"more-47661\"><\/span>Le\u015bnicy, w ramach swojej pracy, kt\u00f3ra zawsze jest misj\u0105, chc\u0105 czy nie chc\u0105 musz\u0105 interesowa\u0107 si\u0119 takimi sprawami jak w\u0142asno\u015b\u0107 ziemi i jej historia. To stawia ich w roli zbli\u017conej do tej jak\u0105 dawno temu odgrywa\u0142o ziemia\u0144stwo. Le\u015bnicy, tak jak ich pami\u0119tam, by\u0107 mo\u017ce co\u015b si\u0119 zmieni\u0142o, byli zawsze bardzo \u015bwiadomi swojej szczeg\u00f3lnej funkcji i wyczuleni na pr\u00f3by jej zdeprecjonowania. Te za\u015b podejmowano zawsze, szydzenie z le\u015bnik\u00f3w to ulubiony sport kretyn\u00f3w ufaj\u0105cych w to, \u017ce meble bior\u0105 si\u0119 z fabryki mebli, a papier z papierni w Konstancinie, gdzie przerabia si\u0119 makulatur\u0119.<\/p>\r\n<p>Przez ostatnie dwadzie\u015bcia pi\u0119\u0107 lat ludzie pracuj\u0105cy w zawodzie poddawani s\u0105 procesowi nieustaj\u0105cego rozmi\u0119kczania, kt\u00f3ry prowadzi wprost do tego, by ich zdegradowa\u0107, by zrobi\u0107 z nich psiarczyk\u00f3w. Nie ukrywam, \u017ce wielu pracownik\u00f3w las\u00f3w czeka na t\u0119 zmian\u0119 funkcji z ut\u0119sknieniem, bo wydaje im si\u0119, \u017ce ich los b\u0119dzie wtedy lepszy. Nie b\u0119dzie. B\u0119dzie stokro\u0107 gorszy, a ich degradacja b\u0119dzie jedn\u0105 z najbole\u015bniejszych i najbardziej przykrych degradacji jakie zna \u015bwiat.<\/p>\r\n<p>Nikt bowiem nie b\u0119dzie si\u0119 litowa\u0142 nad oszukanymi le\u015bnikami, poniewa\u017c nikt nie rozumie na czym polega ich misja. Smutne jest to, \u017ce wielu z nich tak\u017ce tego nie rozumie. S\u0105 nawet tacy, kt\u00f3rzy uwa\u017caj\u0105, \u017ce prywatyzacja las\u00f3w spowoduje, \u017ce oni tak\u017ce stan\u0105 si\u0119 ich w\u0142a\u015bcicielami. To jest umys\u0142owa aberracja. <strong>\u0179adna wielka w\u0142asno\u015b\u0107, a lasy s\u0105 wielk\u0105 w\u0142asno\u015bci\u0105, kt\u00f3ra ulega podzia\u0142owi i tak zwanej prywatyzacji nie utrzyma si\u0119 w r\u0119kach pojedynczych ludzi.<\/strong><\/p>\r\n<p>Lasy stan\u0105 si\u0119 w kr\u00f3tkim czasie w\u0142asno\u015bci\u0105 bank\u00f3w, podejrzanych organizacji ekologicznych i wielkich koncern\u00f3w. Lasy te zostan\u0105 nast\u0119pnie wyr\u0105bane i sprzedane, a ewentualne pr\u00f3by ich odnowienia zako\u0144cz\u0105 si\u0119 kl\u0119sk\u0105 bo nie b\u0119dzie nikogo, kto wiedzia\u0142by jak si\u0119 tym zaj\u0105\u0107. Nie b\u0119dzie te\u017c zainteresowania ze strony nowych w\u0142a\u015bcicieli, kt\u00f3rzy zajm\u0105 si\u0119 w tym czasie prywatyzowaniem las\u00f3w na Ukrainie. Ziemia po lasach zostanie sprzedana developerom albo koncernom g\u00f3rniczym je\u015bli oka\u017ce si\u0119, \u017ce co\u015b pod ni\u0105 le\u017cy.<\/p>\r\n<p>Media mog\u0105 ten rabunek przedstawi\u0107 jako gospodarczy sukces Polski i pokaza\u0107 ile to ludzi znalaz\u0142o prac\u0119 dzi\u0119ki prywatyzacji las\u00f3w, ale to b\u0119dzie jedno z wielu k\u0142amstw s\u0105czonych nam do g\u0142\u00f3w i nic wi\u0119cej.<\/p>\r\n<p><strong>Prywatyzacja las\u00f3w to ostateczne zerwanie z przesz\u0142o\u015bci\u0105 Polak\u00f3w, przesz\u0142o\u015bci\u0105 rozumnego u\u017cytkowania w\u0142asno\u015bci.<\/strong> Lasy s\u0105 bowiem ostatnim elementem dawnej, polskiej tradycji, kt\u00f3rej centralnym punktem by\u0142a wielka w\u0142asno\u015b\u0107. Lasy jako organizacja nale\u017c\u0105 do pa\u0144stwa czyli do nas wszystkich, nale\u017cy do nas tak\u017ce grunt i dobro, kt\u00f3re u\u017cytkuj\u0105. Nie jest to bynajmniej fikcja, ale o tym przekonamy si\u0119 dopiero wtedy kiedy ca\u0142e wyprodukowane w polskich lasach drewno zostanie wywiezione do Niemiec, a cena papieru skoczy tak, \u017ce nie b\u0119dzie si\u0119 ju\u017c op\u0142aca\u0142o wydawanie \u201enaszych\u201d, opiniotw\u00f3rczych tygodnik\u00f3w. Nie wcze\u015bniej.<\/p>\r\n<p>Ludzie podejmuj\u0105cy w publicznym dyskursie kwesti\u0119 obrony las\u00f3w przed prywatyzacj\u0105 s\u0105 zwykle w mediach przedstawiani jako nieszkodliwi wariaci, a dzieje si\u0119 tak dlatego, \u017ce las postrzegany jest zwykle w sensach rekreacyjnych i zoologicznych. Nie za\u015b jako ostatnia wielka w\u0142asno\u015b\u0107, kt\u00f3ra nam pozosta\u0142a.<\/p>\r\n<p>Zmieni\u0107 ten spos\u00f3b narracji b\u0119dzie bardzo trudno, a to ze wzgl\u0119du na przyrodzone ograniczenia dziennikarzy i ich ujawniaj\u0105cy si\u0119 coraz bardziej agresywnie kretynizm. Zwykle w czasie takich medialnych ustawek okazuje si\u0119, \u017ce wszystko jest wa\u017cniejsze, ni\u017c utrzymanie pa\u0144stwowej w\u0142asno\u015bci w lasach. Bo niby c\u00f3\u017c by si\u0119 mia\u0142o sta\u0107 w razie tej prywatyzacji? Ot\u00f3\u017c zmiana b\u0119dzie zasadnicza i istotna. Polacy zamieni\u0105 si\u0119 po takim zabiegu w ludzi bez ziemi. W ludzi, kt\u00f3rzy b\u0119d\u0105 jak masy og\u0142upia\u0142ych Irlandczyk\u00f3w przepychani z jednego miejsca w drugie celem podniesienia wydajno\u015bci w takim czy innym sektorze obcej gospodarki. Bo jasne jest, \u017ce nikt nie stworzy dla nikogo miejsc pracy w kraju.<\/p>\r\n<p><strong>Prywatyzacja las\u00f3w to po prostu pocz\u0105tek wynaradawiania.<\/strong> Je\u015bli nie ma wielkiej w\u0142asno\u015bci o charakterze narodowym nie mo\u017ce by\u0107 r\u00f3wnie\u017c ma\u0142ej w\u0142asno\u015bci o takim charakterze. To jest oczywiste, ale jedynie dla niewielu ludzi. Wi\u0119kszo\u015b\u0107 uwa\u017ca bowiem, \u017ce mieszkanie na kredyt to ich w\u0142asno\u015b\u0107, \u017ce dzia\u0142ka rekreacyjna, na kt\u00f3rej nic nie mo\u017cna postawi\u0107 to tak\u017ce ich w\u0142asno\u015b\u0107. To nieprawda.<\/p>\r\n<p>Ju\u017c kiedy\u015b t\u0142umaczy\u0142em tutaj mechanizm rewolucji i mechanizm ograbiania ludzi z w\u0142asno\u015bci, ale nie zaszkodzi powt\u00f3rzy\u0107. Jak wiemy w czasach dawnych, w czasach dziedzic\u00f3w, dzier\u017cawc\u00f3w i dwor\u00f3w, nie by\u0142o czego\u015b takiego jak oficjalista czy fornal zad\u0142u\u017cony w banku. Nie istnia\u0142y mikrokredyty, przedstawiane nam jako sko\u0144czone dobrodziejstwo.<\/p>\r\n<p>Kredyt w banku mia\u0142 pan dziedzic i to on w\u0142a\u015bnie by\u0142 tarcz\u0105, kt\u00f3ra os\u0142ania\u0142a biedak\u00f3w przed agresj\u0105 bank\u00f3w. I dlatego w\u0142a\u015bnie pan dziedzic by\u0142 nielubiany i zwalczany, bo blokowa\u0142 klasie pracuj\u0105cej dost\u0119p do kredytu. Taki jest istotny sens rewolucji, cho\u0107 propaganda rewolucyjna m\u00f3wi co innego. Karmi ludzi k\u0142amstwem polegaj\u0105cym na tym, \u017ce obiecuje si\u0119 &#8211; po zlikwidowaniu dziedzica &#8211; podzia\u0142 jego maj\u0105tku mi\u0119dzy biedak\u00f3w. To jest kolejna aberracja.<\/p>\r\n<p>Powt\u00f3rzmy: <strong>nie istnieje ma\u0142a w\u0142asno\u015b\u0107 narodowa, prywatna, bez wielkiej w\u0142asno\u015bci narodowej i prywatnej<\/strong>. Podzia\u0142 tej ostatniej powoduje, \u017ce ca\u0142a w\u0142asno\u015b\u0107 przechodzi w r\u0119ce gang\u00f3w lub w r\u0119ce bank\u00f3w. A cz\u0119sto jest tak, \u017ce byty te s\u0105 to\u017csame. Polska by\u0142a przez stulecia rajem dla prawdziwych w\u0142a\u015bcicieli, a to przez fakt, \u017ce dzia\u0142a\u0142o to stare dobre prawo, tyle razy wykpiwane i oczerniane.<\/p>\r\n<p>Wr\u00f3\u0107my jednak do likwidacji w\u0142asno\u015bci. Ona si\u0119 odbywa przy ujadaniu propagandyst\u00f3w rewolucyjnych oraz czasem narodowych, tak jak to mia\u0142o miejsce na kresach, gdzie d\u0105\u017cenie do podzia\u0142u w\u0142asno\u015bci dworskiej po\u0142\u0105czone by\u0142o z nacjonalizmem ukrai\u0144skim. Nar\u00f3d ukrai\u0144ski wystawia\u0142 sobie i nadal wystawia jak najgorsze \u015bwiadectwo je\u015bli chodzi o rozumienie tych kwestii, bo za ka\u017cdym razem kiedy go okradaj\u0105 wierzy, \u017ce teraz to ju\u017c naprawd\u0119, teraz ju\u017c na pewno ziemia b\u0119dzie nale\u017ce\u0107 do nich.<\/p>\r\n<p>W Polsce ch\u0142op by\u0142 jeszcze na tyle przytomny, \u017ceby nie zrobi\u0107 tego ostatniego kroku, \u017ceby nie uwierzy\u0107 w t\u0119 rzekom\u0105 sprawiedliwo\u015b\u0107 spo\u0142eczn\u0105. Dworska ziemia zosta\u0142a podzielona, ale ch\u0142opska zosta\u0142a. Nie spos\u00f3b jej uprawia\u0107 bez dop\u0142at i kredytu, to jasne, ale ziemia ta nadal jest w r\u0119kach prywatnych. Ile czasu to jeszcze potrwa nie wiem, bo <strong>dop\u0142aty degeneruj\u0105 rolnik\u00f3w w spos\u00f3b nieodwracalny<\/strong>, a polityka Unii jest ca\u0142kowicie przeciwko w\u0142asno\u015bci prywatnej.<\/p>\r\n<p>Wr\u00f3\u0107my do las\u00f3w. Kiedy zostan\u0105 sprywatyzowane ka\u017cdy w\u0142a\u015bciciel jakiejkolwiek nieruchomo\u015bci zostanie sam na sam z agresj\u0105 bank\u00f3w. <strong>Nie utrzyma si\u0119 nikt<\/strong>, mowy nie ma, a je\u015bli b\u0119dzie pr\u00f3bowa\u0142, wprowadzi si\u0119 takie regulacje prawne, \u017ceby raz na zawsze realn\u0105 w\u0142asno\u015b\u0107 zlikwidowa\u0107, \u017ceby przypiecz\u0119towa\u0107 sojusz wynarodowionego urz\u0119dnika z bankierem. Reszta za\u015b zostanie zap\u0119dzona do roboty, prostej, \u017ale op\u0142acanej i nie gwarantuj\u0105cej \u017cadnego bezpiecze\u0144stwa.<\/p>\r\n<p>Nie wiem ilu le\u015bnik\u00f3w to rozumie, mam nadziej\u0119, \u017ce wielu. Nie wiem jak tam sytuacja wygl\u0105da w\u015br\u00f3d dyrektor\u00f3w generalnych, ale s\u0105 to dzi\u015b ludzie, kt\u00f3rzy ko\u0144czyli technika le\u015bne w tym samym czasie co ja. Mamy wi\u0119c troch\u0119 ze sob\u0105 wsp\u00f3lnego.<\/p>\r\n<p>Mili panowie, je\u015bli mog\u0119 si\u0119 do Was zwr\u00f3ci\u0107 w ten spos\u00f3b, chc\u0119 tu oznajmi\u0107, <strong>\u017ce wszystko co Wam obiecuj\u0105 to k\u0142amstwo.<\/strong> K\u0142amstwo systemowe, a Wy nie kto inny, macie by\u0107 ofiarami w tym przewale. Dlatego w\u0142a\u015bnie wiele si\u0119 Wam obiecuje, by niczego nie dotrzyma\u0107. Le\u015bnicy zostan\u0105 potraktowani tak, jak ukrai\u0144skiego ch\u0142opa potraktowa\u0142a rewolucja bolszewicka, zostan\u0105 potraktowani jako najgorsi wrogowie nowego porz\u0105dku, a je\u015bli dali si\u0119 oszuka\u0107 i wsp\u00f3\u0142pracowali przy tworzeniu tego nowego porz\u0105dku, b\u0119d\u0105 potraktowani ze szczeg\u00f3lnym okrucie\u0144stwem.<\/p>\r\n<p>Nie \u0142ud\u017acie si\u0119. W\u0142asno\u015b\u0107 bowiem znajduje si\u0119 pod szczeg\u00f3lnie uwa\u017cn\u0105 obserwacj\u0105 i ona stanowi centrum wszystkich istotnych posuni\u0119\u0107 gospodarczych i politycznych. W\u0142asno\u015b\u0107, a nie rakiety Iskander czy demokratyzacja \u017cycia w Chinach. Dobrze jest mie\u0107 tego \u015bwiadomo\u015b\u0107.<\/p>\r\n<p><em>Zapraszam na stron\u0119 <a href=\"http:\/\/www.coryllus.pl\/\">www.coryllus.pl<\/a> oraz do sklepu FOTO MAG przy stacji metra Stok\u0142osy, gdzie mo\u017cna kupi\u0107 nasze ksi\u0105\u017cki i komiksy.<\/em><\/p>\r\n<p><strong><em>Gabriel \u201eCoryllus\u201d Maciejewski<\/em><\/strong><br \/>\r\n<em><a href=\"http:\/\/coryllus.salon24.pl\/621957,o-lesnikach\" target=\"_blank\" rel=\"noopener noreferrer\">http:\/\/coryllus.salon24.pl<\/a><\/em><\/p>\r\n<p class=\"zrodlo\">Za: <a title=\"gabriel maciejewski ba\u015b\u0144 jak nied\u017awied\u017a\" href=\"http:\/\/coryllus.salon24.pl\/\">gabriel maciejewski ba\u015b\u0144 jak nied\u017awied\u017a<\/a> (18.12.2014)<\/p>\r\n<\/blockquote>\r\n<hr style=\"background-color: #000000; border-width: 0; color: #000000; height: 2px; line-height: 0; text-align: center; width: 100%;\" \/>\r\n<p><strong><em>Celowo i sztucznie wywo\u0142ana awantura medialna celem przykrycia dw\u00f3ch wydarze\u0144: g\u0142osowania w Sejmie w\/s de facto prywatyzacji las\u00f3w pa\u0144stwowych, oraz przykrycie nieprawdopodobnie wielkiej afery &#8222;prezydenta&#8221; Komorowskiego<\/em><\/strong> &#8211; Red.<\/p>\r\n<h2>Awantura w polskim Sejmie. &#8222;Siadaj kurduplu&#8221; skierowane do Jaros\u0142awa Kaczy\u0144skiego<\/h2>\r\n<p>Podczas g\u0142osowania w Sejmie dotycz\u0105cego nowelizacji polskiej konstytucji dosz\u0142o do s\u0142ownych przepychanek mi\u0119dzy parlamentarzystami.<\/p>\r\n<p>Pose\u0142 Krystyna Paw\u0142owicz (PiS) konsumowa\u0142a na sali posiedze\u0144 posi\u0142ek. Uwag\u0119 na to zwr\u00f3ci\u0142 Andrzej Rozenek z Twojego Ruchu, kt\u00f3ry powiedzia\u0142, \u017ce z &#8222;trudem godzi si\u0119 na zamian\u0119 Wysokiej Izby w bar mleczny&#8221;. Rozenek wnioskowa\u0142 o 5 minut przerwy i poprosi\u0142 Paw\u0142owicz, \u017ceby wynios\u0142a brudne naczynia z sali posiedze\u0144.<\/p>\r\n<p>Paw\u0142owicz zwr\u00f3ci\u0142a uwag\u0119 prowadz\u0105cemu obrady marsza\u0142kowi Rados\u0142awowi Sikorskiemu, aby uspokoi\u0142 &#8222;lew\u0105 stron\u0119&#8221;. Sikorski zapyta\u0142 w\u00f3czas Paw\u0142owicz, czy zaprzecza, \u017ce jad\u0142a na sali posiedze\u0144.<\/p>\r\n<p>Na m\u00f3wnic\u0119 wszed\u0142 Jaros\u0142aw Kaczy\u0144ski, w kierunku prezesa PiS skierowano z \u0142aw poselskich s\u0142owa &#8222;siadaj kurduplu&#8221;. &#8222;Panie marsza\u0142ku, to jest w\u0142a\u015bnie to, co na tej sali si\u0119 dzieje, to: &#8222;siadaj, kurduplu&#8221;, tak rzeczywi\u015bcie jestem niewysokiego\u00a0wzrostu, ale s\u0105 tu ni\u017csi&#8221; &#8211; m\u00f3wi\u0142 prezes PiS.<\/p>\r\n<p>Ostatecznie obrad nie przerwano.<\/p>\r\n<p>onet.pl \/ Kresy.pl<\/p>\r\n<p class=\"zrodlo\">Za: <a href=\"http:\/\/www.kresy.pl\/wydarzenia,polityka?zobacz\/awantura-w-polskim-sejmie-siadaj-kurduplu-skierowane-do-jaroslawa-kaczynskiego\">Kresy,pl (18 grudnia 2014)<\/a><\/p>\r\n<\/div>\r\n<hr style=\"background-color: #000000; border-width: 0; color: #000000; height: 2px; line-height: 0; text-align: center; width: 100%;\" \/>\r\n<h2>Atak na pos. Paw\u0142owicz<\/h2>\r\n<p><a href=\"http:\/\/www.radiomaryja.pl\/multimedia\/atak-na-pos-pawlowicz\/\">Radio Maryja &#8211; 19 grudnia 2014, godz. 13:10<\/a><\/p>\r\n<p>prof. Krystyna Paw\u0142owicz, pose\u0142 PiS<\/p>\r\n<div id=\"artykul\">\r\n<div class=\"audio_wrap html5audio\">\r\n<div><object id=\"f-html5audio-0\" data=\"http:\/\/www.radiomaryja.pl\/wp-content\/plugins\/degradable-html5-audio-and-video\/incl\/player.swf\" type=\"application\/x-shockwave-flash\" name=\"f-html5audio-0\" width=\"290\" height=\"24\"><\/object><\/div>\r\n<\/div>\r\n<p><span style=\"text-decoration: underline;\"><a href=\"http:\/\/www.radiomaryja.pl\/wp-content\/uploads\/2014\/12\/2014.12.19.akt-Pawlowicz.mp3\">Pobierz<\/a><\/span><\/p>\r\n<\/div>\r\n<hr style=\"background-color: #000000; border-width: 0; color: #000000; height: 2px; line-height: 0; text-align: center; width: 100%;\" \/>","protected":false},"excerpt":{"rendered":"Sejm nie wprowadzi\u0142 do konstytucji zmiany, kt\u00f3ra mog\u0142aby stanowi\u0107 zagro\u017cenie dla Las\u00f3w Pa\u0144stwowych. Zmiana, kt\u00f3rej nie przyj\u0119to, stanowi\u0142a, \u017ce lasy stanowi\u0105ce w\u0142asno\u015b\u0107 Skarbu Pa\u0144stwa nie podlegaj\u0105 przekszta\u0142ceniom w\u0142asno\u015bciowym z wyj\u0105tkiem uzasadnionego celu publicznego. [&#8230;] Ca\u0142y tekst dost\u0119pny w materiale \u017ar\u00f3d\u0142owym PAP\/mall http:\/\/wpolityce.pl Nie ma si\u0119 z czego cieszy\u0107. Po pierwsze du\u017ca wi\u0119kszo\u015b\u0107 pos\u0142\u00f3w by\u0142a za [&hellip;]","protected":false},"author":2,"featured_media":0,"comment_status":"closed","ping_status":"closed","sticky":false,"template":"","format":"standard","meta":{"_acf_changed":false,"_monsterinsights_skip_tracking":false,"ngg_post_thumbnail":0,"footnotes":"","_wp_rev_ctl_limit":""},"categories":[8],"tags":[448,92,37],"acf":[],"_links":{"self":[{"href":"https:\/\/www.bibula.com\/index.php?rest_route=\/wp\/v2\/posts\/78590"}],"collection":[{"href":"https:\/\/www.bibula.com\/index.php?rest_route=\/wp\/v2\/posts"}],"about":[{"href":"https:\/\/www.bibula.com\/index.php?rest_route=\/wp\/v2\/types\/post"}],"author":[{"embeddable":true,"href":"https:\/\/www.bibula.com\/index.php?rest_route=\/wp\/v2\/users\/2"}],"replies":[{"embeddable":true,"href":"https:\/\/www.bibula.com\/index.php?rest_route=%2Fwp%2Fv2%2Fcomments&post=78590"}],"version-history":[{"count":3,"href":"https:\/\/www.bibula.com\/index.php?rest_route=\/wp\/v2\/posts\/78590\/revisions"}],"predecessor-version":[{"id":118196,"href":"https:\/\/www.bibula.com\/index.php?rest_route=\/wp\/v2\/posts\/78590\/revisions\/118196"}],"wp:attachment":[{"href":"https:\/\/www.bibula.com\/index.php?rest_route=%2Fwp%2Fv2%2Fmedia&parent=78590"}],"wp:term":[{"taxonomy":"category","embeddable":true,"href":"https:\/\/www.bibula.com\/index.php?rest_route=%2Fwp%2Fv2%2Fcategories&post=78590"},{"taxonomy":"post_tag","embeddable":true,"href":"https:\/\/www.bibula.com\/index.php?rest_route=%2Fwp%2Fv2%2Ftags&post=78590"}],"curies":[{"name":"wp","href":"https:\/\/api.w.org\/{rel}","templated":true}]}}