{"id":78011,"date":"2014-11-25T08:06:01","date_gmt":"2014-11-25T13:06:01","guid":{"rendered":"http:\/\/www.bibula.com\/?p=78011"},"modified":"2014-11-25T08:06:19","modified_gmt":"2014-11-25T13:06:19","slug":"ukrainski-general-ukraina-rzadza-syjonistyczni-zydzi-i-masoneria","status":"publish","type":"post","link":"https:\/\/www.bibula.com\/?p=78011","title":{"rendered":"Ukrai\u0144ski genera\u0142: Ukrain\u0105 rz\u0105dz\u0105 syjonistyczni \u017cydzi i masoneria"},"content":{"rendered":"<p><strong>O\u015bwiadczam tym, kt\u00f3rzy b\u0119d\u0105 to ogl\u0105da\u0107, \u017ce Turczynow, Jaceniuk, Tiahnybok i inni im podobni, o\u015bwiadczam otwarcie i wiem, \u017ce to jest fakt. \u0179e s\u0105 oni sponsorowanymi agentami CIA z USA. Co wi\u0119cej, Jaceniuk jest pierwszym zast\u0119pc\u0105 szefa masonerii na Ukrainie. A g\u0142ow\u0105 masonerii jest, je\u015bli o tym nie wiecie, Pinczuk. Kuzyn Kuczmy.<\/strong><\/p>\r\n<p><img decoding=\"async\" class=\"alignleft\" style=\"border: 0px none; margin: 10px;\" src=\"http:\/\/www.monitor-polski.pl\/wp-content\/uploads\/2014\/11\/Gen-Jan-Kamizerowicz-150x139.jpg\" alt=\"\" width=\"150\" height=\"139\" align=\"left\" \/>I wszystkie te k\u0142amstwa jakie mia\u0142y tu miejsce, i te wszystkie rozkazy, Janukowycz by\u0142 tylko marionetk\u0105 w r\u0119kach Pinczuka, Kuczmy i Krawczuka. To oni go sprzedali. To oni dali mu rozkaz u\u017cy\u0107 czy nie u\u017cy\u0107 Berkutu, da\u0107 im pozwolenie na atak czy te\u017c nie. I w ko\u0144cu gdy ludziom pozwolono wzi\u0105\u0107 bro\u0144 do r\u0119ki, zostali pogardliwie sprzedani.<\/p>\r\n<p>Jest to g\u0142\u00f3wnie zas\u0142uga Krawczuka i Kuczmy. To jest ich robota. Poniewa\u017c, jak wi\u0119kszo\u015b\u0107 z was nie wie, Kuczma po tzw. zwyci\u0119stwie pomara\u0144czowej rewolucji, nie zosta\u0142 nawet tkni\u0119ty, dzi\u0119ki Pi\u0144czukowi. Amerykanie zwr\u00f3cili mu pieni\u0105dze, kt\u00f3re zosta\u0142y zabrane z konta w momencie aresztowania i teraz on sobie spokojnie \u017cyje. A to, \u017ce sprzedali Janukowycza, cho\u0107 nie jestem jego zwolennikiem, nie twierdz\u0119, \u017ce jest dobry, nie jest dla mnie kobiet\u0105, kt\u00f3r\u0105 mia\u0142bym kocha\u0107 lub nienawidzi\u0107, nie by\u0142 w porz\u0105dku w wielu sprawach, cho\u0107 rzeczywi\u015bcie pozostaje legalnym prezydentem. Czy tego chcemy, czy te\u017c nie. Czy ci \u015bmierdz\u0105cy banderowcy tego chc\u0105 czy te\u017c nie.<\/p>\r\n<p>M\u0119czy mnie ju\u017c to wys\u0142uchiwanie, ka\u017cdy mo\u017ce obra\u017ca\u0107 osob\u0119, ale przede wszystkim musimy sobie uzmys\u0142owi\u0107 jaki jest motyw tego wszystkiego, co jest przyczyn\u0105. Niewiele ludzi wie, \u017ce sprawc\u0105 g\u0142\u00f3wnych zamieszek s\u0105 Akhmetov, Rinat Leonidowicz, Ko\u0142omojski, g\u0142owa \u015awiatowego Kongresu \u017byd\u00f3w. Firtasz i inni im podobni. Ci oligarchowie.<\/p>\r\n<p><span class=\"pullquote\">Na pocz\u0105tku wygl\u0105da\u0142o to jakby dwa klany walczy\u0142y o posad\u0119, tak jak to by\u0142o w 2005 roku. A teraz jest to po prostu bezpo\u015brednia okupacja Ukrainy przez USA przez podstawionych agent\u00f3w<\/span>. Nie boj\u0119 si\u0119 tego, nie mam nic by si\u0119 obawia\u0107. Dzi\u0119ki Bogu mam si\u0142\u0119 by to wytrzymywa\u0107. Ale moja \u017cona tu zosta\u0142a (w Kijowie), i nie tylko \u017cona.<\/p>\r\n<p>Wiele ludzi chce si\u0119 przy\u0142\u0105czy\u0107 do Rosji, bardzo wielu oczekuje tylko od niej pomocy, by oczy\u015bci\u0107 \u015awi\u0119t\u0105 Ru\u015b z inwazji czerwono-br\u0105zowej plagi i ameryka\u0144skich syjonist\u00f3w.<\/p>\r\n<p>Nie jestem antysemit\u0105, bro\u0144 Bo\u017ce, jestem internacjonalist\u0105. Jestem cz\u0142owiekiem wyros\u0142ym w duchu radzieckiego internacjonalizmu. Niech ludzie nie my\u015bl\u0105, \u017ce czuj\u0119 nienawi\u015b\u0107 wobec zwyk\u0142ych \u017cyd\u00f3w. Nie mo\u017cna ich za wszystko wini\u0107, oni tak\u017ce cierpi\u0105 z r\u0105k swoich magnat\u00f3w, tzw. ortodoksyjno-judaistycznych organizacji Hasyd\u00f3w, w szczeg\u00f3lno\u015bci Chabadu (Lubawicz), kt\u00f3ry kieruje t\u0105 czarn\u0105 uczt\u0105. Tak wi\u0119c nikt nie mo\u017ce mnie oskar\u017cy\u0107 o antysemityzm.<\/p>\r\n<p>I na koniec mog\u0119 wam powiedzie\u0107 jak to si\u0119 m\u00f3wi w Odessie, kto jest semit\u0105, a kto antysemit\u0105 &#8211; semici to s\u0105 ci, kt\u00f3rzy pij\u0105 przed 19-t\u0105, a antysemici to ci, kt\u00f3rzy pij\u0105 po 19-tej. Tak si\u0119 m\u00f3wi w Odessie, uwielbiam ten odeski humor, prawdziwy stary odeski humor.<\/p>\r\n<p>Ale nienawidz\u0119 to co si\u0119 tu sta\u0142o, jak sceny na Majdanie, gdy protestowali przedstawiciele ko\u015bcio\u0142a Greko-katolickiego, przedstawiciele ko\u015bcio\u0142a Autocefal\u00f3w &#8211; samo\u015bwiat\u00f3w, z kt\u00f3rego wierni chodzili i pokazywali Niemcom rodziny, kt\u00f3rych synowie walczyli na froncie czy te\u017c byli w partyzantce. A tak\u017ce przedstawiciele tzw. kijowskiego pseudo-patriarchatu, kt\u00f3rego Papie\u017c nawet nie uzna\u0142. S\u0105 oni pod wodz\u0105 Micha\u0142a Denisenko, kt\u00f3ry z jakich\u015b powod\u00f3w ka\u017ce si\u0119 nazywa\u0107 Filaretem, na kt\u00f3rego rzucono kl\u0105tw\u0119 za grzechy wobec ko\u015bcio\u0142a &#8211; matki. Teraz on pr\u00f3buje\u2026 w szczeg\u00f3lno\u015bci po\u0142\u0105czy\u0142 si\u0119 z Prawym Sektorem, w szczeg\u00f3lno\u015bci ze Swobod\u0105, kt\u00f3r\u0105 jest organizacj\u0105 faszystowsk\u0105, a jej nazwa tylko parawanem. Jej prawdziwa nazwa to Socialistyczno-Nacjonalistyczna Partia Ukrainy, wszyscy o tym wiedz\u0105. U\u017cywaj\u0105 tej nazwy, bo wiedz\u0105, \u017ce z prawdziw\u0105 nie mogli by wej\u015b\u0107 do polityki.<\/p>\r\n<p>Wtedy wprowadzili przepisy \u2026 jest taki zast\u0119pca, Bryginiec, nie pami\u0119tam dok\u0142adnie nazwiska, ale wiem to na 100%, \u017ce mieli zakaza\u0107 dzia\u0142ania Patriarchatowi Moskiewskiemu, mieli wprowadzi\u0107 zakaz m\u00f3wienia po rosyjsku pod rygorem kary kryminalnej. To wszystko jest dzie\u0142o tych ultra-prawicowc\u00f3w z pomoc\u0105 Amerykan\u00f3w. Faszyst\u00f3w, gdy\u017c inaczej ich nazwa\u0107 nie mog\u0119. \u015awiatowych imperialist\u00f3w. To wszystko.<\/p>\r\n<p><em>Na podst. nagrania wideo: <span style=\"text-decoration: underline;\"><a href=\"https:\/\/www.youtube.com\/watch?v=naoe8KF_3Kw\" target=\"_blank\">Ukrainian General reveals the Jewish control of Ukraine<\/a><\/span>.<\/em><br \/> <em> Nagranie pochodzi jeszcze z 7 marca 2014, zosta\u0142o dokonane w Simferopolu. jest to wypowied\u017a genera\u0142a-pu\u0142kownika Jana Kazemirowicza.<\/em><\/p>\r\n<p><em><a href=\"http:\/\/www.monitor-polski.pl\/ukrainski-general-ukraina-rzadza-syjonistyczni-zydzi-i-masoneria\/\" target=\"_blank\">http:\/\/www.monitor-polski.pl<\/a><\/em><\/p>","protected":false},"excerpt":{"rendered":"O\u015bwiadczam tym, kt\u00f3rzy b\u0119d\u0105 to ogl\u0105da\u0107, \u017ce Turczynow, Jaceniuk, Tiahnybok i inni im podobni, o\u015bwiadczam otwarcie i wiem, \u017ce to jest fakt. \u0179e s\u0105 oni sponsorowanymi agentami CIA z USA. Co wi\u0119cej, Jaceniuk jest pierwszym zast\u0119pc\u0105 szefa masonerii na Ukrainie. A g\u0142ow\u0105 masonerii jest, je\u015bli o tym nie wiecie, Pinczuk. Kuzyn Kuczmy. I wszystkie te [&hellip;]","protected":false},"author":1,"featured_media":0,"comment_status":"closed","ping_status":"closed","sticky":false,"template":"","format":"standard","meta":{"_acf_changed":false,"_monsterinsights_skip_tracking":false,"_monsterinsights_sitenote_active":false,"_monsterinsights_sitenote_note":"","_monsterinsights_sitenote_category":0,"ngg_post_thumbnail":0,"footnotes":"","_wp_rev_ctl_limit":""},"categories":[6],"tags":[84,53,167,17,221,54],"acf":[],"_links":{"self":[{"href":"https:\/\/www.bibula.com\/index.php?rest_route=\/wp\/v2\/posts\/78011"}],"collection":[{"href":"https:\/\/www.bibula.com\/index.php?rest_route=\/wp\/v2\/posts"}],"about":[{"href":"https:\/\/www.bibula.com\/index.php?rest_route=\/wp\/v2\/types\/post"}],"author":[{"embeddable":true,"href":"https:\/\/www.bibula.com\/index.php?rest_route=\/wp\/v2\/users\/1"}],"replies":[{"embeddable":true,"href":"https:\/\/www.bibula.com\/index.php?rest_route=%2Fwp%2Fv2%2Fcomments&post=78011"}],"version-history":[{"count":0,"href":"https:\/\/www.bibula.com\/index.php?rest_route=\/wp\/v2\/posts\/78011\/revisions"}],"wp:attachment":[{"href":"https:\/\/www.bibula.com\/index.php?rest_route=%2Fwp%2Fv2%2Fmedia&parent=78011"}],"wp:term":[{"taxonomy":"category","embeddable":true,"href":"https:\/\/www.bibula.com\/index.php?rest_route=%2Fwp%2Fv2%2Fcategories&post=78011"},{"taxonomy":"post_tag","embeddable":true,"href":"https:\/\/www.bibula.com\/index.php?rest_route=%2Fwp%2Fv2%2Ftags&post=78011"}],"curies":[{"name":"wp","href":"https:\/\/api.w.org\/{rel}","templated":true}]}}