{"id":780,"date":"2006-12-08T00:00:00","date_gmt":"2006-12-08T00:00:00","guid":{"rendered":""},"modified":"2016-12-08T09:28:01","modified_gmt":"2016-12-08T14:28:01","slug":"kosciol-podal-dane-o-frekwencji-na-mszach","status":"publish","type":"post","link":"https:\/\/www.bibula.com\/?p=780","title":{"rendered":"Ko\u015bci\u00f3\u0142 poda\u0142 dane o frekwencji na mszach"},"content":{"rendered":"<p>&#8222;Ponad 40 proc. Polak\u00f3w chodzi regularnie na niedzielne msze \u015bwi\u0119te, a ok. 20 proc. przyst\u0119puje do komunii \u015bwi\u0119tej &#8211; wynika z bada\u0144 Instytutu Statystyki Ko\u015bcio\u0142a Katolickiego.<br>\r\n Wed\u0142ug dyrektora Instytutu ks. prof. Witolda Zdaniewicza, z bada\u0144 wynika te\u017c, \u017ce religijno\u015b\u0107 w Polsce jest do\u015b\u0107 stabilna; wzrasta natomiast liczba os\u00f3b g\u0142\u0119boko wierz\u0105cych.<br>\r\n <br>\r\n Badania przeprowadzono w 12 diecezjach. Ks. Zdaniewicz podkre\u015bli\u0142 na czwartkowej konferencji prasowej w Warszawie, \u017ce niemal podwoi\u0142a si\u0119 liczba os\u00f3b deklaruj\u0105cych g\u0142\u0119bok\u0105 wiar\u0119: od 10 proc. w 1991 roku do 19,8 proc. w 2002 roku. &#8222;Mo\u017ce to oznacza\u0107, i\u017c dokonuj\u0105 si\u0119 istotne zmiany jako\u015bciowe w polskiej religijno\u015bci&#8221; &#8211; doda\u0142.<\/p>\r\n<p>Na pierwszym miejscu pod wzgl\u0119dem religijno\u015bci, w\u015br\u00f3d 12 diecezji, znajduje si\u0119 diecezja tarnowska, gdzie 98 proc. ludzi uwa\u017ca si\u0119 za wierz\u0105cych, a 82 proc. &#8211; za g\u0142\u0119boko wierz\u0105cych. Na ostatnim miejscu w tym rankingu znajduje si\u0119 diecezja warszawska, w kt\u00f3rej 87 proc. ludzi uwa\u017ca si\u0119 za wierz\u0105cych, a 40 proc. za g\u0142\u0119boko wierz\u0105cych.<br>\r\n <br>\r\n W czterech diecezjach (gda\u0144skiej, \u0142\u00f3dzkiej, szczeci\u0144sko- kamie\u0144skiej i warszawskiej) katolicy g\u0142\u0119boko wierz\u0105cy i wierz\u0105cy stanowi\u0105 mniej ni\u017c 90 proc. og\u00f3\u0142u obywateli. &#8222;Jednak i w tych diecezjach jest du\u017cy procent g\u0142\u0119boko wierz\u0105cych; si\u0119ga on ponad 20 proc.&#8221; &#8211; podkre\u015bli\u0142 ks. Zdaniewicz. Doda\u0142, \u017ce s\u0105 diecezje o bardzo wysokim wska\u017aniku wierz\u0105cych (ponad 90 proc.): katowicka, sandomierska i w\u0142oc\u0142awska, a g\u0142\u0119boko wierz\u0105cych jest tam tylko ok. 10 proc.<br>\r\n <br>\r\n Najwy\u017cszy wska\u017anik os\u00f3b systematycznie praktykuj\u0105cych (przez co rozumie si\u0119 uczestnictwo w mszy, odmawianie pacierza i przyst\u0119powanie do sakrament\u00f3w \u015bwi\u0119tych) wyst\u0119puje w diecezji tarnowskiej (\u015brednio 84 proc.), a najni\u017cszy &#8211; w archidiecezji warszawskiej (40 proc.). Ponad po\u0142owa katolik\u00f3w systematycznie praktykuje w diecezjach: sandomierskiej, \u0142om\u017cy\u0144skiej, katowickiej i pozna\u0144skiej.<br>\r\n <br>\r\n Z bada\u0144 Instytutu wynika, \u017ce poza diecezj\u0105 tarnowsk\u0105, gdzie 75 proc. katolik\u00f3w regularnie uczestniczy w niedzielnej mszy \u015bwi\u0119tej, a w pozosta\u0142ych diecezjach procent katolik\u00f3w systematycznie ucz\u0119szczaj\u0105cych na msz\u0119 niedzieln\u0105 zamyka si\u0119 w przedziale 26-42 proc.<br>\r\n <br>\r\n Ks. Zdaniewicz zwr\u00f3ci\u0142 uwag\u0119, \u017ce wska\u017anik spowiedzi cz\u0119stszej ni\u017c raz w roku jest o wiele wy\u017cszy ni\u017c wska\u017anik udzia\u0142u w niedzielnej mszy. Poza diecezj\u0105 sandomiersk\u0105 (36 proc.), wsz\u0119dzie przewy\u017csza on 50 proc.<br>\r\n <br>\r\n Od 10 do 55 proc. wiernych, w zale\u017cno\u015bci od diecezji, nie odmawia codziennego pacierza. W diecezji tarnowskiej natomiast codziennie modli si\u0119 81 proc. os\u00f3b wierz\u0105cych, a w diecezji sandomierskiej &#8211; 75 proc. Dla archidiecezji warszawskiej wska\u017anik ten wynosi 46 proc.<br>\r\n <br>\r\n Pytany, czy stabilno\u015b\u0107 religijno\u015bci polskiego spo\u0142ecze\u0144stwa nale\u017cy zawdzi\u0119cza\u0107 Janowi Paw\u0142owi II, ks. Zdaniewicz odpowiedzia\u0142, \u017ce &#8222;ta teza jest trudna do udowodnienia&#8221;, cho\u0107 katolicyzm w Polsce wiele zawdzi\u0119cza Janowi Paw\u0142owi II.&#8221;<\/p>\r\n<p>Za: onet.pl<\/p>\r\n<blockquote>\r\n<p><strong>KOMENTARZ <em>BIBU\u0141Y<\/em><\/strong>: Czy wska\u017aniki &#8222;<em>40 proc. Polak\u00f3w chodzi regularnie na niedzielne msze \u015bwi\u0119te, a ok. 20 proc. przyst\u0119puje do komunii \u015bwi\u0119tej<\/em>&#8221; kwalifikuje si\u0119 do posoborowej &#8222;wiosny w Ko\u015bciele&#8221;? Kto\u015b powie, \u017ce w zestawieniu ze wska\u017anikami francuskimi czy holenderskimi, oczywi\u015bcie tak. Mimo jednak tych &#8222;pocieszaj\u0105cych&#8221; statystyk, jeste\u015bmy przecie\u017c dopiero &#8222;w drodze&#8221;, &#8222;odzyskujemy wolno\u015b\u0107&#8221;, tak jak np. taka Holandia &#8222;sta\u0142a si\u0119 wolna&#8221;, bo jeszcze w 1962 roku przesz\u0142o 80% chodzi\u0142o tam regularnie na niedzielne Msze \u015bw. A wi\u0119c wszystko jeszcze przed nami i ze \u0142zami w oczach nieliczni b\u0119d\u0105 wspomina\u0107 &#8222;pi\u0119kne czasy 2006 roku&#8221;, kiedy to &#8222;40 proc. Polak\u00f3w&#8230;&#8221;.<\/p>\r\n<p>Ciekawe to b\u0119d\u0105 czasy gdy ko\u015bcio\u0142y b\u0119d\u0105 \u015bwieci\u0107 pustkami, a do ka\u017cdego wydania jakiej\u015b Nowej Gazety Wyborczej b\u0119dzie do\u0142\u0105czona p\u0142yta DVD z histori\u0105 Pontyfikatu Jana Paw\u0142a II, kt\u00f3ry do tej pory b\u0119dzie patronowa\u0142 co drugiej szkole i b\u0119dzie mia\u0142 pomnik w ka\u017cdym mie\u015bcie, miasteczku i osiedlu&#8230;<\/p>\r\n<\/blockquote>","protected":false},"excerpt":{"rendered":"&#8222;Ponad 40 proc. Polak\u00f3w chodzi regularnie na niedzielne msze \u015bwi\u0119te, a ok. 20 proc. przyst\u0119puje do komunii \u015bwi\u0119tej &#8211; wynika z bada\u0144 Instytutu Statystyki Ko\u015bcio\u0142a Katolickiego. Wed\u0142ug dyrektora Instytutu ks. prof. Witolda Zdaniewicza, z bada\u0144 wynika te\u017c, \u017ce religijno\u015b\u0107 w Polsce jest do\u015b\u0107 stabilna; wzrasta natomiast liczba os\u00f3b g\u0142\u0119boko wierz\u0105cych. Badania przeprowadzono w 12 diecezjach. [&hellip;]","protected":false},"author":1,"featured_media":0,"comment_status":"closed","ping_status":"open","sticky":false,"template":"","format":"standard","meta":{"_acf_changed":false,"_monsterinsights_skip_tracking":false,"_monsterinsights_sitenote_active":false,"_monsterinsights_sitenote_note":"","_monsterinsights_sitenote_category":0,"ngg_post_thumbnail":0,"footnotes":"","_wp_rev_ctl_limit":""},"categories":[5],"tags":[92,33],"acf":[],"_links":{"self":[{"href":"https:\/\/www.bibula.com\/index.php?rest_route=\/wp\/v2\/posts\/780"}],"collection":[{"href":"https:\/\/www.bibula.com\/index.php?rest_route=\/wp\/v2\/posts"}],"about":[{"href":"https:\/\/www.bibula.com\/index.php?rest_route=\/wp\/v2\/types\/post"}],"author":[{"embeddable":true,"href":"https:\/\/www.bibula.com\/index.php?rest_route=\/wp\/v2\/users\/1"}],"replies":[{"embeddable":true,"href":"https:\/\/www.bibula.com\/index.php?rest_route=%2Fwp%2Fv2%2Fcomments&post=780"}],"version-history":[{"count":0,"href":"https:\/\/www.bibula.com\/index.php?rest_route=\/wp\/v2\/posts\/780\/revisions"}],"wp:attachment":[{"href":"https:\/\/www.bibula.com\/index.php?rest_route=%2Fwp%2Fv2%2Fmedia&parent=780"}],"wp:term":[{"taxonomy":"category","embeddable":true,"href":"https:\/\/www.bibula.com\/index.php?rest_route=%2Fwp%2Fv2%2Fcategories&post=780"},{"taxonomy":"post_tag","embeddable":true,"href":"https:\/\/www.bibula.com\/index.php?rest_route=%2Fwp%2Fv2%2Ftags&post=780"}],"curies":[{"name":"wp","href":"https:\/\/api.w.org\/{rel}","templated":true}]}}