{"id":77944,"date":"2014-11-22T14:44:30","date_gmt":"2014-11-22T19:44:30","guid":{"rendered":"http:\/\/www.bibula.com\/?p=77944"},"modified":"2015-02-26T14:29:07","modified_gmt":"2015-02-26T19:29:07","slug":"grzegorz-braun-i-inni-demonstranci-juz-na-wolnosci-stanelismy-w-obronie-panstwa-polskiego","status":"publish","type":"post","link":"https:\/\/www.bibula.com\/?p=77944","title":{"rendered":"Grzegorz Braun i inni demonstranci ju\u017c na wolno\u015bci! \u201eStan\u0119li\u015bmy w obronie Pa\u0144stwa Polskiego&#8221;"},"content":{"rendered":"<p><strong>W sobot\u0119 w S\u0105dzie Rejonowym Warszawa-\u015ar\u00f3dmie\u015bcie odbywa\u0142y si\u0119 kolejne rozprawy os\u00f3b, zatrzymanych przez policj\u0119 w nocy z czwartku na pi\u0105tek w siedzibie PKW. Po d\u0142ugim oczekiwaniu i odby\u0142a si\u0119 w trybie przyspieszonym rozprawa Grzegorza Brauna. &#8211; Nasze dzia\u0142anie nie by\u0142o daremne, a z ca\u0142\u0105 pewno\u015bci\u0105 nie by\u0142o bezzasadne &#8211; m\u00f3wi\u0142 dziennikarzom po zwolnieniu przez s\u0105d.<\/strong><\/p>\r\n<p>Na jednej sali s\u0119dzia Iwona Konopka s\u0105dzi\u0142a Grzegorza Brauna i Hann\u0119 Dobrowolsk\u0105, redaktor naczeln\u0105 portalu solidarni2010.pl. Oboje zostali zwolnieni, spraw\u0119 odroczono do 25 listopada. \u00a0<\/p>\r\n<p>Po wprowadzeniu na sal\u0119 zatrzymanych, kt\u00f3rzy odpowiadaj\u0105 z art. 193 kk za naruszenie miru domowego, rozleg\u0142y si\u0119 gromkie brawa i wyrazy wsparcia dla re\u017cysera i niezale\u017cnej dziennikarski.<\/p>\r\n<p>&#8211; <em>Przyprowadzano mnie tu w kajdankach, bez paska, bez sznurowade\u0142, nieogolonego. Bardzo przepraszam Wysoki S\u0105d za m\u00f3j nieestetyczny wygl\u0105d<\/em> &#8211; zacz\u0105\u0142 swoje wyja\u015bnienia Grzegorz Braun, podkre\u015blaj\u0105c, \u017ce\u00a0 przetrzymywanie zawdzi\u0119cza prokuraturze i policji, a s\u0105dzenie zatrzymanych, w tym dziennikarzy okre\u015bli\u0142 jako grotesk\u0119. &#8211; <em>Dzia\u0142anie prokuratury ma charakter ewidentnej\u00a0 szykany i represji, karanie nas nale\u017cy do Wysokiego S\u0105du, a nie do prokurator\u00f3w<\/em> &#8211; m\u00f3wi\u0142 Braun, podkre\u015blaj\u0105c \u017ce rozpatrywanie jego sprawy i Hanny Dobrowolskiej w trybie przyspieszonym nie ma \u017cadnego uzasadnienia. Re\u017cyser t\u0142umaczy\u0142, \u017ce Pa\u0144stwo Polskie zniech\u0119ca do siebie swoich rodak\u00f3w, przedstawiaj\u0105c si\u0119 \u00a0jako struktura niewydolna, impotentna i wadliwa. Ci, kt\u00f3rzy przedstawiali swoje postulaty w PKW, nie mogli zosta\u0107 oboj\u0119tni wobec podejrzenia o mo\u017cliwo\u015bci pope\u0142nienia przest\u0119pstwa, jakim by\u0142oby fa\u0142szowanie wynik\u00f3w wybor\u00f3w.<\/p>\r\n<p>&#8211; <em>Przedstawiony zosta\u0142 postulat podania si\u0119 do dymisji wszystkich cz\u0142onk\u00f3w PKW tej przed\u0142u\u017caj\u0105cej si\u0119 autokompromitacji dla pa\u0144stwa<\/em> &#8211; m\u00f3wi\u0142 Braun. Jego zeznania o pokojowych rozmowach przedstawicieli r\u00f3\u017cnych grup spo\u0142ecznych (m.in. Krucjaty R\u00f3\u017ca\u0144cowej, Solidarnych2010), potwierdzi\u0142a Hanna Dobrowolska-Wasilewska. W\u015br\u00f3d zatrzymanych nie by\u0142o przedstawicieli partii politycznych, mimo \u017ce pos\u0142owie pr\u00f3bowali dosta\u0107 si\u0119 do budynku. Jednak mimo pokazania legitymacji poselskiej, nie zostali wpuszczeni.<\/p>\r\n<p>Szefowa portalu solidarni2010.pl zeznawa\u0142a: &#8211; <em>W momencie zatrzymania przez policjantk\u0119, \u00a0przed\u0142o\u017cy\u0142am legitymacj\u0119 prasow\u0105, zanim okaza\u0142am\u00a0 dow\u00f3d to\u017csamo\u015bci. Prawo do wolno\u015bci s\u0142owa jest r\u00f3wnie wa\u017cne, jak prawo do wolnych wybor\u00f3w. Uwa\u017cam, \u017ce obydwa te prawa zosta\u0142y z\u0142amane<\/em> &#8211; wyja\u015bnia\u0142a s\u0119dzi Iwonie\u00a0 Konopce.\u00a0<\/p>\r\n<p>&#8211; <em>Ta sprawa nie ogranicza si\u0119 do woli administratora budynku, kt\u00f3r\u0105 ja i szereg innych os\u00f3b mieli\u015bmy zanegowa\u0107, co jest k\u0142amstwem. Ta sprawa dotyczy Pa\u0144stwa Polskiego i dzia\u0142ania jego organ\u00f3w, w tym organ\u00f3w jego sprawiedliwo\u015bci . Chcia\u0142bym aby dla Wysokiego S\u0105du by\u0142o jasne, \u017ce nie ma do czynienia z przest\u0119pcami kryminalnymi<\/em> &#8211; zaznaczy\u0142 Grzegorz Braun, podkre\u015blaj\u0105c \u017ce zatrzymanie dwunastu os\u00f3b ma charakter polityczny, a celem os\u00f3b, kt\u00f3re wesz\u0142y do siedziby PKW nie by\u0142 anarchizm.<\/p>\r\n<p>Zwr\u00f3ci\u0142 uwag\u0119, \u017ce w tzw. sali bia\u0142ej, w\u00a0 pomieszczeniu konferencyjnym PKW,\u00a0 wraz z innymi osobami znalaz\u0142 si\u0119 na zaproszenie PKW, o czym w aktach sprawy zeznaj\u0105 r\u00f3wnie\u017c inne osoby. Demonstranci nie wtargn\u0119li do PKW, jak relacjonowa\u0142y to media, ale zamierzali odby\u0107 spokojn\u0105 rozmow\u0119 z PKW. Na pierwsze pi\u0119tro szli w towarzystwie PKW i Konrada Komornickiego, pracownika Kancelarii Prezydenta.<\/p>\r\n<p>\u00a0&#8211; <em>Pust\u0105 \u0142aw\u0119 kt\u00f3r\u0105 przeznaczono dla oskar\u017cyciela traktuj\u0119 jako akt bezczelnej nonszalancji<\/em> &#8211; zaznaczy\u0142 Braun, podkre\u015blaj\u0105c \u017ce jego obro\u0144cy uniemo\u017cliwiono dost\u0119pu do swojego klienta, zaraz po tym jak wyrazi\u0142 tak\u0105 gotowo\u015b\u0107. Pomieszczenia PKW nale\u017c\u0105 do Kancelarii Prezydenta, kt\u00f3re wynajmuje je PKW.<\/p>\r\n<p>Grzegorz Braun relacjonowa\u0142: &#8211; <em>W towarzystwie wielu innych os\u00f3b zosta\u0142em poprowadzony przez pracownik\u00f3w komisji \u00a0na pi\u0119tro do sali, o kt\u00f3rej z akt sprawy wiem, \u017ce nazywana jest sal\u0105 bia\u0142\u0105, olbrzymia sala konferencyjna, znana mi wcze\u015bniej z widzenia jako odbiorcy medi\u00f3w. <\/em><\/p>\r\n<p>(\u2026) Przedstawiciele PKW usi\u0142owali klarowno\u015b\u0107 tej sytuacji sprowadzi\u0107 do jaki\u015b rozm\u00f3w kuluarowych. Tego zaproszenia, ani ja ani inni nie podj\u0119li, poniewa\u017c jest to stary numer poniewa\u017c pi\u0119\u0107 os\u00f3b jest zapraszanych, a od frontu jest prowadzona jaka\u015b manipulacja albo pacyfikacja.\u00a0<\/p>\r\n<p>Grzegorz Braun razem z Hann\u0105 Dobrowolsk\u0105, i innymi osobami, kt\u00f3re by\u0142y dzi\u015b s\u0105dzone, zosta\u0142y zwolnione.\u00a0 &#8211; <em>Dowiedzieli\u015bmy si\u0119 wa\u017cnych rzeczy o Pa\u0144stwie Polskim. Dowiedzieli\u015bmy si\u0119, \u017ce PKW jest urz\u0119dem o tak dalece posuni\u0119tym stanie wewn\u0119trznej dezorganizacji i dekompozycji, \u017ce ludzie pracuj\u0105cy w tym miejscu nie potrafi\u0105 odpowiedzie\u0107 na wszystkie pytania s\u0105du.\u00a0 Dowiedzieli\u015bmy si\u0119, \u017ce w takich miejscach, jak PKW i Kancelaria Prezydenta, g\u0142os nawet nie doradczy, a przyw\u00f3dczy, mog\u0105 mie\u0107 jacy\u015b znajduj\u0105cy si\u0119 tam funkcjariusze policji.\u00a0<\/em><em>S\u0105 to bardzo wa\u017cne \u015bwiadectwa upadku pa\u0144stwa<\/em> &#8211; m\u00f3wi\u0142 podczas kr\u00f3tkiego briefingu Braun. Podkre\u015bli\u0142, \u017ce niepokoj\u0105ce jest, aby \u015bwiadek, pracownik Kancelarii Prezydenta (Konrad Komornicki &#8211; przyp. red.), podpisywa\u0142 protok\u00f3\u0142, nie maj\u0105c \u015bwiadomo\u015bci, jakiego charakteru sk\u0142ada zeznania. Komornicki podczas zezna\u0144 m\u00f3wi\u0142, \u017ce zastrzeg\u0142 policji, \u017ce nie chcia\u0142 \u017cadnej kary i zatrzymania dla os\u00f3b, przebywaj\u0105cych w sali PKW. Tymczasem to w\u0142a\u015bnie on jest oskar\u017cycielem w sprawie. Wydawa\u0142 r\u00f3wnie\u017c,\u00a0 po konsultacjach z prze\u0142o\u017conym Jackiem Micha\u0142owskimi i\u00a0 &#8211; jak zeznawa\u0142 &#8211; lu\u017anych rozmowach z policj\u0105, komunikat przez megafon zza drzwi, wzywaj\u0105cy do opuszczenia pomieszczenia, prawdopodobnie nie do ko\u0144ca s\u0142yszalny przez obecnych w sali.<\/p>\r\n<p>Grzegorz Braun wyrazi\u0142 zadowolenie z zapowiedzi dymisji cz\u0142onk\u00f3w PKW. &#8211; <em>Nasze zaniepokojenie stanem prac komisji w tym sk\u0142adzie by\u0142o zasadne. Okazali\u015bmy si\u0119 polskimi pa\u0144stwowcami, nie byli\u015bmy anarchistami, nie wyst\u0105pili\u015bmy jako czarne charaktery w chuliga\u0144skim wybryku, stan\u0119li\u015bmy w obronie Pa\u0144stwa Polskiego, kt\u00f3re jest dezorganizowane przez ludzi pe\u0142ni\u0105cych najwy\u017csze funkcje.<\/em><\/p>\r\n<p>Od godz.10.00 pod budynkiem s\u0105du zgromadzi\u0142y si\u0119 licznie organizacje solidaryzuj\u0105ce z zatrzymanymi. Przez d\u0142ugi czas do \u015brodka nie wpuszczano zar\u00f3wno prasy, jak i publiczno\u015bci.<\/p>\r\n<p>Pod siedzib\u0105 s\u0105du przemawiali liderzy Ruchu Narodowego, zaznaczaj\u0105c \u017ce 16 listopada 2014 roku sko\u0144czy\u0142a si\u0119 demokracja. Skandowano \u201eRz\u0105d pod s\u0105d\u201d oraz wyra\u017cono owacje dla protestuj\u0105cych w siedzibie PKW, kt\u00f3rzy pokojowo przedstawiali swoje postulaty. Protest Grzegorza Brauna i Ewy Stankiewicz, z kt\u00f3rymi kilka os\u00f3b wesz\u0142o do siedziby PKW, narodowcy okre\u015blili mianem symbolicznego protestu, kt\u00f3rzy zas\u0142uguj\u0105 na solidarno\u015b\u0107.<\/p>\r\n<p>Ewa Stankiewicz w rozmowie pch24.pl oceni\u0142a jej zatrzymanie i innych os\u00f3b (w tym dziennikarzy wykonuj\u0105cych swoje obowi\u0105zki zawodowe)\u00a0 jako \u201ekolejny krok w kierunku re\u017cimu\u201d. Zapowied\u017a dymisji cz\u0142onk\u00f3w PKW oceni\u0142a jako dobry sygna\u0142, jednocze\u015bnie powiedzia\u0142a \u017ce \u201eosob\u0105 odpowiedzialn\u0105 za chaos w Polsce, kt\u00f3ra zatwierdza kandydatury cz\u0142onk\u00f3w Pa\u0144stwowej Komisji Wyborczej, jest prezydent Bronis\u0142aw Komorowski\u201d.<\/p>\r\n<p>&#8211; <em>Istota problemu tkwi w nim. To cz\u0142owiek odpowiedzialny za rozk\u0142ad demokracji w Polsce, nominalnie i prawnie. To on powinien odpowiedzie\u0107 za ten gigantyczny chaos, kt\u00f3ry mamy w kraju. Dymisja wszystkich cz\u0142onk\u00f3w PKW jest nieunikniona i konieczna do tego, \u017ceby zrobi\u0107 krok w kierunku demokracji. Ale jest to tylko pierwszy krok, poniewa\u017c \u017ar\u00f3d\u0142o problemu tkwi gdzie indziej. Ryba psuje si\u0119 od g\u0142owy. Polska psuje si\u0119 od g\u0142owy prezydenta Komorowskiego. <\/em><em>Wszyscy mamy procesy w sprawie karnej, zobaczymy co dalej. Nie jest to przyjemne by\u0107 zakutym w kajdanki, siedzie\u0107 w celi i by\u0107 ubezw\u0142asnowolnionym. Nie b\u0119d\u0119 m\u00f3wi\u0107 o szczeg\u00f3\u0142ach ogl\u0119dzin i przeszukaniach<\/em> &#8211; wyzna\u0142a Stankiewicz. \u00a0<\/p>\r\n<p>(MK)<\/p>\r\n<p>[Ca\u0142o\u015b\u0107 wraz Galeri\u0105 zdj\u0119\u0107 &#8211; na <a href=\"http:\/\/www.pch24.pl\/grzegorz-braun-i-inni-demonstranci-juz-na-wolnosci--stanelismy-w-obronie-panstwa-polskiego,32309,i.html\">stronie \u017ar\u00f3d\u0142owej<\/a>]<\/p>","protected":false},"excerpt":{"rendered":"W sobot\u0119 w S\u0105dzie Rejonowym Warszawa-\u015ar\u00f3dmie\u015bcie odbywa\u0142y si\u0119 kolejne rozprawy os\u00f3b, zatrzymanych przez policj\u0119 w nocy z czwartku na pi\u0105tek w siedzibie PKW. Po d\u0142ugim oczekiwaniu i odby\u0142a si\u0119 w trybie przyspieszonym rozprawa Grzegorza Brauna. &#8211; Nasze dzia\u0142anie nie by\u0142o daremne, a z ca\u0142\u0105 pewno\u015bci\u0105 nie by\u0142o bezzasadne &#8211; m\u00f3wi\u0142 dziennikarzom po zwolnieniu przez s\u0105d. [&hellip;]","protected":false},"author":1,"featured_media":0,"comment_status":"closed","ping_status":"closed","sticky":false,"template":"","format":"standard","meta":{"_acf_changed":false,"_monsterinsights_skip_tracking":false,"_monsterinsights_sitenote_active":false,"_monsterinsights_sitenote_note":"","_monsterinsights_sitenote_category":0,"ngg_post_thumbnail":0,"footnotes":"","_wp_rev_ctl_limit":""},"categories":[8],"tags":[147,344,92],"acf":[],"_links":{"self":[{"href":"https:\/\/www.bibula.com\/index.php?rest_route=\/wp\/v2\/posts\/77944"}],"collection":[{"href":"https:\/\/www.bibula.com\/index.php?rest_route=\/wp\/v2\/posts"}],"about":[{"href":"https:\/\/www.bibula.com\/index.php?rest_route=\/wp\/v2\/types\/post"}],"author":[{"embeddable":true,"href":"https:\/\/www.bibula.com\/index.php?rest_route=\/wp\/v2\/users\/1"}],"replies":[{"embeddable":true,"href":"https:\/\/www.bibula.com\/index.php?rest_route=%2Fwp%2Fv2%2Fcomments&post=77944"}],"version-history":[{"count":0,"href":"https:\/\/www.bibula.com\/index.php?rest_route=\/wp\/v2\/posts\/77944\/revisions"}],"wp:attachment":[{"href":"https:\/\/www.bibula.com\/index.php?rest_route=%2Fwp%2Fv2%2Fmedia&parent=77944"}],"wp:term":[{"taxonomy":"category","embeddable":true,"href":"https:\/\/www.bibula.com\/index.php?rest_route=%2Fwp%2Fv2%2Fcategories&post=77944"},{"taxonomy":"post_tag","embeddable":true,"href":"https:\/\/www.bibula.com\/index.php?rest_route=%2Fwp%2Fv2%2Ftags&post=77944"}],"curies":[{"name":"wp","href":"https:\/\/api.w.org\/{rel}","templated":true}]}}