{"id":77931,"date":"2014-11-21T23:17:01","date_gmt":"2014-11-22T04:17:01","guid":{"rendered":"http:\/\/www.bibula.com\/?p=77931"},"modified":"2014-11-21T23:17:01","modified_gmt":"2014-11-22T04:17:01","slug":"robert-winnicki-prawda-o-protescie-w-pkw","status":"publish","type":"post","link":"https:\/\/www.bibula.com\/?p=77931","title":{"rendered":"Robert Winnicki \u2013 prawda o prote\u015bcie w PKW"},"content":{"rendered":"<p>Wobec pojawiaj\u0105cych si\u0119 tu i \u00f3wdzie teorii oraz pomys\u0142\u00f3w na temat przebiegu wczorajszej manifestacji oraz strajku w PKW podaj\u0119 najwa\u017cniejsze wydarzenia w porz\u0105dku chronologicznym. <span id=\"more-39401\"><\/span><\/p>\r\n<p>1. We wtorek wieczorem, wobec kolejnych informacji obrazuj\u0105cych skal\u0119 zafa\u0142szowania tegorocznych wybor\u00f3w samorz\u0105dowych og\u0142aszam mobilizacj\u0119 struktur RN na sobotnie protesty w miastach wojew\u00f3dzkich i rozpoczynam organizacj\u0119 manifestacji w czwartek przed siedzib\u0105 PKW w Warszawie.<\/p>\r\n<p>2. \u015aroda up\u0142ywa nam na sprawach organizacyjnych manifestacji (nad logistyk\u0105 czuwa kol. Krzysztof Bosak) i analizowaniu nap\u0142ywaj\u0105cych danych oraz komentowaniu narastaj\u0105cego skandalu wyborczego. Od godzin po\u0142udniowych ch\u0119\u0107 do\u0142\u0105czenia do manifestacji deklaruj\u0105 kolejno m.in.: Solidarni 2010, KoLiber, KNP, Demokracja Bezpo\u015brednia.<\/p>\r\n<p>3. W czwartek o 17:00 rozpoczynamy manifestacj\u0119 przy ul. Wiejskiej, kt\u00f3r\u0105 mo\u017cna by\u0142o obserwowa\u0107 dzi\u0119ki transmisji po raz kolejny prowadzonej przez niezr\u00f3wnanego w takich przypadkach p. W\u0142odzimierza Skalika i jego ekip\u0119.<\/p>\r\n<p>4. Ostatnim elementem manifestacji jest przej\u015bcie pod budynek PKW, gdzie skandujemy has\u0142a i okrzyki pod adresem rz\u0105dz\u0105cych i obraduj\u0105cych s\u0119dzi\u00f3w. Ko\u0144czymy Hymnem Narodowym. Ludzie zaczynaj\u0105 si\u0119 powoli rozchodzi\u0107. Ja, po sprawdzeniu czy sprz\u0119t nag\u0142a\u015bniaj\u0105cy jest uprz\u0105tni\u0119ty, udaj\u0119 si\u0119 do siedziby RN.<\/p>\r\n<p>5. W mi\u0119dzyczasie do PKW (bez mojej wiedzy o tym) wchodzi grupa manifestant\u00f3w pod wodz\u0105 Grzegorza Brauna i Ewy Stankiewicz. Z relacji \u015bwiadk\u00f3w wynika, \u017ce cz\u0142onkowie PKW decyduj\u0105 o wpuszczeniu (zaproszeniu) ich do \u015brodka i zapewniaj\u0105 gotowo\u015b\u0107 do rozm\u00f3w. O ca\u0142ej sytuacji dowiaduj\u0119 si\u0119 b\u0119d\u0105c ju\u017c w drodze do sztabu RN. Poinformowany telefonicznie o sytuacji i zaproszony do przybycia przez inicjator\u00f3w wracam do PKW, w kt\u00f3rym grupa manifestant\u00f3w zajmuje w tym czasie sal\u0119 konferencyjn\u0105.<\/p>\r\n<p>6. Po przybyciu zastaj\u0119 ma\u0142\u0105 grup\u0119 os\u00f3b (w tym dziennikarzy) przed wej\u015bciem i zamkni\u0119te drzwi do PKW. Manifestanci obecni w \u015brodku otwieraj\u0105 drzwi przy sprzeciwie ochrony. Wchodzimy do \u015brodka grup\u0105, w kt\u00f3rej znajduj\u0119 si\u0119 m.in. ja, Krzysztof Bosak i pose\u0142 Przemys\u0142aw Wipler. Nie mieli\u015bmy w planie wchodzenia do PKW ale skoro grupa obywateli (i wyborc\u00f3w) postanowi\u0142a w tych nadzwyczajnych okoliczno\u015bciach si\u0119gn\u0105\u0107 po ten rozpaczliwy \u015brodek protestu, udzielam im pe\u0142nego poparcia. Po konsultacjach formu\u0142uj\u0119 r\u00f3wnie\u017c trzy zasadnicze postulaty:<br \/> -natychmiastowa dymisja PKW<br \/> -powt\u00f3rzenie wybor\u00f3w<br \/> -zmiana ordynacji wyborczej<\/p>\r\n<p>7. Konsultujemy sytuacj\u0119 z liderami strajku. W PKW znajduje si\u0119 niewielka liczba os\u00f3b, wej\u015bcie w mi\u0119dzyczasie obstawia policja, nie dopuszczaj\u0105c nikogo do \u015brodka i gromadz\u0105c w pobli\u017cu bardzo du\u017ce si\u0142y. Pomimo wezwa\u0144 mobilizacyjnych na zewn\u0105trz gromadzi si\u0119 zbyt ma\u0142a liczba manifestant\u00f3w by my\u015ble\u0107 o przedostaniu si\u0119 do \u015brodka. Dyskutujemy o tym jak powinni\u015bmy podzieli\u0107 role. Ja oraz Krzysztof Bosak mamy szereg zada\u0144 do wykonania na zewn\u0105trz zwi\u0105zanych z protestami w kraju, kt\u00f3re potrzebuj\u0105 koordynacji, wsparcia medialnego. Powoli padaj\u0105 nam telefony, poza Warszaw\u0105 s\u0105 inni liderzy,<a href=\"http:\/\/m.in\/\" target=\"_blank\">m.in<\/a>. Artur Zawisza, wi\u0119c spodziewane odci\u0119cie nas w PKW i\/lub ewentualne zatrzymanie doprowadzi do parali\u017cu dzia\u0142a\u0144 RN w najwa\u017cniejszym miejscu &#8211; w centrali. Dlatego decyzja jest taka, \u017ce inicjatorzy strajku zostaj\u0105 w PKW, a my wychodzimy na zewn\u0105trz.<\/p>\r\n<p>8. Jedn\u0105 z najwa\u017cniejszych przes\u0142anek jest r\u00f3wnie\u017c to, \u017ce b\u0119d\u0105c odci\u0119tymi w PKW nie b\u0119dziemy w stanie udzieli\u0107 strajkuj\u0105cym efektywnej pomocy. Dlatego siedzib\u0119 opuszczaj\u0105 najpierw K.Bosak i pos. Wipler, a po kilku godzinach &#8211; r\u00f3wnie\u017c ja. Mniej wi\u0119cej p\u00f3\u0142torej godziny po moim wyj\u015bciu nast\u0119puje wej\u015bcie si\u0142y policyjnych przez Kancelari\u0119 Prezydenta i zatrzymanie strajkuj\u0105cych. Jestem w kontakcie tel. z jedn\u0105 z grup zatrzymanych, udzielam wskaz\u00f3wek jak si\u0119 maj\u0105 zachowywa\u0107, trzymam kontakt do momentu, w kt\u00f3rym na komendzie dostaj\u0105 polecenie wy\u0142\u0105czenia telefon\u00f3w.<\/p>\r\n<p>9. Dzi\u015b od rana zajmuj\u0119 si\u0119 organizacj\u0105 pomocy prawnej. Wysy\u0142amy ludzi do monitorowania s\u0105du, utrzymujemy kontakt z Solidarnymi 2010 i dzia\u0142amy na rzecz zatrzymanych. Wieczorem udajemy si\u0119 do s\u0105du na pierwsze rozprawy. Organizujemy manifestacj\u0119 solidarno\u015bciow\u0105 jutro na 10:00. Przede wszystkim &#8211; bierzemy na siebie obron\u0119 strajkuj\u0105cych w mediach, wobec ataku jaki idzie na nich ze wszystkich absolutnie stron. Organizujemy konferencj\u0119 prasow\u0105, udzielamy szeregu wypowiedzi w ci\u0105gu dnia, walczymy o prawd\u0119 o tym prote\u015bcie.<\/p>\r\n<p>10. Uwagi ko\u0144cowe:<br \/> &#8211; nie byli\u015bmy organizatorami tego strajku (gdyby\u015bmy zaplanowali tak\u0105 akcj\u0119 to do PKW wesz\u0142oby nie 20, a 200 os\u00f3b i protestu nie byliby w stanie tak szybko spacyfikowa\u0107, a wsparcie prawnicze by\u0142oby zagwarantowane od r\u0119ki) i zostali\u015bmy nim zaskoczeni, ale od momentu, w kt\u00f3rym si\u0119 dowiedzia\u0142em o tym, \u017ce taki fakt zaistnia\u0142, Ruch Narodowy udzieli\u0142 wszelkiego mo\u017cliwego wsparcia strajkuj\u0105cym (r\u00f3wnie\u017c naszym dzia\u0142aczom i dzia\u0142aczkom)<\/p>\r\n<p>&#8211; obecno\u015b\u0107 lider\u00f3w RN w trakcie nocnego strajku w budynku PKW by\u0142aby zupe\u0142nie przeciw-skuteczna &#8211; parali\u017cowa\u0142aby dzia\u0142ania podejmowane na zewn\u0105trz i w kraju i nie da\u0142aby \u017cadnej warto\u015bci dodanej do protestu; prawda jest brutalna &#8211; gdyby\u015bmy zostali w PKW \u017cadne \u201emedialne twarze\u201d nie pojawi\u0142yby si\u0119 w pi\u0105tek 21. listopada by broni\u0107 strajkuj\u0105cych, poniewa\u017c wszyscy poza Ruchem Narodowym si\u0119 od nich odci\u0119li albo ich pot\u0119piaj\u0105<\/p>\r\n<p>&#8211; w przeciwie\u0144stwie do medi\u00f3w oraz polityk\u00f3w lewicowo-liberalnych, oraz PiS-u i jego medialnych agend (Fronda, Gazeta Polska) wyra\u017cali\u015bmy, wyra\u017camy i b\u0119dziemy wyra\u017ca\u0107 solidarno\u015b\u0107 ze strajkuj\u0105cymi obywatelami, kt\u00f3rych reakcja, wobec skali zafa\u0142szowania wybor\u00f3w samorz\u0105dowych 2014, nie jest niczym nadzwyczajnym<\/p>\r\n<p>&#8211; dobrze si\u0119 sta\u0142o, \u017ce dosz\u0142o do tego spontanicznego strajku; w Polsce mamy do czynienia z jawnym zamachem na demokratyczne procedury; nie ma \u017cadnego \u201ezagro\u017cenia dla demokracji\u201d, poniewa\u017c ta, nawet je\u015bli przyjmiemy, \u017ce by\u0142a przed 16.11.2014, to w tym dniu si\u0119 sko\u0144czy\u0142a; pa\u0144stwo jest w rozsypce, media podtrzymuj\u0105 fikcj\u0119, a parlamentarna opozycja konserwuje gnij\u0105cy system zamiast z nim walczy\u0107,<\/p>\r\n<p>Wszelkie, rozpowszechniane w temacie \u201eokupacji PKW\u201d plotki, fantazje oraz k\u0142amstwa traktuj\u0119 jako pomoc tym, kt\u00f3rzy radykalny protest przeciwko fa\u0142szerstwu wyborczemu staraj\u0105 si\u0119 sprowadzi\u0107 do dzia\u0142alno\u015bci \u201eludzi niepowa\u017cnych\u201d, \u201eprowokator\u00f3w\u201d, \u201eputinowc\u00f3w\u201d, \u201efaszyst\u00f3w\u201d, \u201ewrog\u00f3w demokracji\u201d itd. Prosz\u0119 by\u015bcie dawali odp\u00f3r temu walcowi wrogiej propagandy.<\/p>\r\n<p>Walczmy o Polsk\u0119, walczmy o prawd\u0119!<\/p>\r\n<div>\r\n<div>Pozdrawiam<br \/> Robert Winnicki<\/div>\r\n<\/div>","protected":false},"excerpt":{"rendered":"Wobec pojawiaj\u0105cych si\u0119 tu i \u00f3wdzie teorii oraz pomys\u0142\u00f3w na temat przebiegu wczorajszej manifestacji oraz strajku w PKW podaj\u0119 najwa\u017cniejsze wydarzenia w porz\u0105dku chronologicznym. 1. We wtorek wieczorem, wobec kolejnych informacji obrazuj\u0105cych skal\u0119 zafa\u0142szowania tegorocznych wybor\u00f3w samorz\u0105dowych og\u0142aszam mobilizacj\u0119 struktur RN na sobotnie protesty w miastach wojew\u00f3dzkich i rozpoczynam organizacj\u0119 manifestacji w czwartek przed siedzib\u0105 [&hellip;]","protected":false},"author":1,"featured_media":0,"comment_status":"closed","ping_status":"closed","sticky":false,"template":"","format":"standard","meta":{"_acf_changed":false,"_monsterinsights_skip_tracking":false,"_monsterinsights_sitenote_active":false,"_monsterinsights_sitenote_note":"","_monsterinsights_sitenote_category":0,"ngg_post_thumbnail":0,"footnotes":"","_wp_rev_ctl_limit":""},"categories":[8],"tags":[147,92],"acf":[],"_links":{"self":[{"href":"https:\/\/www.bibula.com\/index.php?rest_route=\/wp\/v2\/posts\/77931"}],"collection":[{"href":"https:\/\/www.bibula.com\/index.php?rest_route=\/wp\/v2\/posts"}],"about":[{"href":"https:\/\/www.bibula.com\/index.php?rest_route=\/wp\/v2\/types\/post"}],"author":[{"embeddable":true,"href":"https:\/\/www.bibula.com\/index.php?rest_route=\/wp\/v2\/users\/1"}],"replies":[{"embeddable":true,"href":"https:\/\/www.bibula.com\/index.php?rest_route=%2Fwp%2Fv2%2Fcomments&post=77931"}],"version-history":[{"count":0,"href":"https:\/\/www.bibula.com\/index.php?rest_route=\/wp\/v2\/posts\/77931\/revisions"}],"wp:attachment":[{"href":"https:\/\/www.bibula.com\/index.php?rest_route=%2Fwp%2Fv2%2Fmedia&parent=77931"}],"wp:term":[{"taxonomy":"category","embeddable":true,"href":"https:\/\/www.bibula.com\/index.php?rest_route=%2Fwp%2Fv2%2Fcategories&post=77931"},{"taxonomy":"post_tag","embeddable":true,"href":"https:\/\/www.bibula.com\/index.php?rest_route=%2Fwp%2Fv2%2Ftags&post=77931"}],"curies":[{"name":"wp","href":"https:\/\/api.w.org\/{rel}","templated":true}]}}