{"id":77924,"date":"2014-11-21T15:43:27","date_gmt":"2014-11-21T20:43:27","guid":{"rendered":"http:\/\/www.bibula.com\/?p=77924"},"modified":"2014-11-21T15:43:27","modified_gmt":"2014-11-21T20:43:27","slug":"przyszlorocznym-synodem-pokieruja-ci-sami-biskupi-ktorzy-wpisali-homo-akapity-do-dokumentu-z-tego-roku","status":"publish","type":"post","link":"https:\/\/www.bibula.com\/?p=77924","title":{"rendered":"Przysz\u0142orocznym synodem pokieruj\u0105 ci sami biskupi, kt\u00f3rzy wpisali homo-akapity do dokumentu z tego roku"},"content":{"rendered":"<p><strong>Papie\u017c Franciszek mianowa\u0142 przewodnicz\u0105cych delegowanych, relatora generalnego oraz sekretarza specjalnego XIV Zgromadzenia Og\u00f3lnego Zwyczajnego Synodu Biskup\u00f3w. B\u0119dzie ono obradowa\u0142o w Watykanie w dniach od 4-25 pa\u017adziernika 2015 pod has\u0142em: \u201ePowo\u0142anie i misja rodziny w Ko\u015bciele i \u015bwiecie wsp\u00f3\u0142czesnym\u201d.<\/strong><\/p>\r\n<p>Przewodnicz\u0105cymi delegowanymi b\u0119d\u0105, podobnie jak mia\u0142o to miejsce podczas tegorocznego Nadzwyczajnego Zgromadzenia Synodu, kardyna\u0142owie: Andr\u00c3\u00a9 Vingt-Trois, arcybiskup Pary\u017ca (Francja), Luis Antonio G. Tagle, arcybiskup Manili (Filipiny) i Raymundo Damasceno Assis, arcybiskup Aparecidy (Brazylia). Opr\u00f3cz nich czwartym przewodnicz\u0105cym delegowanym b\u0119dzie arcybiskup Durbanu, kard. Wilfrid Fox Napier OFM (Republika Po\u0142udniowej Afryki).<\/p>\r\n<p>Natomiast relatorem generalnym b\u0119dzie ponownie Prymas W\u0119gier, kard. P\u00c3\u00a9ter Erd\u00c5\u2018, za\u015b sekretarzem specjalnym &#8211; arcybiskup Chieti-Vasto we W\u0142oszech, Bruno Forte.<\/p>\r\n<p>Informacja jest co najmniej zaskakuj\u0105ca.\u00a0Arcybiskup Forte jest autorem trzech kontrowersyjnych punkt\u00f3w zaprezentowanych w tegorocznym \u201eRelatio post disceptationem\u201d. Tezy s\u0105 jego osobistymi wnioskami, kt\u00f3re znalaz\u0142y si\u0119 w dokumencie wy\u0142\u0105cznie z woli tego duchownego. Informacje te, podane najpierw przez w\u0142oskich watykanist\u00f3w, potwierdzi\u0142a teraz agencja prasowa Associated Press. We w\u0142oskich mediach pojawi\u0142o si\u0119 ju\u017c nawet sformu\u0142owanie m\u00f3wi\u0105ce o &#8222;w\u0142asnej wersji Ewangelii&#8221; arcybiskupa Forte.\u00a0<\/p>\r\n<p>Kardyna\u0142\u00a0P\u00c3\u00a9ter Erd\u00c5\u2018 by\u0142 podczas ostatniego synodu zwierzchnikiem abp. Forte. Stwierdzi\u0142 on, \u017ce nie ma nic wsp\u00f3lnego z wpisanymi przez w\u0142oskiego duchownego akapitami, gdy\u017c by\u0142y one jego osobistym wtr\u0119tem.\u00a0Kardyna\u0142 Erd\u00c5\u2018 nie uzna\u0142 za stosowne przeczytania dokumentu, kt\u00f3ry wywo\u0142a\u0142 burz\u0119 w ca\u0142ym katolickim \u015bwiecie, a kt\u00f3ry to dokument przypisywany jest jemu, jako relatorowi generalnemu.\u00a0<\/p>\r\n<p>KAI<\/p>\r\n<p>malk<\/p>","protected":false},"excerpt":{"rendered":"Papie\u017c Franciszek mianowa\u0142 przewodnicz\u0105cych delegowanych, relatora generalnego oraz sekretarza specjalnego XIV Zgromadzenia Og\u00f3lnego Zwyczajnego Synodu Biskup\u00f3w. B\u0119dzie ono obradowa\u0142o w Watykanie w dniach od 4-25 pa\u017adziernika 2015 pod has\u0142em: \u201ePowo\u0142anie i misja rodziny w Ko\u015bciele i \u015bwiecie wsp\u00f3\u0142czesnym\u201d. Przewodnicz\u0105cymi delegowanymi b\u0119d\u0105, podobnie jak mia\u0142o to miejsce podczas tegorocznego Nadzwyczajnego Zgromadzenia Synodu, kardyna\u0142owie: Andr\u00c3\u00a9 Vingt-Trois, arcybiskup [&hellip;]","protected":false},"author":1,"featured_media":0,"comment_status":"closed","ping_status":"closed","sticky":false,"template":"","format":"standard","meta":{"_acf_changed":false,"_monsterinsights_skip_tracking":false,"_monsterinsights_sitenote_active":false,"_monsterinsights_sitenote_note":"","_monsterinsights_sitenote_category":0,"ngg_post_thumbnail":0,"footnotes":"","_wp_rev_ctl_limit":""},"categories":[3],"tags":[301,26,41,33],"acf":[],"_links":{"self":[{"href":"https:\/\/www.bibula.com\/index.php?rest_route=\/wp\/v2\/posts\/77924"}],"collection":[{"href":"https:\/\/www.bibula.com\/index.php?rest_route=\/wp\/v2\/posts"}],"about":[{"href":"https:\/\/www.bibula.com\/index.php?rest_route=\/wp\/v2\/types\/post"}],"author":[{"embeddable":true,"href":"https:\/\/www.bibula.com\/index.php?rest_route=\/wp\/v2\/users\/1"}],"replies":[{"embeddable":true,"href":"https:\/\/www.bibula.com\/index.php?rest_route=%2Fwp%2Fv2%2Fcomments&post=77924"}],"version-history":[{"count":0,"href":"https:\/\/www.bibula.com\/index.php?rest_route=\/wp\/v2\/posts\/77924\/revisions"}],"wp:attachment":[{"href":"https:\/\/www.bibula.com\/index.php?rest_route=%2Fwp%2Fv2%2Fmedia&parent=77924"}],"wp:term":[{"taxonomy":"category","embeddable":true,"href":"https:\/\/www.bibula.com\/index.php?rest_route=%2Fwp%2Fv2%2Fcategories&post=77924"},{"taxonomy":"post_tag","embeddable":true,"href":"https:\/\/www.bibula.com\/index.php?rest_route=%2Fwp%2Fv2%2Ftags&post=77924"}],"curies":[{"name":"wp","href":"https:\/\/api.w.org\/{rel}","templated":true}]}}